{"id":1045,"date":"2024-10-10T15:47:00","date_gmt":"2024-10-10T13:47:00","guid":{"rendered":"https:\/\/passioneprofessionale.it\/blog\/?p=1045"},"modified":"2024-12-02T15:49:52","modified_gmt":"2024-12-02T13:49:52","slug":"conditioner-capelli-come-si-usa","status":"publish","type":"post","link":"https:\/\/passioneprofessionale.it\/blog\/conditioner-capelli-come-si-usa\/","title":{"rendered":"Conditioner per capelli: come si usa"},"content":{"rendered":"\n<p>Capire come usare correttamente il <strong>conditioner <\/strong>\u00e8 essenziale per chiunque voglia avere capelli sani, morbidi e luminosi.&nbsp;<\/p>\n\n\n\n<p>Molte persone sottovalutano l&#8217;importanza di questo passaggio, pensando che il solo shampoo possa bastare per mantenere i capelli puliti e in salute. Tuttavia, l&#8217;uso del conditioner \u00e8 essenziale per ottenere <strong>capelli pi\u00f9 facili da gestire <\/strong>e realizzare una messa in piega migliore. Inoltre, i conditioner sono anche appositamente formulati per <strong>trattare alcune condizioni e problematiche<\/strong> che possono riguardare specifiche tipologie di capelli.<\/p>\n\n\n\n<p>Ne siamo ben consapevoli noi di<strong> Passione Professionale<\/strong>, che da anni ci occupiamo di <a href=\"https:\/\/passioneprofessionale.it\/forniture-estetiste\"><strong>forniture per estetiste<\/strong><\/a><strong> e parrucchieri<\/strong> e abbiamo scelto di offrire un&#8217;ampia gamma di prodotti adatti a diverse esigenze.&nbsp;<\/p>\n\n\n\n<p>Prima di scoprire, per\u00f2, come scegliere il conditioner pi\u00f9 adatto al proprio tipo di capelli, vediamo come si usa e quando si applica.&nbsp;<\/p>\n\n\n\n<h2 class=\"wp-block-heading\">Conditioner: quando e come si usa&nbsp;<\/h2>\n\n\n\n<p>L&#8217;applicazione del conditioner richiede attenzione e metodo. Dopo aver lavato i capelli con uno shampoo adeguato al proprio tipo di capelli e cuoio capelluto, \u00e8 necessario <strong>strizzare l&#8217;acqua in eccesso<\/strong>, tamponando i capelli con un asciugamano, evitando di strofinarli, per non danneggiare i capelli ancora umidi e vulnerabili.&nbsp;<\/p>\n\n\n\n<p>Successivamente bisogner\u00e0<strong> applicare una noce di conditione<\/strong>r, insistendo sulle punte e le lunghezze, che sono la parte pi\u00f9 vecchia e quindi pi\u00f9 danneggiata dei capelli. Per chi ha capelli particolarmente grassi, meglio evitare di applicare il conditioner sul cuoio capelluto e sulle radici.<\/p>\n\n\n\n<p>Il conditioner deve essere <strong>applicato uniformemente <\/strong>con le dita o con un pettine a denti larghi per distribuirlo su tutta la lunghezza e per evitare accumuli in punti specifici che potrebbero appesantire i capelli. Infine, \u00e8 essenziale <strong>lasciare in posa<\/strong> il conditioner per il tempo indicato sulla confezione e <strong>risciacquare accuratamente<\/strong> con acqua tiepida.&nbsp;<\/p>\n\n\n<style>.elementor-58 .elementor-element.elementor-element-f330585:not(.elementor-motion-effects-element-type-background), .elementor-58 .elementor-element.elementor-element-f330585 > .elementor-motion-effects-container > .elementor-motion-effects-layer{background-image:url(\"https:\/\/passioneprofessionale.it\/blog\/wp-content\/uploads\/2021\/06\/beauty-service-shop-pro.jpg\");background-position:center center;background-size:cover;}.elementor-58 .elementor-element.elementor-element-f330585 > .elementor-background-overlay{background-color:#000000;opacity:0.5;mix-blend-mode:multiply;transition:background 0.3s, border-radius 0.3s, opacity 0.3s;}.elementor-58 .elementor-element.elementor-element-f330585{border-style:solid;border-width:5px 5px 5px 5px;border-color:var( --e-global-color-primary );transition:background 0.3s, border 0.3s, border-radius 0.3s, box-shadow 0.3s;margin-top:50px;margin-bottom:50px;}.elementor-58 .elementor-element.elementor-element-f330585, .elementor-58 .elementor-element.elementor-element-f330585 > .elementor-background-overlay{border-radius:25px 25px 25px 25px;}.elementor-58 .elementor-element.elementor-element-9c8a140{--spacer-size:50px;}.elementor-widget-text-editor{font-family:var( --e-global-typography-text-font-family ), Sans-serif;font-weight:var( --e-global-typography-text-font-weight );color:var( --e-global-color-text );}.elementor-widget-text-editor.elementor-drop-cap-view-stacked .elementor-drop-cap{background-color:var( --e-global-color-primary );}.elementor-widget-text-editor.elementor-drop-cap-view-framed .elementor-drop-cap, .elementor-widget-text-editor.elementor-drop-cap-view-default .elementor-drop-cap{color:var( --e-global-color-primary );border-color:var( --e-global-color-primary );}.elementor-58 .elementor-element.elementor-element-2abb24b{text-align:center;color:#FFFFFF;}.elementor-widget-button .elementor-button{font-family:var( --e-global-typography-accent-font-family ), Sans-serif;font-weight:var( --e-global-typography-accent-font-weight );background-color:var( --e-global-color-accent );}.elementor-58 .elementor-element.elementor-element-413434d{--spacer-size:50px;}@media(max-width:1024px){.elementor-58 .elementor-element.elementor-element-f330585{margin-top:25px;margin-bottom:25px;}}<\/style>\t\t<div data-elementor-type=\"section\" data-elementor-id=\"58\" class=\"elementor elementor-58\" data-elementor-post-type=\"elementor_library\">\n\t\t\t\t\t<section class=\"elementor-section elementor-top-section elementor-element elementor-element-f330585 elementor-section-boxed elementor-section-height-default elementor-section-height-default\" data-id=\"f330585\" data-element_type=\"section\" data-e-type=\"section\" data-settings=\"{&quot;background_background&quot;:&quot;classic&quot;}\">\n\t\t\t\t\t\t\t<div class=\"elementor-background-overlay\"><\/div>\n\t\t\t\t\t\t\t<div class=\"elementor-container elementor-column-gap-default\">\n\t\t\t\t\t<div class=\"elementor-column elementor-col-100 elementor-top-column elementor-element elementor-element-6b60505\" data-id=\"6b60505\" data-element_type=\"column\" data-e-type=\"column\">\n\t\t\t<div class=\"elementor-widget-wrap elementor-element-populated\">\n\t\t\t\t\t\t<div class=\"elementor-element elementor-element-9c8a140 elementor-widget elementor-widget-spacer\" data-id=\"9c8a140\" data-element_type=\"widget\" data-e-type=\"widget\" data-widget_type=\"spacer.default\">\n\t\t\t\t<div class=\"elementor-widget-container\">\n\t\t\t\t\t\t\t<div class=\"elementor-spacer\">\n\t\t\t<div class=\"elementor-spacer-inner\"><\/div>\n\t\t<\/div>\n\t\t\t\t\t\t<\/div>\n\t\t\t\t<\/div>\n\t\t\t\t<div class=\"elementor-element elementor-element-2abb24b elementor-widget elementor-widget-text-editor\" data-id=\"2abb24b\" data-element_type=\"widget\" data-e-type=\"widget\" data-widget_type=\"text-editor.default\">\n\t\t\t\t<div class=\"elementor-widget-container\">\n\t\t\t\t\t\t\t\t\t<h3>Richiedi l&#8217;accesso a<\/h3><h2>Passione Professionale PRO<\/h2><p>Scopri il listino riservato ai professionisti\u00a0<\/p>\t\t\t\t\t\t\t\t<\/div>\n\t\t\t\t<\/div>\n\t\t\t\t<div class=\"elementor-element elementor-element-b2992aa elementor-align-center elementor-widget elementor-widget-button\" data-id=\"b2992aa\" data-element_type=\"widget\" data-e-type=\"widget\" data-widget_type=\"button.default\">\n\t\t\t\t<div class=\"elementor-widget-container\">\n\t\t\t\t\t\t\t\t\t<div class=\"elementor-button-wrapper\">\n\t\t\t\t\t<a class=\"elementor-button elementor-button-link elementor-size-sm\" href=\"https:\/\/passioneprofessionale.it\/pro\/\">\n\t\t\t\t\t\t<span class=\"elementor-button-content-wrapper\">\n\t\t\t\t\t\t\t\t\t<span class=\"elementor-button-text\">DIVENTA PRO<\/span>\n\t\t\t\t\t<\/span>\n\t\t\t\t\t<\/a>\n\t\t\t\t<\/div>\n\t\t\t\t\t\t\t\t<\/div>\n\t\t\t\t<\/div>\n\t\t\t\t<div class=\"elementor-element elementor-element-413434d elementor-widget elementor-widget-spacer\" data-id=\"413434d\" data-element_type=\"widget\" data-e-type=\"widget\" data-widget_type=\"spacer.default\">\n\t\t\t\t<div class=\"elementor-widget-container\">\n\t\t\t\t\t\t\t<div class=\"elementor-spacer\">\n\t\t\t<div class=\"elementor-spacer-inner\"><\/div>\n\t\t<\/div>\n\t\t\t\t\t\t<\/div>\n\t\t\t\t<\/div>\n\t\t\t\t\t<\/div>\n\t\t<\/div>\n\t\t\t\t\t<\/div>\n\t\t<\/section>\n\t\t\t\t<\/div>\n\t\t\n\n\n<h2 class=\"wp-block-heading\">Come scegliere il conditioner pi\u00f9 adatto al tuo tipo di capelli<\/h2>\n\n\n\n<p>La scelta del conditioner giusto \u00e8 vitale per trattare specifiche esigenze dei capelli e per ottenere i migliori risultati. Esistono <strong>diverse formulazioni di conditioner<\/strong> adatte per ogni tipo di capello: per capelli colorati, per capelli secchi, per capelli grassi, per capelli danneggiati, e cos\u00ec via.&nbsp;<\/p>\n\n\n\n<p>Per esempio, i <strong>capelli colorati <\/strong>possono beneficiare di conditioner che contengono ingredienti che proteggono il colore e ne prevengono lo sbiadimento. I <strong>capelli secch<\/strong>i, d&#8217;altra parte, necessitano di prodotti altamente idratanti e nutrienti che possano ripristinare l&#8217;equilibrio idrico e nutrire in profondit\u00e0.<\/p>\n\n\n\n<p><strong>Capelli sottili e fini<\/strong> richiedono un approccio leggero per non appesantirli, preferendo quindi conditioner volumizzanti che donano corpo e movimento senza soffocare la radice. Invece, i <strong>capelli crespi o molto ricci <\/strong>traggono grande beneficio da formulazioni ricche e profondamente idratanti, che aiutano a definire i ricci e a controllare l&#8217;effetto crespo.&nbsp;<\/p>\n\n\n\n<p>Vediamo, dunque, quali sono i migliori conditioner indicati per alcune tipologie di capelli.&nbsp;<\/p>\n\n\n\n<h2 class=\"wp-block-heading\">Conditioner per capelli: quali sono i migliori&nbsp;<\/h2>\n\n\n\n<p>Sia che si abbiano capelli secchi, danneggiati, fini, grassi, lisci, ricci o colorati, esiste un conditioner che pu\u00f2 fare la differenza nel mantenerli belli e sani, vediamone alcuni esempi:&nbsp;<\/p>\n\n\n\n<div class=\"wp-block-media-text is-stacked-on-mobile\"><figure class=\"wp-block-media-text__media\"><img fetchpriority=\"high\" decoding=\"async\" width=\"792\" height=\"1024\" src=\"https:\/\/passioneprofessionale.it\/blog\/wp-content\/uploads\/2024\/12\/alfaparf-yellow-conditioner-liss-500-ml-792x1024.jpg\" alt=\"\" class=\"wp-image-1037 size-full\" srcset=\"https:\/\/passioneprofessionale.it\/blog\/wp-content\/uploads\/2024\/12\/alfaparf-yellow-conditioner-liss-500-ml-792x1024.jpg 792w, https:\/\/passioneprofessionale.it\/blog\/wp-content\/uploads\/2024\/12\/alfaparf-yellow-conditioner-liss-500-ml-232x300.jpg 232w, https:\/\/passioneprofessionale.it\/blog\/wp-content\/uploads\/2024\/12\/alfaparf-yellow-conditioner-liss-500-ml-768x993.jpg 768w, https:\/\/passioneprofessionale.it\/blog\/wp-content\/uploads\/2024\/12\/alfaparf-yellow-conditioner-liss-500-ml.jpg 1100w\" sizes=\"(max-width: 792px) 100vw, 792px\" \/><\/figure><div class=\"wp-block-media-text__content\">\n<p><strong>ALFAPARF YELLOW CONDITIONER LISS<\/strong>: questo prodotto \u00e8 ideale per chi lotta quotidianamente con capelli lisci che tendono a crespare. <a href=\"https:\/\/passioneprofessionale.it\/alfaparf-yellow-conditioner-liss-500-ml\"><strong>ALFAPARF YELLOW CONDITIONER LISS<\/strong><\/a>, infatti, \u00e8 un conditioner appositamente progettato per mantenere i capelli lisci pi\u00f9 a lungo, anche in condizioni di alta umidit\u00e0. La sua formula \u00e8 potenziata dalla presenza della <strong>Keratin-Ht<\/strong>, una cheratina di alta tecnologia che penetra nelle strutture capillari danneggiate, riparandole e rinforzandole dall&#8217;interno. L&#8217;<strong>olio di amaranto<\/strong>, un altro componente chiave, esercita invece propriet\u00e0 antiumidit\u00e0 e anticrespo, assicurando che i capelli lisci rimangano morbidi, gestibili e pi\u00f9 forti e resistenti agli stress ambientali.<\/p>\n<\/div><\/div>\n\n\n\n<div class=\"wp-block-media-text has-media-on-the-right is-stacked-on-mobile\"><div class=\"wp-block-media-text__content\">\n<p><strong>ALFAPARF YELLOW CONDITIONER RISTRUTTURANTE<\/strong>: una soluzione mirata e efficace contro i capelli danneggiati. <a href=\"https:\/\/passioneprofessionale.it\/alfaparf-yellow-conditioner-ristrutturante-500-ml\"><strong>ALFAPARF YELLOW CONDITIONER RISTRUTTURANTE<\/strong><\/a> \u00e8 ricco di<strong> proteine della mandorla<\/strong> e <strong>burro di cacao<\/strong>, ingredienti noti per le loro propriet\u00e0 nutritive e rinforzanti. Le proteine della mandorla aiutano a <strong>ristabilire i legami cheratinici<\/strong> all&#8217;interno della fibra capillare, mentre il burro di cacao fornisce un&#8217;intensa <strong>idratazione e nutrimento<\/strong>, rendendo i capelli morbidi e rivitalizzati.\u00a0<\/p>\n<\/div><figure class=\"wp-block-media-text__media\"><img decoding=\"async\" width=\"792\" height=\"1024\" src=\"https:\/\/passioneprofessionale.it\/blog\/wp-content\/uploads\/2024\/12\/alfaparf-yellow-conditioner-ristrutturante-500-ml-792x1024.jpg\" alt=\"\" class=\"wp-image-1046 size-full\" srcset=\"https:\/\/passioneprofessionale.it\/blog\/wp-content\/uploads\/2024\/12\/alfaparf-yellow-conditioner-ristrutturante-500-ml-792x1024.jpg 792w, https:\/\/passioneprofessionale.it\/blog\/wp-content\/uploads\/2024\/12\/alfaparf-yellow-conditioner-ristrutturante-500-ml-232x300.jpg 232w, https:\/\/passioneprofessionale.it\/blog\/wp-content\/uploads\/2024\/12\/alfaparf-yellow-conditioner-ristrutturante-500-ml-768x993.jpg 768w, https:\/\/passioneprofessionale.it\/blog\/wp-content\/uploads\/2024\/12\/alfaparf-yellow-conditioner-ristrutturante-500-ml.jpg 1100w\" sizes=\"(max-width: 792px) 100vw, 792px\" \/><\/figure><\/div>\n\n\n\n<div class=\"wp-block-media-text is-stacked-on-mobile\"><figure class=\"wp-block-media-text__media\"><img decoding=\"async\" width=\"792\" height=\"1024\" src=\"https:\/\/passioneprofessionale.it\/blog\/wp-content\/uploads\/2024\/12\/alfaparf-yellow-curls-conditioner-500-ml-792x1024.jpg\" alt=\"\" class=\"wp-image-1038 size-full\" srcset=\"https:\/\/passioneprofessionale.it\/blog\/wp-content\/uploads\/2024\/12\/alfaparf-yellow-curls-conditioner-500-ml-792x1024.jpg 792w, https:\/\/passioneprofessionale.it\/blog\/wp-content\/uploads\/2024\/12\/alfaparf-yellow-curls-conditioner-500-ml-232x300.jpg 232w, https:\/\/passioneprofessionale.it\/blog\/wp-content\/uploads\/2024\/12\/alfaparf-yellow-curls-conditioner-500-ml-768x993.jpg 768w, https:\/\/passioneprofessionale.it\/blog\/wp-content\/uploads\/2024\/12\/alfaparf-yellow-curls-conditioner-500-ml.jpg 1100w\" sizes=\"(max-width: 792px) 100vw, 792px\" \/><\/figure><div class=\"wp-block-media-text__content\">\n<p><strong>ALFAPARF YELLOW CURLS CONDITIONER<\/strong>: per chi ha capelli ricci, la gestione quotidiana pu\u00f2 essere una sfida. <a href=\"https:\/\/passioneprofessionale.it\/alfaparf-yellow-curls-low-shampoo-500-ml\"><strong>ALFAPARF YELLOW CURLS CONDITIONER<\/strong><\/a> rende l\u2019hair styling dei ricci decisamente pi\u00f9 semplice. La sua formula leggera ma nutriente \u00e8 perfetta per trattare i ricci senza appesantirli. L&#8217;<strong>olio di baobab<\/strong> e il <strong>burro di mango<\/strong> sono i protagonisti in questo prodotto, offrendo un&#8217;idratazione straordinaria e benefici nutritivi senza lasciare residui pesanti. Questi ingredienti naturali aiutano a disciplinare e definire i ricci, <strong>migliorando la loro gestibilit\u00e0 e riducendo il crespo<\/strong>.\u00a0<\/p>\n<\/div><\/div>\n\n\n\n<p>Puoi trovare tutti i conditioner per capelli <strong>ALFAPARF <\/strong>nel negozio online di <a href=\"https:\/\/passioneprofessionale.it\/forniture-parrucchieri\"><strong>forniture per parrucchieri<\/strong><\/a> di Passione Professionale.&nbsp;<\/p>\n","protected":false},"excerpt":{"rendered":"<p>Capire come usare correttamente il conditioner \u00e8 essenziale per chiunque voglia avere capelli sani, morbidi e luminosi.&nbsp; Molte persone sottovalutano l&#8217;importanza di questo passaggio, pensando che il solo shampoo possa bastare per mantenere i capelli puliti e in salute. Tuttavia, l&#8217;uso del conditioner \u00e8 essenziale per ottenere capelli pi\u00f9 facili da gestire e realizzare una [&hellip;]<\/p>\n","protected":false},"author":1,"featured_media":1047,"comment_status":"open","ping_status":"closed","sticky":false,"template":"","format":"standard","meta":{"footnotes":""},"categories":[7],"tags":[],"class_list":["post-1045","post","type-post","status-publish","format-standard","has-post-thumbnail","hentry","category-parrucchieri"],"_links":{"self":[{"href":"https:\/\/passioneprofessionale.it\/blog\/wp-json\/wp\/v2\/posts\/1045","targetHints":{"allow":["GET"]}}],"collection":[{"href":"https:\/\/passioneprofessionale.it\/blog\/wp-json\/wp\/v2\/posts"}],"about":[{"href":"https:\/\/passioneprofessionale.it\/blog\/wp-json\/wp\/v2\/types\/post"}],"author":[{"embeddable":true,"href":"https:\/\/passioneprofessionale.it\/blog\/wp-json\/wp\/v2\/users\/1"}],"replies":[{"embeddable":true,"href":"https:\/\/passioneprofessionale.it\/blog\/wp-json\/wp\/v2\/comments?post=1045"}],"version-history":[{"count":1,"href":"https:\/\/passioneprofessionale.it\/blog\/wp-json\/wp\/v2\/posts\/1045\/revisions"}],"predecessor-version":[{"id":1048,"href":"https:\/\/passioneprofessionale.it\/blog\/wp-json\/wp\/v2\/posts\/1045\/revisions\/1048"}],"wp:featuredmedia":[{"embeddable":true,"href":"https:\/\/passioneprofessionale.it\/blog\/wp-json\/wp\/v2\/media\/1047"}],"wp:attachment":[{"href":"https:\/\/passioneprofessionale.it\/blog\/wp-json\/wp\/v2\/media?parent=1045"}],"wp:term":[{"taxonomy":"category","embeddable":true,"href":"https:\/\/passioneprofessionale.it\/blog\/wp-json\/wp\/v2\/categories?post=1045"},{"taxonomy":"post_tag","embeddable":true,"href":"https:\/\/passioneprofessionale.it\/blog\/wp-json\/wp\/v2\/tags?post=1045"}],"curies":[{"name":"wp","href":"https:\/\/api.w.org\/{rel}","templated":true}]}}