{"id":1093,"date":"2024-12-19T18:22:00","date_gmt":"2024-12-19T16:22:00","guid":{"rendered":"https:\/\/passioneprofessionale.it\/blog\/?p=1093"},"modified":"2025-01-14T18:22:07","modified_gmt":"2025-01-14T16:22:07","slug":"decolorazione","status":"publish","type":"post","link":"https:\/\/passioneprofessionale.it\/blog\/decolorazione\/","title":{"rendered":"Decolorazione: davvero rovina i capelli e fa male?"},"content":{"rendered":"\n<p><\/p>\n\n\n\n<p>La <strong>decolorazione<\/strong> \u00e8 una delle tecniche pi\u00f9 richieste nei saloni di parrucchieri, amata da molti clienti per la sua capacit\u00e0 di<strong> trasformare radicalmente l&#8217;aspetto dei capelli<\/strong>. Tuttavia, i dubbi sulla sua sicurezza e gli effetti a lungo termine sui capelli sono un tema costante di discussione tra i professionisti e i loro clienti.<\/p>\n\n\n\n<p>In questo articolo di <strong>Passione Professionale<\/strong>, negozio di<strong> <\/strong><a href=\"https:\/\/passioneprofessionale.it\/forniture-parrucchieri\"><strong>forniture per parrucchieri <\/strong><\/a><strong>ed estetiste<\/strong>, esploreremo in dettaglio tutto ci\u00f2 che riguarda la decolorazione dei capelli, cercando di rispondere alla domanda pi\u00f9 gettonata quando si parla di questo tipo di trattamento:<strong> fa davvero male ai capelli?<\/strong>. Inoltre, offriamo consigli su come eseguirla nel modo pi\u00f9 sicuro ed efficace.&nbsp;<\/p>\n\n\n\n<h2 class=\"wp-block-heading\">La decolorazione ai capelli fa male? Tutti gli effetti<\/h2>\n\n\n\n<p>Decolorare i capelli significa <strong>rimuovere il pigmento naturale<\/strong> o il colorante attraverso un processo chimico che solitamente impiega<strong> perossido di idrogeno <\/strong>e <strong>ammoniaca<\/strong>. Questi agenti chimici aprono le cuticole dei capelli per permettere al prodotto decolorante di penetrare nel <strong>cortex<\/strong>, dove decompone i pigmenti naturali.&nbsp;<\/p>\n\n\n\n<p>Questo processo pu\u00f2<strong> indebolire i capelli<\/strong>, poich\u00e9 la cuticola, una volta aperta, pu\u00f2 non chiudersi completamente, lasciando i capelli esposti a ulteriori danni ambientali.<\/p>\n\n\n\n<p>La struttura del capello subisce uno stress notevole durante la decolorazione, in particolare quando si cerca di ottenere<strong> schiariture molto marcate<\/strong>. Oltre alla perdita di pigmento, i capelli possono diventare <strong>pi\u00f9 porosi<\/strong>, rendendoli suscettibili a rotture e ad altri tipi di danni, specialmente se non vengono trattati adeguatamente durante e dopo il processo.<\/p>\n\n\n\n<p>A breve termine, i capelli possono apparire <strong>secchi, crespi e fragili<\/strong>. Questo \u00e8 spesso il risultato dell&#8217;apertura delle cuticole e della perdita di idratazione naturale. Se la decolorazione \u00e8 eseguita in modo scorretto o troppo frequentemente, i capelli possono subire danni a lungo termine, come p<strong>erdita di lucentezza<\/strong>, <strong>elasticit\u00e0 ridotta<\/strong> e, in casi, <strong>rottura<\/strong>. Nei casi pi\u00f9 gravi, la struttura del capello pu\u00f2 essere cos\u00ec compromessa da rendere difficile anche l\u2019applicazione di trattamenti riparatori.<\/p>\n\n\n<style>.elementor-58 .elementor-element.elementor-element-f330585:not(.elementor-motion-effects-element-type-background), .elementor-58 .elementor-element.elementor-element-f330585 > .elementor-motion-effects-container > .elementor-motion-effects-layer{background-image:url(\"https:\/\/passioneprofessionale.it\/blog\/wp-content\/uploads\/2021\/06\/beauty-service-shop-pro.jpg\");background-position:center center;background-size:cover;}.elementor-58 .elementor-element.elementor-element-f330585 > .elementor-background-overlay{background-color:#000000;opacity:0.5;mix-blend-mode:multiply;transition:background 0.3s, border-radius 0.3s, opacity 0.3s;}.elementor-58 .elementor-element.elementor-element-f330585{border-style:solid;border-width:5px 5px 5px 5px;border-color:var( --e-global-color-primary );transition:background 0.3s, border 0.3s, border-radius 0.3s, box-shadow 0.3s;margin-top:50px;margin-bottom:50px;}.elementor-58 .elementor-element.elementor-element-f330585, .elementor-58 .elementor-element.elementor-element-f330585 > .elementor-background-overlay{border-radius:25px 25px 25px 25px;}.elementor-58 .elementor-element.elementor-element-9c8a140{--spacer-size:50px;}.elementor-widget-text-editor{font-family:var( --e-global-typography-text-font-family ), Sans-serif;font-weight:var( --e-global-typography-text-font-weight );color:var( --e-global-color-text );}.elementor-widget-text-editor.elementor-drop-cap-view-stacked .elementor-drop-cap{background-color:var( --e-global-color-primary );}.elementor-widget-text-editor.elementor-drop-cap-view-framed .elementor-drop-cap, .elementor-widget-text-editor.elementor-drop-cap-view-default .elementor-drop-cap{color:var( --e-global-color-primary );border-color:var( --e-global-color-primary );}.elementor-58 .elementor-element.elementor-element-2abb24b{text-align:center;color:#FFFFFF;}.elementor-widget-button .elementor-button{font-family:var( --e-global-typography-accent-font-family ), Sans-serif;font-weight:var( --e-global-typography-accent-font-weight );background-color:var( --e-global-color-accent );}.elementor-58 .elementor-element.elementor-element-413434d{--spacer-size:50px;}@media(max-width:1024px){.elementor-58 .elementor-element.elementor-element-f330585{margin-top:25px;margin-bottom:25px;}}<\/style>\t\t<div data-elementor-type=\"section\" data-elementor-id=\"58\" class=\"elementor elementor-58\" data-elementor-post-type=\"elementor_library\">\n\t\t\t\t\t<section class=\"elementor-section elementor-top-section elementor-element elementor-element-f330585 elementor-section-boxed elementor-section-height-default elementor-section-height-default\" data-id=\"f330585\" data-element_type=\"section\" data-e-type=\"section\" data-settings=\"{&quot;background_background&quot;:&quot;classic&quot;}\">\n\t\t\t\t\t\t\t<div class=\"elementor-background-overlay\"><\/div>\n\t\t\t\t\t\t\t<div class=\"elementor-container elementor-column-gap-default\">\n\t\t\t\t\t<div class=\"elementor-column elementor-col-100 elementor-top-column elementor-element elementor-element-6b60505\" data-id=\"6b60505\" data-element_type=\"column\" data-e-type=\"column\">\n\t\t\t<div class=\"elementor-widget-wrap elementor-element-populated\">\n\t\t\t\t\t\t<div class=\"elementor-element elementor-element-9c8a140 elementor-widget elementor-widget-spacer\" data-id=\"9c8a140\" data-element_type=\"widget\" data-e-type=\"widget\" data-widget_type=\"spacer.default\">\n\t\t\t\t<div class=\"elementor-widget-container\">\n\t\t\t\t\t\t\t<div class=\"elementor-spacer\">\n\t\t\t<div class=\"elementor-spacer-inner\"><\/div>\n\t\t<\/div>\n\t\t\t\t\t\t<\/div>\n\t\t\t\t<\/div>\n\t\t\t\t<div class=\"elementor-element elementor-element-2abb24b elementor-widget elementor-widget-text-editor\" data-id=\"2abb24b\" data-element_type=\"widget\" data-e-type=\"widget\" data-widget_type=\"text-editor.default\">\n\t\t\t\t<div class=\"elementor-widget-container\">\n\t\t\t\t\t\t\t\t\t<h3>Richiedi l&#8217;accesso a<\/h3><h2>Passione Professionale PRO<\/h2><p>Scopri il listino riservato ai professionisti\u00a0<\/p>\t\t\t\t\t\t\t\t<\/div>\n\t\t\t\t<\/div>\n\t\t\t\t<div class=\"elementor-element elementor-element-b2992aa elementor-align-center elementor-widget elementor-widget-button\" data-id=\"b2992aa\" data-element_type=\"widget\" data-e-type=\"widget\" data-widget_type=\"button.default\">\n\t\t\t\t<div class=\"elementor-widget-container\">\n\t\t\t\t\t\t\t\t\t<div class=\"elementor-button-wrapper\">\n\t\t\t\t\t<a class=\"elementor-button elementor-button-link elementor-size-sm\" href=\"https:\/\/passioneprofessionale.it\/pro\/\">\n\t\t\t\t\t\t<span class=\"elementor-button-content-wrapper\">\n\t\t\t\t\t\t\t\t\t<span class=\"elementor-button-text\">DIVENTA PRO<\/span>\n\t\t\t\t\t<\/span>\n\t\t\t\t\t<\/a>\n\t\t\t\t<\/div>\n\t\t\t\t\t\t\t\t<\/div>\n\t\t\t\t<\/div>\n\t\t\t\t<div class=\"elementor-element elementor-element-413434d elementor-widget elementor-widget-spacer\" data-id=\"413434d\" data-element_type=\"widget\" data-e-type=\"widget\" data-widget_type=\"spacer.default\">\n\t\t\t\t<div class=\"elementor-widget-container\">\n\t\t\t\t\t\t\t<div class=\"elementor-spacer\">\n\t\t\t<div class=\"elementor-spacer-inner\"><\/div>\n\t\t<\/div>\n\t\t\t\t\t\t<\/div>\n\t\t\t\t<\/div>\n\t\t\t\t\t<\/div>\n\t\t<\/div>\n\t\t\t\t\t<\/div>\n\t\t<\/section>\n\t\t\t\t<\/div>\n\t\t\n\n\n<h2 class=\"wp-block-heading\">Decolorazione: i consigli per non rovinare i capelli<\/h2>\n\n\n\n<p>Per ottenere risultati eccellenti e mantenere la salute dei capelli durante la decolorazione, ci sono<strong> 5 consigli fondamentali<\/strong> che ogni parrucchiere professionista dovrebbe sempre tenere a mente:<\/p>\n\n\n\n<div class=\"wp-block-media-text is-stacked-on-mobile\"><figure class=\"wp-block-media-text__media\"><img fetchpriority=\"high\" decoding=\"async\" width=\"792\" height=\"1024\" src=\"https:\/\/passioneprofessionale.it\/blog\/wp-content\/uploads\/2025\/01\/wella-blondor-plex-9-multi-blonde-polvere-decolorante-800-gr-792x1024.jpg\" alt=\"\" class=\"wp-image-1094 size-full\" srcset=\"https:\/\/passioneprofessionale.it\/blog\/wp-content\/uploads\/2025\/01\/wella-blondor-plex-9-multi-blonde-polvere-decolorante-800-gr-792x1024.jpg 792w, https:\/\/passioneprofessionale.it\/blog\/wp-content\/uploads\/2025\/01\/wella-blondor-plex-9-multi-blonde-polvere-decolorante-800-gr-232x300.jpg 232w, https:\/\/passioneprofessionale.it\/blog\/wp-content\/uploads\/2025\/01\/wella-blondor-plex-9-multi-blonde-polvere-decolorante-800-gr-768x993.jpg 768w, https:\/\/passioneprofessionale.it\/blog\/wp-content\/uploads\/2025\/01\/wella-blondor-plex-9-multi-blonde-polvere-decolorante-800-gr.jpg 1100w\" sizes=\"(max-width: 792px) 100vw, 792px\" \/><\/figure><div class=\"wp-block-media-text__content\">\n<p><strong>Scegliere prodotti di alta qualit\u00e0<\/strong>:<br>investire in prodotti professionali \u00e8 essenziale per garantire il benessere dei capelli durante la decolorazione. Prodotti come <a href=\"https:\/\/passioneprofessionale.it\/wella-blondor-plex-9-multi-blonde-polvere-decolorante-800-gr\"><strong>Wella Blondor Plex 9<\/strong><\/a> offrono una <strong>schiaritura efficace fino a 9 toni<\/strong>, combinata con tecnologie che <strong>proteggono e rafforzano i legami interni dei capelli<\/strong>. Queste formulazioni includono anche tecnologie <strong>anti-giallo<\/strong>, ideali per evitare tonalit\u00e0 indesiderate come il giallo o l\u2019arancione, assicurando un colore chiaro e uniforme.<\/p>\n<\/div><\/div>\n\n\n\n<ul class=\"wp-block-list\">\n<li><strong>Applicare il decolorante con attenzione<\/strong>:<br>la corretta applicazione del prodotto \u00e8 essenziale per ottenere un risultato uniforme e ridurre i rischi di danni. Assicurati di applicare il decolorante <strong>solo sui capelli non trattati in precedenza<\/strong>, a meno che non sia necessario un ritocco su tutta la lunghezza. Questo accorgimento aiuta a prevenire il sovraccarico di capelli gi\u00e0 sensibilizzati. Per una <strong>distribuzione omogenea<\/strong>, assicurati di suddividere i capelli in sezioni e utilizza strumenti professionali come pennelli di precisione.<\/li>\n\n\n\n<li><strong>Monitorare il tempo di posa e l\u2019ambiente<\/strong>:<br>un <strong>controllo rigoroso del tempo di posa <\/strong>\u00e8 fondamentale per evitare che i capelli subiscano danni irreparabili. Inoltre, \u00e8 importante considerare fattori ambientali come la temperatura, che pu\u00f2 accelerare o rallentare il processo di decolorazione.<\/li>\n<\/ul>\n\n\n\n<div class=\"wp-block-media-text has-media-on-the-right is-stacked-on-mobile\"><div class=\"wp-block-media-text__content\">\n<p><strong>Adottare una routine di cura post-decolorazione<\/strong>:<br>la decolorazione, per quanto delicata, pu\u00f2 sempre indebolire i capelli, rendendo necessaria una <strong>cura intensiva dopo il trattamento<\/strong>. Suggerisci ai tuoi clienti prodotti idratanti e nutrienti come la maschera<a href=\"https:\/\/passioneprofessionale.it\/she-repair-rebalance-mask-3-1000-ml\"><strong> She Repair Rebalance<\/strong><\/a>, con <strong>tecnologia Pearl Shield<\/strong>, che riequilibra il ph dei capelli dopo la decolorazione, riduce la porosit\u00e0 e sigilla le cuticole.\u00a0<\/p>\n<\/div><figure class=\"wp-block-media-text__media\"><img decoding=\"async\" width=\"792\" height=\"1024\" src=\"https:\/\/passioneprofessionale.it\/blog\/wp-content\/uploads\/2025\/01\/she-repair-rebalance-mask-3-1000-ml-792x1024.jpg\" alt=\"\" class=\"wp-image-1095 size-full\" srcset=\"https:\/\/passioneprofessionale.it\/blog\/wp-content\/uploads\/2025\/01\/she-repair-rebalance-mask-3-1000-ml-792x1024.jpg 792w, https:\/\/passioneprofessionale.it\/blog\/wp-content\/uploads\/2025\/01\/she-repair-rebalance-mask-3-1000-ml-232x300.jpg 232w, https:\/\/passioneprofessionale.it\/blog\/wp-content\/uploads\/2025\/01\/she-repair-rebalance-mask-3-1000-ml-768x993.jpg 768w, https:\/\/passioneprofessionale.it\/blog\/wp-content\/uploads\/2025\/01\/she-repair-rebalance-mask-3-1000-ml.jpg 1100w\" sizes=\"(max-width: 792px) 100vw, 792px\" \/><\/figure><\/div>\n\n\n\n<div class=\"wp-block-media-text is-stacked-on-mobile\"><figure class=\"wp-block-media-text__media\"><img decoding=\"async\" width=\"792\" height=\"1024\" src=\"https:\/\/passioneprofessionale.it\/blog\/wp-content\/uploads\/2025\/01\/dcm-diapason-spray-termoprotettore-300-ml-792x1024.jpg\" alt=\"\" class=\"wp-image-1096 size-full\" srcset=\"https:\/\/passioneprofessionale.it\/blog\/wp-content\/uploads\/2025\/01\/dcm-diapason-spray-termoprotettore-300-ml-792x1024.jpg 792w, https:\/\/passioneprofessionale.it\/blog\/wp-content\/uploads\/2025\/01\/dcm-diapason-spray-termoprotettore-300-ml-232x300.jpg 232w, https:\/\/passioneprofessionale.it\/blog\/wp-content\/uploads\/2025\/01\/dcm-diapason-spray-termoprotettore-300-ml-768x993.jpg 768w, https:\/\/passioneprofessionale.it\/blog\/wp-content\/uploads\/2025\/01\/dcm-diapason-spray-termoprotettore-300-ml.jpg 1100w\" sizes=\"(max-width: 792px) 100vw, 792px\" \/><\/figure><div class=\"wp-block-media-text__content\">\n<p><strong>Evitare ulteriori stress ai capelli<\/strong>:<br>dopo la decolorazione, i capelli sono pi\u00f9 sensibili e richiedono un approccio delicato. Ricorda ai tuoi clienti di <strong>ridurre al minimo l\u2019uso di strumenti di styling ad alte temperature<\/strong>, come piastre e ferri arricciacapelli, per almeno una settimana. Inoltre, consiglia l\u2019uso di <strong>spray termoprotettori<\/strong> come <a href=\"https:\/\/passioneprofessionale.it\/dcm-diapason-spray-termoprotettore-300-ml\"><strong>DCM Diapason<\/strong><\/a>, priva di siliconi, parabeni e oli minerali, per non stressare la chioma durante la fase di recupero.\u00a0<\/p>\n<\/div><\/div>\n\n\n\n<ul class=\"wp-block-list\">\n<li><\/li>\n<\/ul>\n\n\n\n<p>Seguendo questi consigli, potrai ottenere una decolorazione perfetta, <strong>senza compromettere la salute dei capelli <\/strong>dei clienti del tuo salone, garantendo una chioma luminosa, forte e sana.<\/p>\n\n\n\n<h2 class=\"wp-block-heading\">Decolorazione capelli fatta male: come rimediare<\/h2>\n\n\n\n<p>Per rimediare ad una decolorazione che non \u00e8 andata come previsto, il primo passo \u00e8 <strong>valutare il danno<\/strong>. Questo pu\u00f2 variare da lieve a severo, e la strategia di trattamento dovr\u00e0 essere adeguata di conseguenza.&nbsp;<\/p>\n\n\n\n<p>Il processo di recupero pu\u00f2 richiedere <strong>settimane o mesi<\/strong>, a seconda della gravit\u00e0 del danno. I parrucchieri devono essere preparati a consigliare <strong>trattamenti personalizzati<\/strong>, che includano anche cambiamenti nello stile di vita del cliente, come l&#8217;uso di spazzole delicate e l&#8217;evitare acconciature troppo strette.<\/p>\n\n\n\n<div class=\"wp-block-media-text has-media-on-the-right is-stacked-on-mobile\"><div class=\"wp-block-media-text__content\">\n<p>Un trattamento intensivo utile sia per <strong>prevenire<\/strong> che per <strong>trattare <\/strong>il danneggiamento dei capelli durante la decolorazione \u00e8 il <a href=\"https:\/\/passioneprofessionale.it\/6zero-hy-plex-kit-3-x-500-ml\"><strong>Kit 6.Zero Hy-Plex<\/strong><\/a>. Con la sua formula rivitalizzante, <strong>riduce la rottura<\/strong>,<strong> rigenera la cuticola<\/strong> e <strong>migliora la struttura dei capelli<\/strong>.<\/p>\n<\/div><figure class=\"wp-block-media-text__media\"><img loading=\"lazy\" decoding=\"async\" width=\"792\" height=\"1024\" src=\"https:\/\/passioneprofessionale.it\/blog\/wp-content\/uploads\/2025\/01\/6zero-hy-plex-kit-3-x-500-ml-792x1024.jpg\" alt=\"\" class=\"wp-image-1097 size-full\" srcset=\"https:\/\/passioneprofessionale.it\/blog\/wp-content\/uploads\/2025\/01\/6zero-hy-plex-kit-3-x-500-ml-792x1024.jpg 792w, https:\/\/passioneprofessionale.it\/blog\/wp-content\/uploads\/2025\/01\/6zero-hy-plex-kit-3-x-500-ml-232x300.jpg 232w, https:\/\/passioneprofessionale.it\/blog\/wp-content\/uploads\/2025\/01\/6zero-hy-plex-kit-3-x-500-ml-768x993.jpg 768w, https:\/\/passioneprofessionale.it\/blog\/wp-content\/uploads\/2025\/01\/6zero-hy-plex-kit-3-x-500-ml.jpg 1100w\" sizes=\"(max-width: 792px) 100vw, 792px\" \/><\/figure><\/div>\n\n\n\n<p>Grazie a tecniche adeguate, una cura attenta e l\u2019uso di prodotti di alta qualit\u00e0, che puoi trovare tutti nell\u2019e-shop di <a href=\"https:\/\/passioneprofessionale.it\/forniture-estetiste\"><strong>forniture per estetiste <\/strong><\/a><strong>e parrucchieri<\/strong> di <strong>Passione Professionale<\/strong>, \u00e8 possibile ottenere risultati straordinari mantenendo i capelli dei tuoi clienti sani e forti.&nbsp;<\/p>\n","protected":false},"excerpt":{"rendered":"<p>La decolorazione \u00e8 una delle tecniche pi\u00f9 richieste nei saloni di parrucchieri, amata da molti clienti per la sua capacit\u00e0 di trasformare radicalmente l&#8217;aspetto dei capelli. Tuttavia, i dubbi sulla sua sicurezza e gli effetti a lungo termine sui capelli sono un tema costante di discussione tra i professionisti e i loro clienti. In questo [&hellip;]<\/p>\n","protected":false},"author":1,"featured_media":1098,"comment_status":"open","ping_status":"closed","sticky":false,"template":"","format":"standard","meta":{"footnotes":""},"categories":[10,7],"tags":[],"class_list":["post-1093","post","type-post","status-publish","format-standard","has-post-thumbnail","hentry","category-barbieri","category-parrucchieri"],"_links":{"self":[{"href":"https:\/\/passioneprofessionale.it\/blog\/wp-json\/wp\/v2\/posts\/1093","targetHints":{"allow":["GET"]}}],"collection":[{"href":"https:\/\/passioneprofessionale.it\/blog\/wp-json\/wp\/v2\/posts"}],"about":[{"href":"https:\/\/passioneprofessionale.it\/blog\/wp-json\/wp\/v2\/types\/post"}],"author":[{"embeddable":true,"href":"https:\/\/passioneprofessionale.it\/blog\/wp-json\/wp\/v2\/users\/1"}],"replies":[{"embeddable":true,"href":"https:\/\/passioneprofessionale.it\/blog\/wp-json\/wp\/v2\/comments?post=1093"}],"version-history":[{"count":1,"href":"https:\/\/passioneprofessionale.it\/blog\/wp-json\/wp\/v2\/posts\/1093\/revisions"}],"predecessor-version":[{"id":1099,"href":"https:\/\/passioneprofessionale.it\/blog\/wp-json\/wp\/v2\/posts\/1093\/revisions\/1099"}],"wp:featuredmedia":[{"embeddable":true,"href":"https:\/\/passioneprofessionale.it\/blog\/wp-json\/wp\/v2\/media\/1098"}],"wp:attachment":[{"href":"https:\/\/passioneprofessionale.it\/blog\/wp-json\/wp\/v2\/media?parent=1093"}],"wp:term":[{"taxonomy":"category","embeddable":true,"href":"https:\/\/passioneprofessionale.it\/blog\/wp-json\/wp\/v2\/categories?post=1093"},{"taxonomy":"post_tag","embeddable":true,"href":"https:\/\/passioneprofessionale.it\/blog\/wp-json\/wp\/v2\/tags?post=1093"}],"curies":[{"name":"wp","href":"https:\/\/api.w.org\/{rel}","templated":true}]}}