{"id":1130,"date":"2025-04-16T12:31:14","date_gmt":"2025-04-16T10:31:14","guid":{"rendered":"https:\/\/passioneprofessionale.it\/blog\/?p=1130"},"modified":"2025-07-11T12:47:40","modified_gmt":"2025-07-11T10:47:40","slug":"tonalizzante-capelli-decolorati","status":"publish","type":"post","link":"https:\/\/passioneprofessionale.it\/blog\/tonalizzante-capelli-decolorati\/","title":{"rendered":"Tonalizzante per capelli decolorati: quale scegliere"},"content":{"rendered":"\n<p>La <strong>decolorazione ai capelli <\/strong>\u00e8 un processo chimico che permette di schiarire i capelli rimuovendo il pigmento naturale o artificiale presente su di essi. Questo trattamento, nonostante sia ampiamente praticato in tutti i saloni di parrucchieri, pu\u00f2 eliminare dai capelli anche alcuni <strong>riflessi essenziali <\/strong>per ottenere un colore uniforme e vibrante.&nbsp;<\/p>\n\n\n\n<p>Qui entra in gioco il <strong>tonalizzante per capelli decolorati<\/strong>, un prodotto indispensabile per risolvere questa problematica post decolorazione e realizzare un colore nella maniera pi\u00f9 ottimale.&nbsp;<\/p>\n\n\n\n<p>In questo articolo di <strong>Passione Professionale<\/strong>, negozio di <a href=\"https:\/\/passioneprofessionale.it\/forniture-parrucchieri\"><strong>forniture per estetiste<\/strong><\/a><strong> e parrucchieri<\/strong>, vedremo che cos\u2019\u00e8 il tonalizzante per capelli decolorati, come si usa, a cosa serve e quali sono i migliori prodotti disponibili in commercio.<\/p>\n\n\n\n<h2 class=\"wp-block-heading\">Tonalizzante per capelli decolorati: che cos&#8217;\u00e8 e a cosa serve<\/h2>\n\n\n\n<p>Il tonalizzante per capelli decolorati \u00e8 un prodotto che si usa per <strong>neutralizzare, intensificare o cambiare il tono <\/strong>del colore dei capelli dopo una decolorazione.&nbsp;<\/p>\n\n\n\n<p>La sua applicazione, come gi\u00e0 accennato, si rivela essenziale perch\u00e9 la decolorazione pu\u00f2 <strong>lasciare riflessi indesiderati<\/strong> come quelli gialli o arancioni, che alterano l&#8217;aspetto naturale del colore, o <strong>rimuovere pigmenti<\/strong> necessari al capello per offrire le sue sfumature.&nbsp;<\/p>\n\n\n\n<p>I tonalizzanti agiscono, dunque,<strong> depositando pigmenti<\/strong> che compensano i riflessi indesiderati, migliorano il colore e aumentano la lucentezza. Inoltre, utilizzare un tonalizzante dopo la decolorazione permette anche di <strong>proteggere la fibra capillare<\/strong>, preservando la salute e la bellezza dei capelli.<\/p>\n\n\n\n<p>Se dopo una decolorazione, specie se particolarmente aggressiva, non si utilizza un tonalizzante, il rischio \u00e8, dunque, quello di far apparire i <strong>capelli spenti<\/strong>, con tonalit\u00e0 non uniformi e <strong>non riuscire ad ottenere l\u2019esatto colore che si desidera realizzare<\/strong>.&nbsp;<\/p>\n\n\n\n<p>Questo rischio \u00e8 legato, per\u00f2, anche ad un uso non corretto del tonalizzante per capelli decolorati. Vediamo, quindi, come applicarlo.<\/p>\n\n\n<style>.elementor-58 .elementor-element.elementor-element-f330585:not(.elementor-motion-effects-element-type-background), .elementor-58 .elementor-element.elementor-element-f330585 > .elementor-motion-effects-container > .elementor-motion-effects-layer{background-image:url(\"https:\/\/passioneprofessionale.it\/blog\/wp-content\/uploads\/2021\/06\/beauty-service-shop-pro.jpg\");background-position:center center;background-size:cover;}.elementor-58 .elementor-element.elementor-element-f330585 > .elementor-background-overlay{background-color:#000000;opacity:0.5;mix-blend-mode:multiply;transition:background 0.3s, border-radius 0.3s, opacity 0.3s;}.elementor-58 .elementor-element.elementor-element-f330585{border-style:solid;border-width:5px 5px 5px 5px;border-color:var( --e-global-color-primary );transition:background 0.3s, border 0.3s, border-radius 0.3s, box-shadow 0.3s;margin-top:50px;margin-bottom:50px;}.elementor-58 .elementor-element.elementor-element-f330585, .elementor-58 .elementor-element.elementor-element-f330585 > .elementor-background-overlay{border-radius:25px 25px 25px 25px;}.elementor-58 .elementor-element.elementor-element-9c8a140{--spacer-size:50px;}.elementor-widget-text-editor{font-family:var( --e-global-typography-text-font-family ), Sans-serif;font-weight:var( --e-global-typography-text-font-weight );color:var( --e-global-color-text );}.elementor-widget-text-editor.elementor-drop-cap-view-stacked .elementor-drop-cap{background-color:var( --e-global-color-primary );}.elementor-widget-text-editor.elementor-drop-cap-view-framed .elementor-drop-cap, .elementor-widget-text-editor.elementor-drop-cap-view-default .elementor-drop-cap{color:var( --e-global-color-primary );border-color:var( --e-global-color-primary );}.elementor-58 .elementor-element.elementor-element-2abb24b{text-align:center;color:#FFFFFF;}.elementor-widget-button .elementor-button{font-family:var( --e-global-typography-accent-font-family ), Sans-serif;font-weight:var( --e-global-typography-accent-font-weight );background-color:var( --e-global-color-accent );}.elementor-58 .elementor-element.elementor-element-413434d{--spacer-size:50px;}@media(max-width:1024px){.elementor-58 .elementor-element.elementor-element-f330585{margin-top:25px;margin-bottom:25px;}}<\/style>\t\t<div data-elementor-type=\"section\" data-elementor-id=\"58\" class=\"elementor elementor-58\" data-elementor-post-type=\"elementor_library\">\n\t\t\t\t\t<section class=\"elementor-section elementor-top-section elementor-element elementor-element-f330585 elementor-section-boxed elementor-section-height-default elementor-section-height-default\" data-id=\"f330585\" data-element_type=\"section\" data-e-type=\"section\" data-settings=\"{&quot;background_background&quot;:&quot;classic&quot;}\">\n\t\t\t\t\t\t\t<div class=\"elementor-background-overlay\"><\/div>\n\t\t\t\t\t\t\t<div class=\"elementor-container elementor-column-gap-default\">\n\t\t\t\t\t<div class=\"elementor-column elementor-col-100 elementor-top-column elementor-element elementor-element-6b60505\" data-id=\"6b60505\" data-element_type=\"column\" data-e-type=\"column\">\n\t\t\t<div class=\"elementor-widget-wrap elementor-element-populated\">\n\t\t\t\t\t\t<div class=\"elementor-element elementor-element-9c8a140 elementor-widget elementor-widget-spacer\" data-id=\"9c8a140\" data-element_type=\"widget\" data-e-type=\"widget\" data-widget_type=\"spacer.default\">\n\t\t\t\t<div class=\"elementor-widget-container\">\n\t\t\t\t\t\t\t<div class=\"elementor-spacer\">\n\t\t\t<div class=\"elementor-spacer-inner\"><\/div>\n\t\t<\/div>\n\t\t\t\t\t\t<\/div>\n\t\t\t\t<\/div>\n\t\t\t\t<div class=\"elementor-element elementor-element-2abb24b elementor-widget elementor-widget-text-editor\" data-id=\"2abb24b\" data-element_type=\"widget\" data-e-type=\"widget\" data-widget_type=\"text-editor.default\">\n\t\t\t\t<div class=\"elementor-widget-container\">\n\t\t\t\t\t\t\t\t\t<h3>Richiedi l&#8217;accesso a<\/h3><h2>Passione Professionale PRO<\/h2><p>Scopri il listino riservato ai professionisti\u00a0<\/p>\t\t\t\t\t\t\t\t<\/div>\n\t\t\t\t<\/div>\n\t\t\t\t<div class=\"elementor-element elementor-element-b2992aa elementor-align-center elementor-widget elementor-widget-button\" data-id=\"b2992aa\" data-element_type=\"widget\" data-e-type=\"widget\" data-widget_type=\"button.default\">\n\t\t\t\t<div class=\"elementor-widget-container\">\n\t\t\t\t\t\t\t\t\t<div class=\"elementor-button-wrapper\">\n\t\t\t\t\t<a class=\"elementor-button elementor-button-link elementor-size-sm\" href=\"https:\/\/passioneprofessionale.it\/pro\/\">\n\t\t\t\t\t\t<span class=\"elementor-button-content-wrapper\">\n\t\t\t\t\t\t\t\t\t<span class=\"elementor-button-text\">DIVENTA PRO<\/span>\n\t\t\t\t\t<\/span>\n\t\t\t\t\t<\/a>\n\t\t\t\t<\/div>\n\t\t\t\t\t\t\t\t<\/div>\n\t\t\t\t<\/div>\n\t\t\t\t<div class=\"elementor-element elementor-element-413434d elementor-widget elementor-widget-spacer\" data-id=\"413434d\" data-element_type=\"widget\" data-e-type=\"widget\" data-widget_type=\"spacer.default\">\n\t\t\t\t<div class=\"elementor-widget-container\">\n\t\t\t\t\t\t\t<div class=\"elementor-spacer\">\n\t\t\t<div class=\"elementor-spacer-inner\"><\/div>\n\t\t<\/div>\n\t\t\t\t\t\t<\/div>\n\t\t\t\t<\/div>\n\t\t\t\t\t<\/div>\n\t\t<\/div>\n\t\t\t\t\t<\/div>\n\t\t<\/section>\n\t\t\t\t<\/div>\n\t\t\n\n\n<h2 class=\"wp-block-heading\">Tonalizzante per capelli decolorati: come si usa<\/h2>\n\n\n\n<p>L&#8217;applicazione del tonalizzante \u00e8 un processo che richiede attenzione e precisione. Questa pu\u00f2 essere effettuata direttamente <strong>dopo la decolorazione <\/strong>e prima del colore, per ripristinare pigmenti persi, oppure<strong> dopo aver tinto i capelli<\/strong>, per migliorarne tono e sfumature. Ecco i 5 step fondamentali:<\/p>\n\n\n\n<ol class=\"wp-block-list\">\n<li><strong>Preparazione:<\/strong> prima di procedere all\u2019applicazione del toner, bisogna assicurarsi che i capelli siano puliti e leggermente umidi. Questo aiuta il tonalizzante a distribuirsi in modo pi\u00f9 uniforme.\u00a0<\/li>\n\n\n\n<li><strong>Applicazione:<\/strong> il tonalizzante va applicato su tutta la lunghezza dei capelli, partendo dalle radici fino ad arrivare alle punte. L&#8217;utilizzo di un pennello specifico per tinte pu\u00f2 aiutare a distribuire il prodotto nella maniera corretta.<\/li>\n\n\n\n<li><strong>Tempi di posa:<\/strong> il tempo di posa di un tonalizzante pu\u00f2 variare in base al prodotto scelto e al risultato desiderato. Generalmente, per\u00f2, si lascia agire il tonalizzante dai 5 ai 20 minuti.<\/li>\n\n\n\n<li><strong>Risciacquo:<\/strong> dopo il tempo di posa \u00e8 il momento del risciacquo, che deve essere effettuato con acqua tiepida e mai bollente fino a quando non siano pi\u00f9 presenti residui di tonalizzante nell&#8217;acqua di risciacquo.<\/li>\n\n\n\n<li><strong>Cura post-applicazione:<\/strong> \u00e8 sempre consigliabile usare un balsamo per idratare i capelli e chiudere le cuticole terminato il processo di tonalizzazione, in questo modo verr\u00e0 preservato il colore e la lucentezza conferita ai capelli.\u00a0<\/li>\n<\/ol>\n\n\n\n<p>Scopriamo, adesso, quali sono i migliori tonalizzanti per capelli decolorati.&nbsp;<\/p>\n\n\n\n<h2 class=\"wp-block-heading\">I migliori tonalizzanti per capelli decolorati<\/h2>\n\n\n\n<p>I capelli decolorati sono spesso <strong>impoveriti di nutrienti e molto sensibili <\/strong>ai prodotti che vengono applicati su di essi.&nbsp;<\/p>\n\n\n\n<p>Per questo motivo, quando si tratta di tonalizzanti per capelli decolorati, \u00e8 essenziale scegliere <strong>prodotti di alta qualit\u00e0 <\/strong>che rispettino la salute del capello e garantiscano risultati ottimali. Tra questi la linea <strong>Echos Color Vegan Toner <\/strong>spicca in particolar modo.&nbsp;<\/p>\n\n\n\n<p>Questi tonalizzanti sono formulati esclusivamente con <strong>ingredienti vegani<\/strong>, garantendo l&#8217;assenza di derivati animali e confermando l&#8217;impegno verso pratiche cruelty-free.<\/p>\n\n\n\n<p>Un aspetto distintivo della linea \u00e8 l&#8217;integrazione di <strong>componenti naturali <\/strong>che migliorano il tono dei capelli e offrono anche alcuni benefici aggiuntivi. Gli <strong>estratti di t\u00e8 verde<\/strong>, ad esempio, agiscono come <strong>antiossidanti <\/strong>potenti, proteggendo i capelli dai danni causati dai radicali liberi e dall&#8217;inquinamento.&nbsp;<\/p>\n\n\n\n<p>L&#8217;<strong>olio di Tsubaki<\/strong>, invece, conosciuto per le sue propriet\u00e0 idratanti, aiuta a mantenere i <strong>capelli morbidi e lucenti<\/strong>, mentre l&#8217;<strong>olio di dattero<\/strong> fornisce <strong>minerali essenziali <\/strong>che rinforzano la fibra capillare.<\/p>\n\n\n\n<div class=\"wp-block-media-text is-stacked-on-mobile\"><figure class=\"wp-block-media-text__media\"><img fetchpriority=\"high\" decoding=\"async\" width=\"792\" height=\"1024\" src=\"https:\/\/passioneprofessionale.it\/blog\/wp-content\/uploads\/2025\/07\/echos-color-vegan-toner-viola-100-ml-echosline-792x1024.jpg\" alt=\"\" class=\"wp-image-1132 size-full\" srcset=\"https:\/\/passioneprofessionale.it\/blog\/wp-content\/uploads\/2025\/07\/echos-color-vegan-toner-viola-100-ml-echosline-792x1024.jpg 792w, https:\/\/passioneprofessionale.it\/blog\/wp-content\/uploads\/2025\/07\/echos-color-vegan-toner-viola-100-ml-echosline-232x300.jpg 232w, https:\/\/passioneprofessionale.it\/blog\/wp-content\/uploads\/2025\/07\/echos-color-vegan-toner-viola-100-ml-echosline-768x993.jpg 768w, https:\/\/passioneprofessionale.it\/blog\/wp-content\/uploads\/2025\/07\/echos-color-vegan-toner-viola-100-ml-echosline.jpg 1100w\" sizes=\"(max-width: 792px) 100vw, 792px\" \/><\/figure><div class=\"wp-block-media-text__content\">\n<p>Inoltre, la variet\u00e0 di tonalit\u00e0 disponibili, che includono <a href=\"https:\/\/passioneprofessionale.it\/echos-color-vegan-toner-cenere-100-ml-echosline\"><strong>Echos Color Vegan Toner Cenere<\/strong><\/a>, <a href=\"https:\/\/passioneprofessionale.it\/echosline-echos-color-vegan-toner-rosso-crema-colorante-100-ml\"><strong>Echos Color Vegan Toner Rosso<\/strong> <\/a>e<a href=\"https:\/\/passioneprofessionale.it\/echos-color-vegan-toner-viola-100-ml-echosline\"> <strong>Echos Color Vegan Toner Viola<\/strong><\/a> e molte altre nuances, permette di <strong>personalizzare il trattamento<\/strong> a seconda delle esigenze individuali.\u00a0<\/p>\n<\/div><\/div>\n\n\n\n<p>I tonalizzanti Echos Color Vegan sono stati attentamente studiati sia per chi vuole <strong>neutralizzare i riflessi indesiderati<\/strong> che per chi desidera <strong>intensificare i riflessi del colore dei capelli<\/strong>, offrendo risultati che soddisfano entrambe le aspettative.<\/p>\n\n\n\n<p>Inoltre, la <strong>durata del colore<\/strong> garantita dai tonalizzanti Echos Color Vegan \u00e8 notevole, permettendo di godere di una <strong>chioma brillante e ben curata<\/strong> per periodi prolungati senza necessit\u00e0 di frequenti ritocchi.&nbsp;<\/p>\n\n\n\n<p>Infine, la formulazione delicata di questi tonalizzanti assicura che il trattamento sia <strong>confortevole e sicuro<\/strong>, anche per chi ha il cuoio capelluto particolarmente sensibile, <strong>riducendo cos\u00ec il rischio di irritazioni<\/strong>.&nbsp;<\/p>\n\n\n\n<p>Puoi trovare la linea completa di tonalizzanti <strong>Echos Color Vegan Toner <\/strong>nell\u2019e-commerce di <a href=\"https:\/\/passioneprofessionale.it\/forniture-parrucchieri\"><strong>forniture per parrucchieri <\/strong><\/a><strong>ed estetiste<\/strong> di <strong>Passione Professionale<\/strong>.&nbsp;<\/p>\n","protected":false},"excerpt":{"rendered":"<p>La decolorazione ai capelli \u00e8 un processo chimico che permette di schiarire i capelli rimuovendo il pigmento naturale o artificiale presente su di essi. Questo trattamento, nonostante sia ampiamente praticato in tutti i saloni di parrucchieri, pu\u00f2 eliminare dai capelli anche alcuni riflessi essenziali per ottenere un colore uniforme e vibrante.&nbsp; Qui entra in gioco [&hellip;]<\/p>\n","protected":false},"author":1,"featured_media":1131,"comment_status":"open","ping_status":"closed","sticky":false,"template":"","format":"standard","meta":{"footnotes":""},"categories":[7,10],"tags":[],"class_list":["post-1130","post","type-post","status-publish","format-standard","has-post-thumbnail","hentry","category-parrucchieri","category-barbieri"],"_links":{"self":[{"href":"https:\/\/passioneprofessionale.it\/blog\/wp-json\/wp\/v2\/posts\/1130","targetHints":{"allow":["GET"]}}],"collection":[{"href":"https:\/\/passioneprofessionale.it\/blog\/wp-json\/wp\/v2\/posts"}],"about":[{"href":"https:\/\/passioneprofessionale.it\/blog\/wp-json\/wp\/v2\/types\/post"}],"author":[{"embeddable":true,"href":"https:\/\/passioneprofessionale.it\/blog\/wp-json\/wp\/v2\/users\/1"}],"replies":[{"embeddable":true,"href":"https:\/\/passioneprofessionale.it\/blog\/wp-json\/wp\/v2\/comments?post=1130"}],"version-history":[{"count":1,"href":"https:\/\/passioneprofessionale.it\/blog\/wp-json\/wp\/v2\/posts\/1130\/revisions"}],"predecessor-version":[{"id":1133,"href":"https:\/\/passioneprofessionale.it\/blog\/wp-json\/wp\/v2\/posts\/1130\/revisions\/1133"}],"wp:featuredmedia":[{"embeddable":true,"href":"https:\/\/passioneprofessionale.it\/blog\/wp-json\/wp\/v2\/media\/1131"}],"wp:attachment":[{"href":"https:\/\/passioneprofessionale.it\/blog\/wp-json\/wp\/v2\/media?parent=1130"}],"wp:term":[{"taxonomy":"category","embeddable":true,"href":"https:\/\/passioneprofessionale.it\/blog\/wp-json\/wp\/v2\/categories?post=1130"},{"taxonomy":"post_tag","embeddable":true,"href":"https:\/\/passioneprofessionale.it\/blog\/wp-json\/wp\/v2\/tags?post=1130"}],"curies":[{"name":"wp","href":"https:\/\/api.w.org\/{rel}","templated":true}]}}