{"id":1192,"date":"2025-08-15T16:56:42","date_gmt":"2025-08-15T14:56:42","guid":{"rendered":"https:\/\/passioneprofessionale.it\/blog\/?p=1192"},"modified":"2025-10-24T16:59:57","modified_gmt":"2025-10-24T14:59:57","slug":"crema-viso-pelle-grassa","status":"publish","type":"post","link":"https:\/\/passioneprofessionale.it\/blog\/crema-viso-pelle-grassa\/","title":{"rendered":"Crema viso per pelle grassa e a tendenza acneica: quale scegliere?"},"content":{"rendered":"\n<p>La <strong>pelle grassa e a tendenza acneica<\/strong> \u00e8 una delle pi\u00f9 difficili da gestire: richiede cure costanti, prodotti specifici e un\u2019attenzione particolare alla scelta dei cosmetici. L\u2019eccesso di sebo, i pori dilatati, le impurit\u00e0 e le imperfezioni possono compromettere l\u2019aspetto e la salute della pelle, causando disagi sia estetici che psicologici. La buona notizia \u00e8 che, con la giusta skincare, \u00e8 possibile migliorare visibilmente la grana della pelle e ridurre le imperfezioni.<\/p>\n\n\n\n<p>Noi di <strong>Passione Professionale<\/strong>, negozio specializzato in <a href=\"https:\/\/passioneprofessionale.it\/forniture-parrucchieri\"><strong>forniture per parrucchieri<\/strong><\/a><strong> e estetiste<\/strong>, conosciamo bene le esigenze dei diversi tipi di pelle e selezioniamo solo prodotti professionali di alta qualit\u00e0, studiati per garantire risultati concreti.&nbsp;<\/p>\n\n\n\n<p>In questa guida scopriremo come scegliere la <strong>crema viso pi\u00f9 adatta per pelle grassa e a tendenza acneica<\/strong>, analizzando le caratteristiche principali e presentando alcune delle migliori soluzioni professionali disponibili.<\/p>\n\n\n\n<h2 class=\"wp-block-heading\">Qual \u00e8 la migliore crema viso per pelle grassa?<\/h2>\n\n\n\n<p>La pelle grassa non \u00e8 solo una questione estetica: \u00e8 una condizione cutanea caratterizzata da un\u2019eccessiva produzione di sebo da parte delle ghiandole sebacee. Questo fenomeno, noto come <strong>seborrea<\/strong>, pu\u00f2 derivare da fattori genetici, squilibri ormonali, alimentazione poco equilibrata, stress o utilizzo di cosmetici non adatti.<\/p>\n\n\n\n<p>La scelta di una <strong>crema specifica per pelli grasse<\/strong> \u00e8 fondamentale per diversi motivi:<\/p>\n\n\n\n<ul class=\"wp-block-list\">\n<li>Aiuta a <strong>riequilibrare la produzione di sebo<\/strong> senza seccare eccessivamente la pelle.<br><\/li>\n\n\n\n<li>Previene la formazione di <strong>punti neri<\/strong>, <strong>brufoli <\/strong>e <strong>comedoni<\/strong>.<br><\/li>\n\n\n\n<li><strong>Riduce l\u2019aspetto lucido della pelle<\/strong>, mantenendola opaca e fresca pi\u00f9 a lungo.<br><\/li>\n\n\n\n<li><strong>Idrata senza appesantire<\/strong>, evitando l\u2019effetto \u201cunto\u201d tipico di molte creme non specifiche.<br><\/li>\n<\/ul>\n\n\n\n<p>Un errore comune \u00e8 pensare che la pelle grassa non abbia bisogno di idratazione: in realt\u00e0, una crema mirata deve idratare in profondit\u00e0, fornendo il giusto apporto di acqua senza aggiungere oli o sostanze comedogeniche. Vediamo, dunque, quali sono le migliori creme viso per pelle grassa che rispettano queste caratteristiche.&nbsp;<\/p>\n\n\n<style>.elementor-58 .elementor-element.elementor-element-f330585:not(.elementor-motion-effects-element-type-background), .elementor-58 .elementor-element.elementor-element-f330585 > .elementor-motion-effects-container > .elementor-motion-effects-layer{background-image:url(\"https:\/\/passioneprofessionale.it\/blog\/wp-content\/uploads\/2021\/06\/beauty-service-shop-pro.jpg\");background-position:center center;background-size:cover;}.elementor-58 .elementor-element.elementor-element-f330585 > .elementor-background-overlay{background-color:#000000;opacity:0.5;mix-blend-mode:multiply;transition:background 0.3s, border-radius 0.3s, opacity 0.3s;}.elementor-58 .elementor-element.elementor-element-f330585{border-style:solid;border-width:5px 5px 5px 5px;border-color:var( --e-global-color-primary );transition:background 0.3s, border 0.3s, border-radius 0.3s, box-shadow 0.3s;margin-top:50px;margin-bottom:50px;}.elementor-58 .elementor-element.elementor-element-f330585, .elementor-58 .elementor-element.elementor-element-f330585 > .elementor-background-overlay{border-radius:25px 25px 25px 25px;}.elementor-58 .elementor-element.elementor-element-9c8a140{--spacer-size:50px;}.elementor-widget-text-editor{font-family:var( --e-global-typography-text-font-family ), Sans-serif;font-weight:var( --e-global-typography-text-font-weight );color:var( --e-global-color-text );}.elementor-widget-text-editor.elementor-drop-cap-view-stacked .elementor-drop-cap{background-color:var( --e-global-color-primary );}.elementor-widget-text-editor.elementor-drop-cap-view-framed .elementor-drop-cap, .elementor-widget-text-editor.elementor-drop-cap-view-default .elementor-drop-cap{color:var( --e-global-color-primary );border-color:var( --e-global-color-primary );}.elementor-58 .elementor-element.elementor-element-2abb24b{text-align:center;color:#FFFFFF;}.elementor-widget-button .elementor-button{font-family:var( --e-global-typography-accent-font-family ), Sans-serif;font-weight:var( --e-global-typography-accent-font-weight );background-color:var( --e-global-color-accent );}.elementor-58 .elementor-element.elementor-element-413434d{--spacer-size:50px;}@media(max-width:1024px){.elementor-58 .elementor-element.elementor-element-f330585{margin-top:25px;margin-bottom:25px;}}<\/style>\t\t<div data-elementor-type=\"section\" data-elementor-id=\"58\" class=\"elementor elementor-58\" data-elementor-post-type=\"elementor_library\">\n\t\t\t\t\t<section class=\"elementor-section elementor-top-section elementor-element elementor-element-f330585 elementor-section-boxed elementor-section-height-default elementor-section-height-default\" data-id=\"f330585\" data-element_type=\"section\" data-e-type=\"section\" data-settings=\"{&quot;background_background&quot;:&quot;classic&quot;}\">\n\t\t\t\t\t\t\t<div class=\"elementor-background-overlay\"><\/div>\n\t\t\t\t\t\t\t<div class=\"elementor-container elementor-column-gap-default\">\n\t\t\t\t\t<div class=\"elementor-column elementor-col-100 elementor-top-column elementor-element elementor-element-6b60505\" data-id=\"6b60505\" data-element_type=\"column\" data-e-type=\"column\">\n\t\t\t<div class=\"elementor-widget-wrap elementor-element-populated\">\n\t\t\t\t\t\t<div class=\"elementor-element elementor-element-9c8a140 elementor-widget elementor-widget-spacer\" data-id=\"9c8a140\" data-element_type=\"widget\" data-e-type=\"widget\" data-widget_type=\"spacer.default\">\n\t\t\t\t<div class=\"elementor-widget-container\">\n\t\t\t\t\t\t\t<div class=\"elementor-spacer\">\n\t\t\t<div class=\"elementor-spacer-inner\"><\/div>\n\t\t<\/div>\n\t\t\t\t\t\t<\/div>\n\t\t\t\t<\/div>\n\t\t\t\t<div class=\"elementor-element elementor-element-2abb24b elementor-widget elementor-widget-text-editor\" data-id=\"2abb24b\" data-element_type=\"widget\" data-e-type=\"widget\" data-widget_type=\"text-editor.default\">\n\t\t\t\t<div class=\"elementor-widget-container\">\n\t\t\t\t\t\t\t\t\t<h3>Richiedi l&#8217;accesso a<\/h3><h2>Passione Professionale PRO<\/h2><p>Scopri il listino riservato ai professionisti\u00a0<\/p>\t\t\t\t\t\t\t\t<\/div>\n\t\t\t\t<\/div>\n\t\t\t\t<div class=\"elementor-element elementor-element-b2992aa elementor-align-center elementor-widget elementor-widget-button\" data-id=\"b2992aa\" data-element_type=\"widget\" data-e-type=\"widget\" data-widget_type=\"button.default\">\n\t\t\t\t<div class=\"elementor-widget-container\">\n\t\t\t\t\t\t\t\t\t<div class=\"elementor-button-wrapper\">\n\t\t\t\t\t<a class=\"elementor-button elementor-button-link elementor-size-sm\" href=\"https:\/\/passioneprofessionale.it\/pro\/\">\n\t\t\t\t\t\t<span class=\"elementor-button-content-wrapper\">\n\t\t\t\t\t\t\t\t\t<span class=\"elementor-button-text\">DIVENTA PRO<\/span>\n\t\t\t\t\t<\/span>\n\t\t\t\t\t<\/a>\n\t\t\t\t<\/div>\n\t\t\t\t\t\t\t\t<\/div>\n\t\t\t\t<\/div>\n\t\t\t\t<div class=\"elementor-element elementor-element-413434d elementor-widget elementor-widget-spacer\" data-id=\"413434d\" data-element_type=\"widget\" data-e-type=\"widget\" data-widget_type=\"spacer.default\">\n\t\t\t\t<div class=\"elementor-widget-container\">\n\t\t\t\t\t\t\t<div class=\"elementor-spacer\">\n\t\t\t<div class=\"elementor-spacer-inner\"><\/div>\n\t\t<\/div>\n\t\t\t\t\t\t<\/div>\n\t\t\t\t<\/div>\n\t\t\t\t\t<\/div>\n\t\t<\/div>\n\t\t\t\t\t<\/div>\n\t\t<\/section>\n\t\t\t\t<\/div>\n\t\t\n\n\n<h3 class=\"wp-block-heading\">Miglior crema viso per pelle matura e grassa<\/h3>\n\n\n\n<p>Anche la pelle matura pu\u00f2 essere grassa e a tendenza acneica. Con l\u2019et\u00e0, infatti, possono coesistere rughe e segni di invecchiamento con pori dilatati e lucidit\u00e0 eccessiva. In questi casi, \u00e8 necessario un trattamento che agisca su pi\u00f9 fronti: idratazione equilibrata, azione sebo-regolatrice e supporto alla sintesi di collagene ed elastina.<\/p>\n\n\n\n<div class=\"wp-block-media-text is-stacked-on-mobile\"><figure class=\"wp-block-media-text__media\"><img fetchpriority=\"high\" decoding=\"async\" width=\"792\" height=\"1024\" src=\"https:\/\/passioneprofessionale.it\/blog\/wp-content\/uploads\/2025\/10\/skinsystem-crema-viso-pelli-grasse-aloe-vera-250-ml-792x1024.jpg\" alt=\"\" class=\"wp-image-1193 size-full\" srcset=\"https:\/\/passioneprofessionale.it\/blog\/wp-content\/uploads\/2025\/10\/skinsystem-crema-viso-pelli-grasse-aloe-vera-250-ml-792x1024.jpg 792w, https:\/\/passioneprofessionale.it\/blog\/wp-content\/uploads\/2025\/10\/skinsystem-crema-viso-pelli-grasse-aloe-vera-250-ml-232x300.jpg 232w, https:\/\/passioneprofessionale.it\/blog\/wp-content\/uploads\/2025\/10\/skinsystem-crema-viso-pelli-grasse-aloe-vera-250-ml-768x993.jpg 768w, https:\/\/passioneprofessionale.it\/blog\/wp-content\/uploads\/2025\/10\/skinsystem-crema-viso-pelli-grasse-aloe-vera-250-ml.jpg 1100w\" sizes=\"(max-width: 792px) 100vw, 792px\" \/><\/figure><div class=\"wp-block-media-text__content\">\n<p>Un prodotto professionale che risponde a queste esigenze \u00e8 <a href=\"https:\/\/passioneprofessionale.it\/skinsystem-crema-viso-pelli-grasse-aloe-vera-250-ml\"><strong>SkinSystem Crema Viso Pelli Grasse Aloe Vera<\/strong><\/a>.<br>Questa crema \u00e8 <strong>disintossicante, cicatrizzante e battericida<\/strong>, formulata per <strong>riequilibrare la secrezione sebacea<\/strong> ed eliminare il fastidioso aspetto lucido. La sua azione \u00e8 doppia: da un lato riduce l\u2019attacco dei batteri responsabili di irritazioni e foruncoliti, dall\u2019altro favorisce la rigenerazione della pelle.<\/p>\n<\/div><\/div>\n\n\n\n<p>La sinergia tra <strong>Collagene<\/strong> e <strong>Aloe Vera<\/strong> stimola la sintesi di elastina, conferendo al derma tono ed elasticit\u00e0. Questo la rende particolarmente indicata per chi, pur avendo pelle grassa, vuole preservare compattezza e luminosit\u00e0.<\/p>\n\n\n\n<p>Grazie alla sua texture leggera e all\u2019assorbimento rapido, questa crema \u00e8 perfetta anche come base trucco, lasciando la pelle opaca ma morbida e idratata.<\/p>\n\n\n\n<h3 class=\"wp-block-heading\">Miglior crema viso per pelle grassa a tendenza acneica<\/h3>\n\n\n\n<p>Quando la pelle grassa \u00e8 accompagnata da brufoli, punti neri e infiammazioni ricorrenti, \u00e8 essenziale utilizzare una crema riequilibrante per il viso con <strong>azione purificante, lenitiva e preventiva<\/strong>. In questi casi, la scelta del prodotto pu\u00f2 fare la differenza tra un miglioramento visibile e un peggioramento della situazione.<\/p>\n\n\n\n<div class=\"wp-block-media-text has-media-on-the-right is-stacked-on-mobile\"><div class=\"wp-block-media-text__content\">\n<p>Un\u2019eccellente soluzione professionale \u00e8 <a href=\"https:\/\/passioneprofessionale.it\/muster-benexere-23v-crema-pelli-impure-riequilibrante-viso-250-ml\"><strong>Muster Benexere 23V Crema Pelli Impure Riequilibrante Viso<\/strong><\/a>.<br>Questa crema ha propriet\u00e0 <strong>antinfiammatorie, astringenti, decongestionanti e antisettiche<\/strong>, prevenendo la formazione di nuove impurit\u00e0 e riducendo le irritazioni cutanee esistenti. La sua formula \u00e8 arricchita con <strong>Vitamina F<\/strong>, che aiuta a mantenere l\u2019integrit\u00e0 cutanea, e <strong>oligoelementi<\/strong>, che riattivano le funzioni cellulari.<\/p>\n<\/div><figure class=\"wp-block-media-text__media\"><img decoding=\"async\" width=\"792\" height=\"1024\" src=\"https:\/\/passioneprofessionale.it\/blog\/wp-content\/uploads\/2025\/10\/muster-benexere-23v-crema-pelli-impure-riequilibrante-viso-250-ml-792x1024.jpg\" alt=\"\" class=\"wp-image-1194 size-full\" srcset=\"https:\/\/passioneprofessionale.it\/blog\/wp-content\/uploads\/2025\/10\/muster-benexere-23v-crema-pelli-impure-riequilibrante-viso-250-ml-792x1024.jpg 792w, https:\/\/passioneprofessionale.it\/blog\/wp-content\/uploads\/2025\/10\/muster-benexere-23v-crema-pelli-impure-riequilibrante-viso-250-ml-232x300.jpg 232w, https:\/\/passioneprofessionale.it\/blog\/wp-content\/uploads\/2025\/10\/muster-benexere-23v-crema-pelli-impure-riequilibrante-viso-250-ml-768x993.jpg 768w, https:\/\/passioneprofessionale.it\/blog\/wp-content\/uploads\/2025\/10\/muster-benexere-23v-crema-pelli-impure-riequilibrante-viso-250-ml.jpg 1100w\" sizes=\"(max-width: 792px) 100vw, 792px\" \/><\/figure><\/div>\n\n\n\n<p>Agisce come <strong>seboregolatore<\/strong> e contiene <strong>filtri UV<\/strong> per proteggere la pelle dai danni del sole, spesso aggravanti per l\u2019acne. La sua azione riepitelizzante e antiossidante favorisce la scomparsa delle imperfezioni e contrasta l\u2019invecchiamento precoce.<\/p>\n\n\n\n<p>Indicata per pelli <strong>asfitiche, comedoniche e acneiche<\/strong>, questa crema non solo tratta i problemi esistenti, ma crea anche una barriera protettiva contro nuovi fattori irritanti.<\/p>\n\n\n\n<h3 class=\"wp-block-heading\">Miglior crema viso per pelle mista e grassa<\/h3>\n\n\n\n<p>La pelle mista \u00e8 una combinazione di aree grasse (solitamente la zona T: fronte, naso e mento) e zone normali o secche (come le guance). In questo caso, \u00e8 fondamentale scegliere una crema che idrati in modo equilibrato senza appesantire, adattandosi alle diverse esigenze delle varie zone del viso.<\/p>\n\n\n\n<div class=\"wp-block-media-text is-stacked-on-mobile\"><figure class=\"wp-block-media-text__media\"><img decoding=\"async\" width=\"792\" height=\"1024\" src=\"https:\/\/passioneprofessionale.it\/blog\/wp-content\/uploads\/2025\/10\/skinsystem-gel-viso-idratante-aqua-resource-50-ml-792x1024.jpg\" alt=\"\" class=\"wp-image-1195 size-full\" srcset=\"https:\/\/passioneprofessionale.it\/blog\/wp-content\/uploads\/2025\/10\/skinsystem-gel-viso-idratante-aqua-resource-50-ml-792x1024.jpg 792w, https:\/\/passioneprofessionale.it\/blog\/wp-content\/uploads\/2025\/10\/skinsystem-gel-viso-idratante-aqua-resource-50-ml-232x300.jpg 232w, https:\/\/passioneprofessionale.it\/blog\/wp-content\/uploads\/2025\/10\/skinsystem-gel-viso-idratante-aqua-resource-50-ml-768x993.jpg 768w, https:\/\/passioneprofessionale.it\/blog\/wp-content\/uploads\/2025\/10\/skinsystem-gel-viso-idratante-aqua-resource-50-ml.jpg 1100w\" sizes=\"(max-width: 792px) 100vw, 792px\" \/><\/figure><div class=\"wp-block-media-text__content\">\n<p>Un prodotto perfetto per questo tipo di pelle \u00e8 <a href=\"https:\/\/passioneprofessionale.it\/skinsystem-gel-viso-idratante-aqua-resource-50-ml\"><strong>SkinSystem Gel Viso Idratante Aqua Resource<\/strong><\/a>.<br>Si tratta di una <strong>crema non-oil dalla consistenza in gel<\/strong>, che offre una sensazione immediata di freschezza e idratazione. La sua formula <strong>oil free<\/strong> si assorbe rapidamente senza ungere, donando un\u2019idratazione immediata e duratura.<\/p>\n<\/div><\/div>\n\n\n\n<p>Lascia la pelle <strong>vellutata e rimpolpata<\/strong>, migliorando visibilmente la grana cutanea. Si tratta di una crema viso dalla texture fresca e leggera, ideale per la pelle grassa e mista. Inoltre, ha anche un <strong>effetto opacizzante<\/strong> ed \u00e8 perfetta come base per il trucco, permettendo di evitare l\u2019effetto lucido durante la giornata.<\/p>\n\n\n\n<p>Trovi questi e altri prodotti per pelle grassa, impura e mista, sull\u2019e-commerce di <a href=\"https:\/\/passioneprofessionale.it\/forniture-estetiste\"><strong>forniture per estetiste<\/strong><\/a><strong> e parrucchieri<\/strong> di <strong>Passione Professionale<\/strong>.&nbsp;<\/p>\n","protected":false},"excerpt":{"rendered":"<p>La pelle grassa e a tendenza acneica \u00e8 una delle pi\u00f9 difficili da gestire: richiede cure costanti, prodotti specifici e un\u2019attenzione particolare alla scelta dei cosmetici. L\u2019eccesso di sebo, i pori dilatati, le impurit\u00e0 e le imperfezioni possono compromettere l\u2019aspetto e la salute della pelle, causando disagi sia estetici che psicologici. La buona notizia \u00e8 [&hellip;]<\/p>\n","protected":false},"author":1,"featured_media":1196,"comment_status":"closed","ping_status":"closed","sticky":false,"template":"","format":"standard","meta":{"footnotes":""},"categories":[19],"tags":[],"class_list":["post-1192","post","type-post","status-publish","format-standard","has-post-thumbnail","hentry","category-estetisti"],"_links":{"self":[{"href":"https:\/\/passioneprofessionale.it\/blog\/wp-json\/wp\/v2\/posts\/1192","targetHints":{"allow":["GET"]}}],"collection":[{"href":"https:\/\/passioneprofessionale.it\/blog\/wp-json\/wp\/v2\/posts"}],"about":[{"href":"https:\/\/passioneprofessionale.it\/blog\/wp-json\/wp\/v2\/types\/post"}],"author":[{"embeddable":true,"href":"https:\/\/passioneprofessionale.it\/blog\/wp-json\/wp\/v2\/users\/1"}],"replies":[{"embeddable":true,"href":"https:\/\/passioneprofessionale.it\/blog\/wp-json\/wp\/v2\/comments?post=1192"}],"version-history":[{"count":1,"href":"https:\/\/passioneprofessionale.it\/blog\/wp-json\/wp\/v2\/posts\/1192\/revisions"}],"predecessor-version":[{"id":1197,"href":"https:\/\/passioneprofessionale.it\/blog\/wp-json\/wp\/v2\/posts\/1192\/revisions\/1197"}],"wp:featuredmedia":[{"embeddable":true,"href":"https:\/\/passioneprofessionale.it\/blog\/wp-json\/wp\/v2\/media\/1196"}],"wp:attachment":[{"href":"https:\/\/passioneprofessionale.it\/blog\/wp-json\/wp\/v2\/media?parent=1192"}],"wp:term":[{"taxonomy":"category","embeddable":true,"href":"https:\/\/passioneprofessionale.it\/blog\/wp-json\/wp\/v2\/categories?post=1192"},{"taxonomy":"post_tag","embeddable":true,"href":"https:\/\/passioneprofessionale.it\/blog\/wp-json\/wp\/v2\/tags?post=1192"}],"curies":[{"name":"wp","href":"https:\/\/api.w.org\/{rel}","templated":true}]}}