{"id":1198,"date":"2025-08-20T17:00:12","date_gmt":"2025-08-20T15:00:12","guid":{"rendered":"https:\/\/passioneprofessionale.it\/blog\/?p=1198"},"modified":"2025-10-24T17:03:16","modified_gmt":"2025-10-24T15:03:16","slug":"crema-viso-pelle-secca","status":"publish","type":"post","link":"https:\/\/passioneprofessionale.it\/blog\/crema-viso-pelle-secca\/","title":{"rendered":"Crema viso per pelle secca e sensibile: qual \u00e8 la migliore?"},"content":{"rendered":"\n<p>La <strong>pelle secca e sensibile<\/strong> \u00e8 una delle condizioni cutanee pi\u00f9 difficili da trattare e mantenere in equilibrio. \u00c8 caratterizzata da una ridotta produzione di sebo e da una barriera cutanea fragile, che la rende pi\u00f9 esposta a <strong>rossori<\/strong>, <strong>screpolature <\/strong>e <strong>irritazioni<\/strong>. Le persone con questo tipo di pelle spesso avvertono una sensazione di tensione, prurito o bruciore, soprattutto in presenza di vento, freddo o sbalzi di temperatura.<\/p>\n\n\n\n<p>La scelta della <strong>crema viso per pelli sensibili<\/strong> pi\u00f9 adatta \u00e8 quindi un passaggio fondamentale non solo per migliorare l\u2019aspetto estetico, ma anche per garantire comfort e benessere alla pelle.<\/p>\n\n\n\n<p>In <strong>Passione Professionale<\/strong>, negozio di <a href=\"https:\/\/passioneprofessionale.it\/forniture-estetiste\"><strong>forniture per estetiste<\/strong><\/a><strong> e parrucchieri<\/strong>, selezioniamo solo prodotti professionali in grado di combinare <strong>idratazione intensa, protezione e azione lenitiva<\/strong>. In questa guida, scoprirai quali sono le caratteristiche essenziali di una buona crema per pelle secca e sensibile e alcune delle migliori proposte professionali per diversi bisogni specifici.<\/p>\n\n\n\n<h2 class=\"wp-block-heading\">Qual \u00e8 la migliore crema viso per pelle secca e sensibile?<\/h2>\n\n\n\n<p>Per individuare la crema viso ideale, \u00e8 necessario considerare <strong>tre fattori principali<\/strong>:<\/p>\n\n\n\n<ol class=\"wp-block-list\">\n<li><strong>Idratazione profonda e duratura<\/strong> \u2013 essenziale per ripristinare il corretto equilibrio idrolipidico e ridurre la secchezza.<br><\/li>\n\n\n\n<li><strong>Propriet\u00e0 lenitive<\/strong> \u2013 per calmare rossori, irritazioni e fastidi cutanei.<br><\/li>\n\n\n\n<li><strong>Protezione dagli agenti esterni<\/strong> \u2013 per difendere la pelle sensibile da inquinamento, freddo, vento e sbalzi termici.<br><\/li>\n<\/ol>\n\n\n\n<p>Inoltre, le formulazioni pi\u00f9 efficaci per pelli secche e sensibili sono ricche di attivi come <strong>acido ialuronico, collagene, burro di karit\u00e9, oli vegetali nutrienti, vitamine antiossidanti e estratti botanici lenitivi<\/strong>.<\/p>\n\n\n\n<p>Nelle prossime sezioni analizzeremo tre diverse tipologie di crema viso per pelle secca e sensibile, ciascuna studiata per rispondere a esigenze specifiche: pelli mature, pelli disidratate e pelli ultrasensibili.<\/p>\n\n\n<style>.elementor-58 .elementor-element.elementor-element-f330585:not(.elementor-motion-effects-element-type-background), .elementor-58 .elementor-element.elementor-element-f330585 > .elementor-motion-effects-container > .elementor-motion-effects-layer{background-image:url(\"https:\/\/passioneprofessionale.it\/blog\/wp-content\/uploads\/2021\/06\/beauty-service-shop-pro.jpg\");background-position:center center;background-size:cover;}.elementor-58 .elementor-element.elementor-element-f330585 > .elementor-background-overlay{background-color:#000000;opacity:0.5;mix-blend-mode:multiply;transition:background 0.3s, border-radius 0.3s, opacity 0.3s;}.elementor-58 .elementor-element.elementor-element-f330585{border-style:solid;border-width:5px 5px 5px 5px;border-color:var( --e-global-color-primary );transition:background 0.3s, border 0.3s, border-radius 0.3s, box-shadow 0.3s;margin-top:50px;margin-bottom:50px;}.elementor-58 .elementor-element.elementor-element-f330585, .elementor-58 .elementor-element.elementor-element-f330585 > .elementor-background-overlay{border-radius:25px 25px 25px 25px;}.elementor-58 .elementor-element.elementor-element-9c8a140{--spacer-size:50px;}.elementor-widget-text-editor{font-family:var( --e-global-typography-text-font-family ), Sans-serif;font-weight:var( --e-global-typography-text-font-weight );color:var( --e-global-color-text );}.elementor-widget-text-editor.elementor-drop-cap-view-stacked .elementor-drop-cap{background-color:var( --e-global-color-primary );}.elementor-widget-text-editor.elementor-drop-cap-view-framed .elementor-drop-cap, .elementor-widget-text-editor.elementor-drop-cap-view-default .elementor-drop-cap{color:var( --e-global-color-primary );border-color:var( --e-global-color-primary );}.elementor-58 .elementor-element.elementor-element-2abb24b{text-align:center;color:#FFFFFF;}.elementor-widget-button .elementor-button{font-family:var( --e-global-typography-accent-font-family ), Sans-serif;font-weight:var( --e-global-typography-accent-font-weight );background-color:var( --e-global-color-accent );}.elementor-58 .elementor-element.elementor-element-413434d{--spacer-size:50px;}@media(max-width:1024px){.elementor-58 .elementor-element.elementor-element-f330585{margin-top:25px;margin-bottom:25px;}}<\/style>\t\t<div data-elementor-type=\"section\" data-elementor-id=\"58\" class=\"elementor elementor-58\" data-elementor-post-type=\"elementor_library\">\n\t\t\t\t\t<section class=\"elementor-section elementor-top-section elementor-element elementor-element-f330585 elementor-section-boxed elementor-section-height-default elementor-section-height-default\" data-id=\"f330585\" data-element_type=\"section\" data-e-type=\"section\" data-settings=\"{&quot;background_background&quot;:&quot;classic&quot;}\">\n\t\t\t\t\t\t\t<div class=\"elementor-background-overlay\"><\/div>\n\t\t\t\t\t\t\t<div class=\"elementor-container elementor-column-gap-default\">\n\t\t\t\t\t<div class=\"elementor-column elementor-col-100 elementor-top-column elementor-element elementor-element-6b60505\" data-id=\"6b60505\" data-element_type=\"column\" data-e-type=\"column\">\n\t\t\t<div class=\"elementor-widget-wrap elementor-element-populated\">\n\t\t\t\t\t\t<div class=\"elementor-element elementor-element-9c8a140 elementor-widget elementor-widget-spacer\" data-id=\"9c8a140\" data-element_type=\"widget\" data-e-type=\"widget\" data-widget_type=\"spacer.default\">\n\t\t\t\t<div class=\"elementor-widget-container\">\n\t\t\t\t\t\t\t<div class=\"elementor-spacer\">\n\t\t\t<div class=\"elementor-spacer-inner\"><\/div>\n\t\t<\/div>\n\t\t\t\t\t\t<\/div>\n\t\t\t\t<\/div>\n\t\t\t\t<div class=\"elementor-element elementor-element-2abb24b elementor-widget elementor-widget-text-editor\" data-id=\"2abb24b\" data-element_type=\"widget\" data-e-type=\"widget\" data-widget_type=\"text-editor.default\">\n\t\t\t\t<div class=\"elementor-widget-container\">\n\t\t\t\t\t\t\t\t\t<h3>Richiedi l&#8217;accesso a<\/h3><h2>Passione Professionale PRO<\/h2><p>Scopri il listino riservato ai professionisti\u00a0<\/p>\t\t\t\t\t\t\t\t<\/div>\n\t\t\t\t<\/div>\n\t\t\t\t<div class=\"elementor-element elementor-element-b2992aa elementor-align-center elementor-widget elementor-widget-button\" data-id=\"b2992aa\" data-element_type=\"widget\" data-e-type=\"widget\" data-widget_type=\"button.default\">\n\t\t\t\t<div class=\"elementor-widget-container\">\n\t\t\t\t\t\t\t\t\t<div class=\"elementor-button-wrapper\">\n\t\t\t\t\t<a class=\"elementor-button elementor-button-link elementor-size-sm\" href=\"https:\/\/passioneprofessionale.it\/pro\/\">\n\t\t\t\t\t\t<span class=\"elementor-button-content-wrapper\">\n\t\t\t\t\t\t\t\t\t<span class=\"elementor-button-text\">DIVENTA PRO<\/span>\n\t\t\t\t\t<\/span>\n\t\t\t\t\t<\/a>\n\t\t\t\t<\/div>\n\t\t\t\t\t\t\t\t<\/div>\n\t\t\t\t<\/div>\n\t\t\t\t<div class=\"elementor-element elementor-element-413434d elementor-widget elementor-widget-spacer\" data-id=\"413434d\" data-element_type=\"widget\" data-e-type=\"widget\" data-widget_type=\"spacer.default\">\n\t\t\t\t<div class=\"elementor-widget-container\">\n\t\t\t\t\t\t\t<div class=\"elementor-spacer\">\n\t\t\t<div class=\"elementor-spacer-inner\"><\/div>\n\t\t<\/div>\n\t\t\t\t\t\t<\/div>\n\t\t\t\t<\/div>\n\t\t\t\t\t<\/div>\n\t\t<\/div>\n\t\t\t\t\t<\/div>\n\t\t<\/section>\n\t\t\t\t<\/div>\n\t\t\n\n\n<h3 class=\"wp-block-heading\">Miglior crema viso per pelle matura e sensibile<\/h3>\n\n\n\n<p>Con l\u2019avanzare dell\u2019et\u00e0, la pelle secca e sensibile diventa ancora pi\u00f9 fragile: la produzione di collagene ed elastina diminuisce, la barriera cutanea si assottiglia e la capacit\u00e0 di trattenere l\u2019idratazione si riduce. Questo comporta un aumento della visibilit\u00e0 delle rughe e una maggiore suscettibilit\u00e0 a irritazioni e rossori.<\/p>\n\n\n\n<p>Una crema viso antirughe per pelle matura e sensibile deve quindi unire <strong>idratazione intensa, nutrimento profondo e azione antiet\u00e0<\/strong>. Gli ingredienti chiave comprendono peptidi distensivi, vitamine antiossidanti e oli emollienti capaci di rinforzare la pelle dall\u2019interno.<\/p>\n\n\n\n<div class=\"wp-block-media-text is-stacked-on-mobile\"><figure class=\"wp-block-media-text__media\"><img fetchpriority=\"high\" decoding=\"async\" width=\"792\" height=\"1024\" src=\"https:\/\/passioneprofessionale.it\/blog\/wp-content\/uploads\/2025\/10\/skinsystem-crema-viso-pelli-secche-e-sensibili-syn-ake-250-ml-792x1024.jpg\" alt=\"\" class=\"wp-image-1199 size-full\" srcset=\"https:\/\/passioneprofessionale.it\/blog\/wp-content\/uploads\/2025\/10\/skinsystem-crema-viso-pelli-secche-e-sensibili-syn-ake-250-ml-792x1024.jpg 792w, https:\/\/passioneprofessionale.it\/blog\/wp-content\/uploads\/2025\/10\/skinsystem-crema-viso-pelli-secche-e-sensibili-syn-ake-250-ml-232x300.jpg 232w, https:\/\/passioneprofessionale.it\/blog\/wp-content\/uploads\/2025\/10\/skinsystem-crema-viso-pelli-secche-e-sensibili-syn-ake-250-ml-768x993.jpg 768w, https:\/\/passioneprofessionale.it\/blog\/wp-content\/uploads\/2025\/10\/skinsystem-crema-viso-pelli-secche-e-sensibili-syn-ake-250-ml.jpg 1100w\" sizes=\"(max-width: 792px) 100vw, 792px\" \/><\/figure><div class=\"wp-block-media-text__content\">\n<p><a href=\"https:\/\/passioneprofessionale.it\/skinsystem-crema-viso-pelli-secche-e-sensibili-syn-ake-250-ml\"><strong>SkinSystem Crema Viso Pelli Secche e Sensibili Syn Ake<\/strong><\/a> \u00e8 un\u2019eccellenza in questo segmento. Si tratta di una preziosa crema 24h a forte azione idratante e anti-age, formulata con <strong>Syn-Ake<\/strong>, un coadiuvante dermocosmetico innovativo che rilassa e distende la muscolatura facciale, riducendo visibilmente le rughe in poche applicazioni.<\/p>\n<\/div><\/div>\n\n\n\n<p>La <strong>Vitamina A<\/strong> e la <strong>Vitamina E<\/strong> presenti in formula ripristinano le membrane cellulari di collagene ed elastina, migliorando tono, elasticit\u00e0 e idratazione. La pelle appare cos\u00ec pi\u00f9 distesa, compatta e luminosa, con un visibile miglioramento del comfort cutaneo.<\/p>\n\n\n\n<h3 class=\"wp-block-heading\">Miglior crema viso idratante per pelli secche e sensibili<\/h3>\n\n\n\n<p>La disidratazione \u00e8 uno dei problemi principali della pelle secca e sensibile. Non si tratta solo di una mancanza momentanea di acqua nello strato superficiale, ma spesso di una carenza strutturale dovuta a una barriera cutanea indebolita. In questi casi, la crema deve fornire <strong>idratazione immediata e di lunga durata<\/strong>, oltre a contribuire alla riparazione della pelle.<\/p>\n\n\n\n<p>I prodotti ideali in questa categoria contengono <strong>collagene, vitamine, agenti umettanti e lenitivi naturali<\/strong> per ripristinare la morbidezza e la resistenza della pelle.<\/p>\n\n\n\n<div class=\"wp-block-media-text has-media-on-the-right is-stacked-on-mobile\"><div class=\"wp-block-media-text__content\">\n<p><a href=\"https:\/\/passioneprofessionale.it\/regea-naturae-crema-viso-idratazione-profonda-250-ml\"><strong>Regea Naturae Crema Viso Idratazione Profonda<\/strong><\/a><strong> <\/strong>risponde perfettamente a queste esigenze. Arricchita con <strong>collagene marino<\/strong> e <strong>Vitamina E<\/strong>, offre un\u2019idratazione intensa, mentre l\u2019<strong>allantoina<\/strong> e i <strong>glicosaminoglicani<\/strong> favoriscono la rigenerazione cellulare. Gli estratti di <strong>calendula<\/strong> e <strong>rusco<\/strong> apportano un\u2019azione lenitiva e decongestionante, calmando rossori e rendendo la pelle morbida e vellutata.<\/p>\n<\/div><figure class=\"wp-block-media-text__media\"><img decoding=\"async\" width=\"792\" height=\"1024\" src=\"https:\/\/passioneprofessionale.it\/blog\/wp-content\/uploads\/2025\/10\/regea-naturae-crema-viso-idratazione-profonda-250-ml-792x1024.jpg\" alt=\"\" class=\"wp-image-1200 size-full\" srcset=\"https:\/\/passioneprofessionale.it\/blog\/wp-content\/uploads\/2025\/10\/regea-naturae-crema-viso-idratazione-profonda-250-ml-792x1024.jpg 792w, https:\/\/passioneprofessionale.it\/blog\/wp-content\/uploads\/2025\/10\/regea-naturae-crema-viso-idratazione-profonda-250-ml-232x300.jpg 232w, https:\/\/passioneprofessionale.it\/blog\/wp-content\/uploads\/2025\/10\/regea-naturae-crema-viso-idratazione-profonda-250-ml-768x993.jpg 768w, https:\/\/passioneprofessionale.it\/blog\/wp-content\/uploads\/2025\/10\/regea-naturae-crema-viso-idratazione-profonda-250-ml.jpg 1100w\" sizes=\"(max-width: 792px) 100vw, 792px\" \/><\/figure><\/div>\n\n\n\n<h3 class=\"wp-block-heading\">Miglior crema lenitiva viso per pelli molto sensibili<\/h3>\n\n\n\n<p>Le pelli ultrasensibili o con problematiche come <strong>couperose <\/strong>e <strong>rosacea <\/strong>necessitano di cure particolarmente delicate. In questi casi, anche piccoli sbalzi termici o determinati cosmetici possono scatenare reazioni cutanee indesiderate.<\/p>\n\n\n\n<p>Una crema lenitiva viso specifica per pelli molto sensibili deve quindi contenere <strong>attivi protettivi e antinfiammatori<\/strong>, essere priva di ingredienti potenzialmente irritanti e avere una texture leggera ma protettiva. L\u2019obiettivo \u00e8 ridurre i rossori, calmare il prurito e rinforzare la barriera cutanea.<\/p>\n\n\n\n<div class=\"wp-block-media-text is-stacked-on-mobile\"><figure class=\"wp-block-media-text__media\"><img decoding=\"async\" width=\"792\" height=\"1024\" src=\"https:\/\/passioneprofessionale.it\/blog\/wp-content\/uploads\/2025\/10\/muster-benexere-55v-crema-giorno-pelli-ultrasensibili-250-ml-792x1024.jpg\" alt=\"\" class=\"wp-image-1201 size-full\" srcset=\"https:\/\/passioneprofessionale.it\/blog\/wp-content\/uploads\/2025\/10\/muster-benexere-55v-crema-giorno-pelli-ultrasensibili-250-ml-792x1024.jpg 792w, https:\/\/passioneprofessionale.it\/blog\/wp-content\/uploads\/2025\/10\/muster-benexere-55v-crema-giorno-pelli-ultrasensibili-250-ml-232x300.jpg 232w, https:\/\/passioneprofessionale.it\/blog\/wp-content\/uploads\/2025\/10\/muster-benexere-55v-crema-giorno-pelli-ultrasensibili-250-ml-768x993.jpg 768w, https:\/\/passioneprofessionale.it\/blog\/wp-content\/uploads\/2025\/10\/muster-benexere-55v-crema-giorno-pelli-ultrasensibili-250-ml.jpg 1100w\" sizes=\"(max-width: 792px) 100vw, 792px\" \/><\/figure><div class=\"wp-block-media-text__content\">\n<p><a href=\"https:\/\/passioneprofessionale.it\/muster-benexere-55v-crema-giorno-pelli-ultrasensibili-250-ml\"><strong>Muster Benexere 55V Crema Giorno Pelli Ultrasensibili<\/strong><\/a><strong> <\/strong>\u00e8 un trattamento altamente protettivo e lenitivo. Indicato per pelli fragili, irritate e couperosiche, offre propriet\u00e0 <strong>rinfrescanti<\/strong>, <strong>idratanti<\/strong>, <strong>anticomedogeniche<\/strong>, <strong>antiossidanti <\/strong>e <strong>antinfiammatorie<\/strong>. Crea una barriera difensiva contro gli agenti esterni e mantiene la pelle idratata e confortevole per tutto il giorno, anche sotto il trucco.<\/p>\n<\/div><\/div>\n\n\n\n<p>Trovi tutte queste creme per pelle secca e sensibile, insieme a molte altre, nell\u2019e-shop di<strong> <\/strong><a href=\"https:\/\/passioneprofessionale.it\/forniture-parrucchieri\"><strong>forniture per parrucchieri<\/strong><\/a><strong> ed estetiste <\/strong>di <strong>Passione Professionale<\/strong>.&nbsp;<\/p>\n","protected":false},"excerpt":{"rendered":"<p>La pelle secca e sensibile \u00e8 una delle condizioni cutanee pi\u00f9 difficili da trattare e mantenere in equilibrio. \u00c8 caratterizzata da una ridotta produzione di sebo e da una barriera cutanea fragile, che la rende pi\u00f9 esposta a rossori, screpolature e irritazioni. Le persone con questo tipo di pelle spesso avvertono una sensazione di tensione, [&hellip;]<\/p>\n","protected":false},"author":1,"featured_media":1202,"comment_status":"closed","ping_status":"closed","sticky":false,"template":"","format":"standard","meta":{"footnotes":""},"categories":[19],"tags":[],"class_list":["post-1198","post","type-post","status-publish","format-standard","has-post-thumbnail","hentry","category-estetisti"],"_links":{"self":[{"href":"https:\/\/passioneprofessionale.it\/blog\/wp-json\/wp\/v2\/posts\/1198","targetHints":{"allow":["GET"]}}],"collection":[{"href":"https:\/\/passioneprofessionale.it\/blog\/wp-json\/wp\/v2\/posts"}],"about":[{"href":"https:\/\/passioneprofessionale.it\/blog\/wp-json\/wp\/v2\/types\/post"}],"author":[{"embeddable":true,"href":"https:\/\/passioneprofessionale.it\/blog\/wp-json\/wp\/v2\/users\/1"}],"replies":[{"embeddable":true,"href":"https:\/\/passioneprofessionale.it\/blog\/wp-json\/wp\/v2\/comments?post=1198"}],"version-history":[{"count":1,"href":"https:\/\/passioneprofessionale.it\/blog\/wp-json\/wp\/v2\/posts\/1198\/revisions"}],"predecessor-version":[{"id":1203,"href":"https:\/\/passioneprofessionale.it\/blog\/wp-json\/wp\/v2\/posts\/1198\/revisions\/1203"}],"wp:featuredmedia":[{"embeddable":true,"href":"https:\/\/passioneprofessionale.it\/blog\/wp-json\/wp\/v2\/media\/1202"}],"wp:attachment":[{"href":"https:\/\/passioneprofessionale.it\/blog\/wp-json\/wp\/v2\/media?parent=1198"}],"wp:term":[{"taxonomy":"category","embeddable":true,"href":"https:\/\/passioneprofessionale.it\/blog\/wp-json\/wp\/v2\/categories?post=1198"},{"taxonomy":"post_tag","embeddable":true,"href":"https:\/\/passioneprofessionale.it\/blog\/wp-json\/wp\/v2\/tags?post=1198"}],"curies":[{"name":"wp","href":"https:\/\/api.w.org\/{rel}","templated":true}]}}