{"id":1218,"date":"2025-09-18T17:12:57","date_gmt":"2025-09-18T15:12:57","guid":{"rendered":"https:\/\/passioneprofessionale.it\/blog\/?p=1218"},"modified":"2025-10-24T17:19:26","modified_gmt":"2025-10-24T15:19:26","slug":"fibre-infoltenti-capelli","status":"publish","type":"post","link":"https:\/\/passioneprofessionale.it\/blog\/fibre-infoltenti-capelli\/","title":{"rendered":"Fibre infoltenti per capelli: che cosa sono e come si usano"},"content":{"rendered":"\n<p>La <strong>perdita di capelli<\/strong> o il <strong>diradamento <\/strong>sono situazioni che colpiscono molte persone, sia uomini che donne, e che possono avere un impatto significativo sull\u2019autostima. Negli ultimi anni il mercato della cosmetica professionale ha introdotto soluzioni innovative pensate non solo per mascherare il problema in modo naturale, ma anche per restituire immediatamente l\u2019aspetto di una chioma folta e curata. Tra queste, le <strong>fibre infoltenti per capelli <\/strong>hanno conquistato un ruolo centrale, grazie alla loro efficacia e semplicit\u00e0 di utilizzo.<\/p>\n\n\n\n<p>In questa guida di <strong>Passione Professionale<\/strong>, negozio specializzato in<strong> <\/strong><a href=\"https:\/\/passioneprofessionale.it\/forniture-estetiste\"><strong>forniture per estetiste <\/strong><\/a><strong>e parrucchieri<\/strong>, forniremo una panoramica completa su questo prodotto, illustrando come funziona, come applicarlo correttamente e quali sono le migliori fibre disponibili oggi sul mercato professionale.<\/p>\n\n\n\n<h2 class=\"wp-block-heading\">Che cosa sono le fibre infoltenti per capelli<\/h2>\n\n\n\n<p>Le <strong>fibre infoltenti per capelli<\/strong> sono minuscole particelle composte da materiali come la cheratina naturale, il cotone o sostanze simili alla struttura del capello. Si applicano direttamente sulle aree diradate del cuoio capelluto, dove si legano elettrostaticamente ai capelli gi\u00e0 presenti, creando immediatamente l\u2019effetto di una capigliatura pi\u00f9 piena e uniforme.<\/p>\n\n\n\n<p>Il principio di funzionamento \u00e8 semplice: queste fibre si attaccano ai fusti dei capelli grazie alla <strong>carica elettrostatica<\/strong>, aumentando il volume visivo della chioma e mascherando il diradamento. L\u2019effetto \u00e8 immediato e naturale, tanto che, una volta applicate, le fibre risultano praticamente indistinguibili dai capelli originali.<\/p>\n\n\n<style>.elementor-58 .elementor-element.elementor-element-f330585:not(.elementor-motion-effects-element-type-background), .elementor-58 .elementor-element.elementor-element-f330585 > .elementor-motion-effects-container > .elementor-motion-effects-layer{background-image:url(\"https:\/\/passioneprofessionale.it\/blog\/wp-content\/uploads\/2021\/06\/beauty-service-shop-pro.jpg\");background-position:center center;background-size:cover;}.elementor-58 .elementor-element.elementor-element-f330585 > .elementor-background-overlay{background-color:#000000;opacity:0.5;mix-blend-mode:multiply;transition:background 0.3s, border-radius 0.3s, opacity 0.3s;}.elementor-58 .elementor-element.elementor-element-f330585{border-style:solid;border-width:5px 5px 5px 5px;border-color:var( --e-global-color-primary );transition:background 0.3s, border 0.3s, border-radius 0.3s, box-shadow 0.3s;margin-top:50px;margin-bottom:50px;}.elementor-58 .elementor-element.elementor-element-f330585, .elementor-58 .elementor-element.elementor-element-f330585 > .elementor-background-overlay{border-radius:25px 25px 25px 25px;}.elementor-58 .elementor-element.elementor-element-9c8a140{--spacer-size:50px;}.elementor-widget-text-editor{font-family:var( --e-global-typography-text-font-family ), Sans-serif;font-weight:var( --e-global-typography-text-font-weight );color:var( --e-global-color-text );}.elementor-widget-text-editor.elementor-drop-cap-view-stacked .elementor-drop-cap{background-color:var( --e-global-color-primary );}.elementor-widget-text-editor.elementor-drop-cap-view-framed .elementor-drop-cap, .elementor-widget-text-editor.elementor-drop-cap-view-default .elementor-drop-cap{color:var( --e-global-color-primary );border-color:var( --e-global-color-primary );}.elementor-58 .elementor-element.elementor-element-2abb24b{text-align:center;color:#FFFFFF;}.elementor-widget-button .elementor-button{font-family:var( --e-global-typography-accent-font-family ), Sans-serif;font-weight:var( --e-global-typography-accent-font-weight );background-color:var( --e-global-color-accent );}.elementor-58 .elementor-element.elementor-element-413434d{--spacer-size:50px;}@media(max-width:1024px){.elementor-58 .elementor-element.elementor-element-f330585{margin-top:25px;margin-bottom:25px;}}<\/style>\t\t<div data-elementor-type=\"section\" data-elementor-id=\"58\" class=\"elementor elementor-58\" data-elementor-post-type=\"elementor_library\">\n\t\t\t\t\t<section class=\"elementor-section elementor-top-section elementor-element elementor-element-f330585 elementor-section-boxed elementor-section-height-default elementor-section-height-default\" data-id=\"f330585\" data-element_type=\"section\" data-e-type=\"section\" data-settings=\"{&quot;background_background&quot;:&quot;classic&quot;}\">\n\t\t\t\t\t\t\t<div class=\"elementor-background-overlay\"><\/div>\n\t\t\t\t\t\t\t<div class=\"elementor-container elementor-column-gap-default\">\n\t\t\t\t\t<div class=\"elementor-column elementor-col-100 elementor-top-column elementor-element elementor-element-6b60505\" data-id=\"6b60505\" data-element_type=\"column\" data-e-type=\"column\">\n\t\t\t<div class=\"elementor-widget-wrap elementor-element-populated\">\n\t\t\t\t\t\t<div class=\"elementor-element elementor-element-9c8a140 elementor-widget elementor-widget-spacer\" data-id=\"9c8a140\" data-element_type=\"widget\" data-e-type=\"widget\" data-widget_type=\"spacer.default\">\n\t\t\t\t<div class=\"elementor-widget-container\">\n\t\t\t\t\t\t\t<div class=\"elementor-spacer\">\n\t\t\t<div class=\"elementor-spacer-inner\"><\/div>\n\t\t<\/div>\n\t\t\t\t\t\t<\/div>\n\t\t\t\t<\/div>\n\t\t\t\t<div class=\"elementor-element elementor-element-2abb24b elementor-widget elementor-widget-text-editor\" data-id=\"2abb24b\" data-element_type=\"widget\" data-e-type=\"widget\" data-widget_type=\"text-editor.default\">\n\t\t\t\t<div class=\"elementor-widget-container\">\n\t\t\t\t\t\t\t\t\t<h3>Richiedi l&#8217;accesso a<\/h3><h2>Passione Professionale PRO<\/h2><p>Scopri il listino riservato ai professionisti\u00a0<\/p>\t\t\t\t\t\t\t\t<\/div>\n\t\t\t\t<\/div>\n\t\t\t\t<div class=\"elementor-element elementor-element-b2992aa elementor-align-center elementor-widget elementor-widget-button\" data-id=\"b2992aa\" data-element_type=\"widget\" data-e-type=\"widget\" data-widget_type=\"button.default\">\n\t\t\t\t<div class=\"elementor-widget-container\">\n\t\t\t\t\t\t\t\t\t<div class=\"elementor-button-wrapper\">\n\t\t\t\t\t<a class=\"elementor-button elementor-button-link elementor-size-sm\" href=\"https:\/\/passioneprofessionale.it\/pro\/\">\n\t\t\t\t\t\t<span class=\"elementor-button-content-wrapper\">\n\t\t\t\t\t\t\t\t\t<span class=\"elementor-button-text\">DIVENTA PRO<\/span>\n\t\t\t\t\t<\/span>\n\t\t\t\t\t<\/a>\n\t\t\t\t<\/div>\n\t\t\t\t\t\t\t\t<\/div>\n\t\t\t\t<\/div>\n\t\t\t\t<div class=\"elementor-element elementor-element-413434d elementor-widget elementor-widget-spacer\" data-id=\"413434d\" data-element_type=\"widget\" data-e-type=\"widget\" data-widget_type=\"spacer.default\">\n\t\t\t\t<div class=\"elementor-widget-container\">\n\t\t\t\t\t\t\t<div class=\"elementor-spacer\">\n\t\t\t<div class=\"elementor-spacer-inner\"><\/div>\n\t\t<\/div>\n\t\t\t\t\t\t<\/div>\n\t\t\t\t<\/div>\n\t\t\t\t\t<\/div>\n\t\t<\/div>\n\t\t\t\t\t<\/div>\n\t\t<\/section>\n\t\t\t\t<\/div>\n\t\t\n\n\n<h3 class=\"wp-block-heading\">Le fibre infoltenti fanno male?<\/h3>\n\n\n\n<p>Una delle domande pi\u00f9 comuni riguarda la <strong>sicurezza di questi prodotti<\/strong>. Ovviamente, le fibre infoltenti per capelli sono sicure e non rovinano i capelli gi\u00e0 presenti o la cute, a patto che si scelgano prodotti di qualit\u00e0, formulati con ingredienti sicuri e<strong> dermatologicamente testati<\/strong>.&nbsp;<\/p>\n\n\n\n<p>Non si tratta dunque di un trattamento invasivo, n\u00e9 di un prodotto che provoca caduta dei capelli. Al contrario, possono essere utilizzate quotidianamente <strong>senza effetti collaterali<\/strong>, purch\u00e9 vengano applicate e rimosse correttamente.&nbsp;<\/p>\n\n\n\n<p>Le fibre infoltenti sono quindi una soluzione cosmetica temporanea e sicura, perfetta per chi desidera migliorare l\u2019aspetto della propria chioma senza ricorrere a trattamenti invasivi o a soluzioni pi\u00f9 impegnative come il <strong>trapianto<\/strong>.<\/p>\n\n\n\n<h2 class=\"wp-block-heading\">Come applicare le fibre infoltenti per capelli<\/h2>\n\n\n\n<p>L\u2019applicazione delle fibre infoltenti per capelli \u00e8 un procedimento semplice, ma richiede attenzione per ottenere un risultato naturale e duraturo. Il primo passo fondamentale \u00e8 la <strong>scelta del colore giusto<\/strong>: le fibre devono essere della stessa tonalit\u00e0 dei capelli naturali, altrimenti l\u2019effetto risulterebbe artificiale. I migliori marchi professionali offrono una vasta gamma di nuance, dai biondi pi\u00f9 chiari ai neri intensi, fino a tonalit\u00e0 particolari, garantendo un\u2019integrazione perfetta con qualsiasi chioma.<\/p>\n\n\n\n<p>Le fibre vanno applicate solo su capelli asciutti, mantenendo il flacone a una distanza di <strong>20-30 centimetri<\/strong> e picchiettando delicatamente per distribuirle in modo uniforme sulle zone diradate. Successivamente \u00e8 utile <strong>pettinare con delicatezza <\/strong>per fondere meglio le fibre ai capelli naturali e rimuovere eventuali eccessi.<\/p>\n\n\n\n<div class=\"wp-block-media-text is-stacked-on-mobile\"><figure class=\"wp-block-media-text__media\"><img fetchpriority=\"high\" decoding=\"async\" width=\"792\" height=\"1024\" src=\"https:\/\/passioneprofessionale.it\/blog\/wp-content\/uploads\/2025\/10\/sibel-hair-sculptor-spray-fissativo-100-ml-792x1024.jpg\" alt=\"\" class=\"wp-image-1219 size-full\" srcset=\"https:\/\/passioneprofessionale.it\/blog\/wp-content\/uploads\/2025\/10\/sibel-hair-sculptor-spray-fissativo-100-ml-792x1024.jpg 792w, https:\/\/passioneprofessionale.it\/blog\/wp-content\/uploads\/2025\/10\/sibel-hair-sculptor-spray-fissativo-100-ml-232x300.jpg 232w, https:\/\/passioneprofessionale.it\/blog\/wp-content\/uploads\/2025\/10\/sibel-hair-sculptor-spray-fissativo-100-ml-768x993.jpg 768w, https:\/\/passioneprofessionale.it\/blog\/wp-content\/uploads\/2025\/10\/sibel-hair-sculptor-spray-fissativo-100-ml.jpg 1100w\" sizes=\"(max-width: 792px) 100vw, 792px\" \/><\/figure><div class=\"wp-block-media-text__content\">\n<p>Per <strong>fissare il risultato <\/strong>e assicurarsi che le fibre restino al loro posto per tutta la giornata, \u00e8 consigliato l\u2019uso di uno spray apposito. Tra i migliori prodotti vi \u00e8 lo <a href=\"https:\/\/passioneprofessionale.it\/sibel-hair-sculptor-spray-fissativo-100-ml\"><strong>Spray fissativo Hair Sculptor di Sibel<\/strong><\/a>, sviluppato per garantire un\u2019aderenza ottimale anche su capelli sottili. Questo fissativo crea una barriera protettiva contro vento, pioggia e sudore, rendendo l\u2019effetto resistente e naturale.<\/p>\n<\/div><\/div>\n\n\n\n<h2 class=\"wp-block-heading\">Fibre infoltenti per capelli: quali sono le migliori e dove trovarle<\/h2>\n\n\n\n<p>Il mercato delle fibre infoltenti \u00e8 ampio e diversificato, ma non tutti i prodotti garantiscono la stessa qualit\u00e0 e resa professionale. Per ottenere un risultato davvero soddisfacente, \u00e8 fondamentale affidarsi a <strong>marchi riconosciuti <\/strong>come Sibel, L3vel3 e Tricomix.&nbsp;<\/p>\n\n\n\n<div class=\"wp-block-media-text has-media-on-the-right is-stacked-on-mobile\"><div class=\"wp-block-media-text__content\">\n<p>Le fibre infoltenti<a href=\"https:\/\/passioneprofessionale.it\/l3vel3-hair-fibers-black-275-gr-fibre-capillari-infoltenti\"> <strong>L3vel3 Hair Fibers<\/strong> <\/a>rappresentano una delle soluzioni pi\u00f9 apprezzate. Si distinguono per la loro capacit\u00e0 di dare l\u2019impressione di capelli folti e voluminosi in pochi secondi.<\/p>\n<\/div><figure class=\"wp-block-media-text__media\"><img decoding=\"async\" width=\"792\" height=\"1024\" src=\"https:\/\/passioneprofessionale.it\/blog\/wp-content\/uploads\/2025\/10\/l3vel3-hair-fibers-black-275-gr-fibre-capillari-infoltenti-792x1024.jpg\" alt=\"\" class=\"wp-image-1220 size-full\" srcset=\"https:\/\/passioneprofessionale.it\/blog\/wp-content\/uploads\/2025\/10\/l3vel3-hair-fibers-black-275-gr-fibre-capillari-infoltenti-792x1024.jpg 792w, https:\/\/passioneprofessionale.it\/blog\/wp-content\/uploads\/2025\/10\/l3vel3-hair-fibers-black-275-gr-fibre-capillari-infoltenti-232x300.jpg 232w, https:\/\/passioneprofessionale.it\/blog\/wp-content\/uploads\/2025\/10\/l3vel3-hair-fibers-black-275-gr-fibre-capillari-infoltenti-768x993.jpg 768w, https:\/\/passioneprofessionale.it\/blog\/wp-content\/uploads\/2025\/10\/l3vel3-hair-fibers-black-275-gr-fibre-capillari-infoltenti.jpg 1100w\" sizes=\"(max-width: 792px) 100vw, 792px\" \/><\/figure><\/div>\n\n\n\n<p>Queste fibre infoltenti sono praticamente <strong>identiche ai capelli naturali<\/strong>: si fondono perfettamente con quelli esistenti e risultano indistinguibili anche a distanza ravvicinata. Sono adatte a uomini e donne, a prescindere dal tipo di capello, e garantiscono una copertura di precisione che maschera efficacemente le zone diradate.<\/p>\n\n\n\n<div class=\"wp-block-media-text is-stacked-on-mobile\"><figure class=\"wp-block-media-text__media\"><img decoding=\"async\" width=\"792\" height=\"1024\" src=\"https:\/\/passioneprofessionale.it\/blog\/wp-content\/uploads\/2025\/10\/sibel-hair-sculptor-fibre-infoltenti-marrone-scuro-25-gr-792x1024.jpg\" alt=\"\" class=\"wp-image-1221 size-full\" srcset=\"https:\/\/passioneprofessionale.it\/blog\/wp-content\/uploads\/2025\/10\/sibel-hair-sculptor-fibre-infoltenti-marrone-scuro-25-gr-792x1024.jpg 792w, https:\/\/passioneprofessionale.it\/blog\/wp-content\/uploads\/2025\/10\/sibel-hair-sculptor-fibre-infoltenti-marrone-scuro-25-gr-232x300.jpg 232w, https:\/\/passioneprofessionale.it\/blog\/wp-content\/uploads\/2025\/10\/sibel-hair-sculptor-fibre-infoltenti-marrone-scuro-25-gr-768x993.jpg 768w, https:\/\/passioneprofessionale.it\/blog\/wp-content\/uploads\/2025\/10\/sibel-hair-sculptor-fibre-infoltenti-marrone-scuro-25-gr.jpg 1100w\" sizes=\"(max-width: 792px) 100vw, 792px\" \/><\/figure><div class=\"wp-block-media-text__content\">\n<p>Le<a href=\"https:\/\/passioneprofessionale.it\/sibel-hair-sculptor-fibre-infoltenti-marrone-scuro-25-gr\"> <strong>fibre infoltenti Hair Sculptor di Sibel<\/strong><\/a> sono un altro prodotto di eccellenza. Realizzate in <strong>cotone<\/strong>, riempiono istantaneamente le aree diradate e restituiscono un aspetto pieno e naturale. Una volta fissate con lo spray apposito, resistono al vento, alla pioggia e al sudore, garantendo un risultato ottimale anche in condizioni ambientali difficili.<\/p>\n<\/div><\/div>\n\n\n\n<p>Grazie alla loro composizione, queste fibre si mescolano perfettamente ai capelli naturali, creando un effetto volumizzante immediato e naturale. Sono ideali per chi cerca una soluzione affidabile, <strong>facile da applicare e resistente<\/strong>.<\/p>\n\n\n\n<div class=\"wp-block-media-text has-media-on-the-right is-stacked-on-mobile\"><div class=\"wp-block-media-text__content\">\n<p>Le <a href=\"https:\/\/passioneprofessionale.it\/tricomix-fibre-di-cheratina-infoltenti-volumizzanti-contro-il-diradamento-dei-capelli-castano-chiaro-27-gr\"><strong>fibre infoltenti Tricomax<\/strong> <\/a>sono realizzate con <strong>cheratina naturale<\/strong> di altissima qualit\u00e0, selezionata e analizzata nei laboratori di ricerca. Si legano elettrostaticamente a ogni tipo di capello, uniformandosi perfettamente e resistendo a pioggia, vento, sudore e persino al tatto.<\/p>\n<\/div><figure class=\"wp-block-media-text__media\"><img loading=\"lazy\" decoding=\"async\" width=\"792\" height=\"1024\" src=\"https:\/\/passioneprofessionale.it\/blog\/wp-content\/uploads\/2025\/10\/tricomix-fibre-di-cheratina-infoltenti-volumizzanti-contro-il-diradamento-dei-capelli-castano-chiaro-27-gr-792x1024.jpg\" alt=\"\" class=\"wp-image-1222 size-full\" srcset=\"https:\/\/passioneprofessionale.it\/blog\/wp-content\/uploads\/2025\/10\/tricomix-fibre-di-cheratina-infoltenti-volumizzanti-contro-il-diradamento-dei-capelli-castano-chiaro-27-gr-792x1024.jpg 792w, https:\/\/passioneprofessionale.it\/blog\/wp-content\/uploads\/2025\/10\/tricomix-fibre-di-cheratina-infoltenti-volumizzanti-contro-il-diradamento-dei-capelli-castano-chiaro-27-gr-232x300.jpg 232w, https:\/\/passioneprofessionale.it\/blog\/wp-content\/uploads\/2025\/10\/tricomix-fibre-di-cheratina-infoltenti-volumizzanti-contro-il-diradamento-dei-capelli-castano-chiaro-27-gr-768x993.jpg 768w, https:\/\/passioneprofessionale.it\/blog\/wp-content\/uploads\/2025\/10\/tricomix-fibre-di-cheratina-infoltenti-volumizzanti-contro-il-diradamento-dei-capelli-castano-chiaro-27-gr.jpg 1100w\" sizes=\"(max-width: 792px) 100vw, 792px\" \/><\/figure><\/div>\n\n\n\n<p>Grazie alla cheratina, queste fibre si integrano con la struttura stessa del capello, rendendo la chioma visibilmente pi\u00f9<strong> folta e corposa<\/strong>.<\/p>\n\n\n\n<p>Tutti e tre i prodotti \u2013 <strong>L3vel3 Hair Fibers<\/strong>, <strong>Hair Sculptor Sibel<\/strong> e <strong>Tricomix<\/strong> \u2013 sono disponibili in una <strong>vasta gamma di colorazioni<\/strong>, pensate per adattarsi perfettamente a qualsiasi tonalit\u00e0 di capelli. Questa variet\u00e0 garantisce la possibilit\u00e0 di trovare sempre la nuance giusta per ottenere un effetto uniforme e naturale.<\/p>\n\n\n\n<p>Da <strong>Passione Professionale<\/strong>, negozio online di riferimento per<a href=\"https:\/\/passioneprofessionale.it\/forniture-parrucchieri\"><strong> forniture per parrucchieri <\/strong><\/a><strong>ed estetiste<\/strong>, mettiamo a disposizione questi e molti altri prodotti selezionati, offrendo la garanzia di qualit\u00e0 e l\u2019esperienza di un partner specializzato nel settore.<\/p>\n","protected":false},"excerpt":{"rendered":"<p>La perdita di capelli o il diradamento sono situazioni che colpiscono molte persone, sia uomini che donne, e che possono avere un impatto significativo sull\u2019autostima. Negli ultimi anni il mercato della cosmetica professionale ha introdotto soluzioni innovative pensate non solo per mascherare il problema in modo naturale, ma anche per restituire immediatamente l\u2019aspetto di una [&hellip;]<\/p>\n","protected":false},"author":1,"featured_media":1223,"comment_status":"closed","ping_status":"closed","sticky":false,"template":"","format":"standard","meta":{"footnotes":""},"categories":[7,10],"tags":[],"class_list":["post-1218","post","type-post","status-publish","format-standard","has-post-thumbnail","hentry","category-parrucchieri","category-barbieri"],"_links":{"self":[{"href":"https:\/\/passioneprofessionale.it\/blog\/wp-json\/wp\/v2\/posts\/1218","targetHints":{"allow":["GET"]}}],"collection":[{"href":"https:\/\/passioneprofessionale.it\/blog\/wp-json\/wp\/v2\/posts"}],"about":[{"href":"https:\/\/passioneprofessionale.it\/blog\/wp-json\/wp\/v2\/types\/post"}],"author":[{"embeddable":true,"href":"https:\/\/passioneprofessionale.it\/blog\/wp-json\/wp\/v2\/users\/1"}],"replies":[{"embeddable":true,"href":"https:\/\/passioneprofessionale.it\/blog\/wp-json\/wp\/v2\/comments?post=1218"}],"version-history":[{"count":1,"href":"https:\/\/passioneprofessionale.it\/blog\/wp-json\/wp\/v2\/posts\/1218\/revisions"}],"predecessor-version":[{"id":1224,"href":"https:\/\/passioneprofessionale.it\/blog\/wp-json\/wp\/v2\/posts\/1218\/revisions\/1224"}],"wp:featuredmedia":[{"embeddable":true,"href":"https:\/\/passioneprofessionale.it\/blog\/wp-json\/wp\/v2\/media\/1223"}],"wp:attachment":[{"href":"https:\/\/passioneprofessionale.it\/blog\/wp-json\/wp\/v2\/media?parent=1218"}],"wp:term":[{"taxonomy":"category","embeddable":true,"href":"https:\/\/passioneprofessionale.it\/blog\/wp-json\/wp\/v2\/categories?post=1218"},{"taxonomy":"post_tag","embeddable":true,"href":"https:\/\/passioneprofessionale.it\/blog\/wp-json\/wp\/v2\/tags?post=1218"}],"curies":[{"name":"wp","href":"https:\/\/api.w.org\/{rel}","templated":true}]}}