{"id":124,"date":"2021-07-30T15:04:00","date_gmt":"2021-07-30T15:04:00","guid":{"rendered":"https:\/\/blog.passioneprofessionale.it\/?p=124"},"modified":"2021-07-28T15:15:52","modified_gmt":"2021-07-28T15:15:52","slug":"wahl-macchinetta-barba","status":"publish","type":"post","link":"https:\/\/passioneprofessionale.it\/blog\/wahl-macchinetta-barba\/","title":{"rendered":"Wahl Macchinetta Barba: qual \u00e8 la migliore?"},"content":{"rendered":"\n<p><em>Scopriamo la migliore <a href=\"https:\/\/passioneprofessionale.it\/brand\/30-wahl\">Wahl<\/a> macchinetta barba, le sue caratteristiche principali e perch\u00e9 \u00e8 amata dai professionisti<\/em><\/p>\n\n\n\n<p>In un salone da barbiere <strong>la cura della barba<\/strong> gioca un ruolo fondamentale, la maggior parte dei clienti, infatti, oltre al servizio taglio o altri, ama farsi aggiustare la barba da un professionista che, oltre alla mano esperta, ha a disposizione <strong>le giuste strumentazioni<\/strong>, cos\u00ec da poter ricevere un risultato ottimale.<\/p>\n\n\n\n<p>Esistono tantissime tipologie di <strong>macchinette per la barba<\/strong>, perch\u00e9 ogni professionista ha il suo stile, chi usa le macchinette tagliacapelli o tosatrici, chi usi gli strumenti da rifinitura o sfumatura, chi i regolabarba, chi i rasoi, e chi fa un mix di tutto questo per raggiungere il miglior risultato.<\/p>\n\n\n\n<p>Tuttavia, per avere sempre il risultato garantito basta affidarsi al marchio leader del settore e punto di riferimento per i professionisti di tutto il mondo, parliamo del produttore americano di <strong>macchinette professionali Wahl<\/strong>.<\/p>\n\n\n\n<p>Esistono diverse tipologie di <strong>Wahl macchinetta barba<\/strong>, ognuna con le sue caratteristiche, come vedremo nel dettaglio, ma tutti di ottima qualit\u00e0 e standard elevati.<\/p>\n\n\n\n<p>Noi di <em>PassioneProfessionale<\/em>, che lavoriamo nel settore delle <a href=\"https:\/\/passioneprofessionale.it\/\">forniture per barbieri<\/a>, parrucchieri ed estetiste da molti anni con impegno, abbiamo inserito nel nostro store online dedicato ai professionisti la <strong>Wahl macchinetta per barba<\/strong>, nelle sue varianti, proprio perch\u00e9 <strong>sinonimo di qualit\u00e0<\/strong>.<\/p>\n\n\n\n<p>Vediamo, allora, <strong>qual \u00e8 la Wahl macchinetta per barba migliore<\/strong> in assoluto.<\/p>\n\n\n\n<h2 class=\"wp-block-heading\">Wahl macchinetta barba: le offerte<\/h2>\n\n\n\n<p>Wahl \u00e8 uno dei marchi pi\u00f9 conosciuti e apprezzati nel panorama mondiale di <strong>macchinette per barba e capelli<\/strong>, i suoi prodotti sono molto funzionali, e vengono ideati pensando ad un uso professionale, per questo motivo sono davvero imbattibili.<\/p>\n\n\n\n<p>Nel nostro shop online <em>PassioneProfessionale<\/em> puoi trovare <strong>le migliori Wahl macchinette per barba<\/strong>, tutte di ottima qualit\u00e0, ecco quali sono e le loro principali <strong>caratteristiche<\/strong>.<\/p>\n\n\n\n<h3 class=\"wp-block-heading\">Wahl macchinetta barba: Detailer Cordless Trimmer<\/h3>\n\n\n\n<p>Parliamo di una delle migliori macchinette del marchio, se non la migliore in assoluto, funzionale sia per la barba che per i capelli.<\/p>\n\n\n\n<p><strong>La Wahl macchinetta da barba <em>Detailer<\/em><\/strong> \u00e8 un prodotto davvero di eccellenza, potente, versatile, maneggevole.<\/p>\n\n\n\n<p>Tra i suoi principali punti di forza ci sono sicuramente la lama zero overlap e la testina T-Blade, che garantiscono risultati ottimali in ogni circostanza.<\/p>\n\n\n\n<p>Questa <strong>macchinetta da barba<\/strong> \u00e8 un prodotto perfetto e pratico per i saloni, perch\u00e9 ogni 5 minuti di ricarica pu\u00f2 funzionare per 14, inoltre grazie alla possibilit\u00e0 di utilizzare o meno il cavo pu\u00f2 essere ricaricata mentre non si utilizza o scambiata velocemente di postazione.<\/p>\n\n\n\n<p>\u00c8 un prodotto potente dal design leggero, pratica e maneggevole.<\/p>\n\n\n\n<h3 class=\"wp-block-heading\">Wahl macchinetta barba: Finale Finishing Tool<\/h3>\n\n\n\n<p><strong>La Wahl macchinetta da barba <em>Finale<\/em><\/strong> \u00e8 un rasoio davvero molto professionale e particolarmente amato nei saloni da barbiere, anche perch\u00e9 \u00e8 ipoallergenico e tende a non irritare la pelle, lasciandola morbida.<\/p>\n\n\n\n<p>La forza di questo prodotto risiede sia nel motore DC potente e prestante, sia nella facilit\u00e0 di utilizzo.<\/p>\n\n\n\n<p>Parliamo infatti di una macchinetta leggera, pesa 160 grammi, e particolarmente compatta, facile da tenere in mano anche per lunghi periodi.<\/p>\n\n\n\n<p>Inoltre, \u00e8 molto funzionale perch\u00e9 ha una durata notevole di autonomia di 80 minuti, e si ricarica al 100% in due ore.<\/p>\n\n\n\n<h3 class=\"wp-block-heading\">Wahl macchinetta barba: Mobile Shaver Rasoio Elettrico<\/h3>\n\n\n\n<p><strong>Il modello <em>Mobile Shaver<\/em><\/strong> \u00e8 un rasoio elettrico molto apprezzato per lavorare sulla barba, perch\u00e9 \u00e8 comodo, in quanto piccolo e compatto, dalla forma ergonomica.<\/p>\n\n\n\n<p>Risulta essere particolarmente funzionale anche perch\u00e9 pu\u00f2 essere utilizzato con o senza filo, inoltre garantisce tre quarti d\u2019ora di run-time di funzionamento, dunque \u00e8 molto pratico.<\/p>\n\n\n\n<p>Un altro vantaggio di questa <strong>Wahl macchinetta per barba<\/strong> \u00e8 sicuramente il LED e l\u2019indicatore di carica.<\/p>\n\n\n\n<p>Dunque, <strong>qual \u00e8 la migliore Wahl macchinetta da barba sul mercato<\/strong>? Questo era il nostro podio, tutti prodotti di eccellenza, funzionali e durevoli, tuttavia, si distingue come <strong>migliore Wahl macchinetta da barba<\/strong> la <em>Finale Finishing Tool<\/em>, per potenza e precisione.<\/p>\n\n\n\n<p>Per il tuo salone da barbiere, inoltre, non dovrebbero mancare <strong>alcuni accessori del marchio Wahl<\/strong> davvero utili come, ad esempio:<\/p>\n\n\n\n<ul class=\"wp-block-list\"><li>la <em>Barber Station Toolmat<\/em>, un comodo <strong>tappetino<\/strong> in PVC, che ti aiuter\u00e0 a mantenere sempre le postazioni di lavoro ben organizzate e pulite<\/li><li>la pratica <strong>spazzola<\/strong> pennello da utilizzare per rimuovere i peli della barba <em>Pennellessa Spolverino<\/em><\/li><\/ul>\n\n\n\n<p>Potrai trovare questi, tanti altri accessori, e <strong>la migliore Wahl macchinetta da barba<\/strong> all\u2019interno del nostro store online <em>PassioneProfessionale<\/em>, dove da tanti anni vendiamo con amore, passione e a un prezzo davvero concorrenziale, solo i migliori prodotti di <a href=\"https:\/\/passioneprofessionale.it\/\">forniture per parrucchieri<\/a>, barbieri ed estetiste, ti aspettiamo.<\/p>\n","protected":false},"excerpt":{"rendered":"<p>Scopriamo la migliore Wahl macchinetta barba, le sue caratteristiche principali e perch\u00e9 \u00e8 amata dai professionisti In un salone da barbiere la cura della barba gioca un ruolo fondamentale, la maggior parte dei clienti, infatti, oltre al servizio taglio o altri, ama farsi aggiustare la barba da un professionista che, oltre alla mano esperta, ha [&hellip;]<\/p>\n","protected":false},"author":1,"featured_media":126,"comment_status":"open","ping_status":"closed","sticky":false,"template":"","format":"standard","meta":{"footnotes":""},"categories":[1],"tags":[],"class_list":["post-124","post","type-post","status-publish","format-standard","has-post-thumbnail","hentry","category-uncategorized"],"_links":{"self":[{"href":"https:\/\/passioneprofessionale.it\/blog\/wp-json\/wp\/v2\/posts\/124","targetHints":{"allow":["GET"]}}],"collection":[{"href":"https:\/\/passioneprofessionale.it\/blog\/wp-json\/wp\/v2\/posts"}],"about":[{"href":"https:\/\/passioneprofessionale.it\/blog\/wp-json\/wp\/v2\/types\/post"}],"author":[{"embeddable":true,"href":"https:\/\/passioneprofessionale.it\/blog\/wp-json\/wp\/v2\/users\/1"}],"replies":[{"embeddable":true,"href":"https:\/\/passioneprofessionale.it\/blog\/wp-json\/wp\/v2\/comments?post=124"}],"version-history":[{"count":3,"href":"https:\/\/passioneprofessionale.it\/blog\/wp-json\/wp\/v2\/posts\/124\/revisions"}],"predecessor-version":[{"id":128,"href":"https:\/\/passioneprofessionale.it\/blog\/wp-json\/wp\/v2\/posts\/124\/revisions\/128"}],"wp:featuredmedia":[{"embeddable":true,"href":"https:\/\/passioneprofessionale.it\/blog\/wp-json\/wp\/v2\/media\/126"}],"wp:attachment":[{"href":"https:\/\/passioneprofessionale.it\/blog\/wp-json\/wp\/v2\/media?parent=124"}],"wp:term":[{"taxonomy":"category","embeddable":true,"href":"https:\/\/passioneprofessionale.it\/blog\/wp-json\/wp\/v2\/categories?post=124"},{"taxonomy":"post_tag","embeddable":true,"href":"https:\/\/passioneprofessionale.it\/blog\/wp-json\/wp\/v2\/tags?post=124"}],"curies":[{"name":"wp","href":"https:\/\/api.w.org\/{rel}","templated":true}]}}