{"id":1250,"date":"2025-10-24T17:35:31","date_gmt":"2025-10-24T15:35:31","guid":{"rendered":"https:\/\/passioneprofessionale.it\/blog\/?p=1250"},"modified":"2025-10-24T17:35:37","modified_gmt":"2025-10-24T15:35:37","slug":"tonico-viso","status":"publish","type":"post","link":"https:\/\/passioneprofessionale.it\/blog\/tonico-viso\/","title":{"rendered":"Tonico viso: a cosa serve e quando e come applicarlo"},"content":{"rendered":"\n<p>Il mondo della skincare \u00e8 ricco di prodotti indispensabili per mantenere la pelle sana, luminosa e giovane. Uno di questi, spesso sottovalutato, \u00e8 il <strong>tonico viso<\/strong>. A differenza di quello che si pensa, il tonico ha un ruolo molto specifico ed importante nel percorso quotidiano di cura della pelle.&nbsp;<\/p>\n\n\n\n<p>In questa guida di <strong>Passione Professionale<\/strong>, negozio di <a href=\"https:\/\/passioneprofessionale.it\/forniture-estetiste\"><strong>forniture per estetiste <\/strong><\/a><strong>e parrucchieri<\/strong>, lo approfondiremo e vedremo nel dettaglio che cos\u2019\u00e8 il tonico viso, a cosa serve, quando applicarlo e come usarlo al meglio.&nbsp;<\/p>\n\n\n<style>.elementor-58 .elementor-element.elementor-element-f330585:not(.elementor-motion-effects-element-type-background), .elementor-58 .elementor-element.elementor-element-f330585 > .elementor-motion-effects-container > .elementor-motion-effects-layer{background-image:url(\"https:\/\/passioneprofessionale.it\/blog\/wp-content\/uploads\/2021\/06\/beauty-service-shop-pro.jpg\");background-position:center center;background-size:cover;}.elementor-58 .elementor-element.elementor-element-f330585 > .elementor-background-overlay{background-color:#000000;opacity:0.5;mix-blend-mode:multiply;transition:background 0.3s, border-radius 0.3s, opacity 0.3s;}.elementor-58 .elementor-element.elementor-element-f330585{border-style:solid;border-width:5px 5px 5px 5px;border-color:var( --e-global-color-primary );transition:background 0.3s, border 0.3s, border-radius 0.3s, box-shadow 0.3s;margin-top:50px;margin-bottom:50px;}.elementor-58 .elementor-element.elementor-element-f330585, .elementor-58 .elementor-element.elementor-element-f330585 > .elementor-background-overlay{border-radius:25px 25px 25px 25px;}.elementor-58 .elementor-element.elementor-element-9c8a140{--spacer-size:50px;}.elementor-widget-text-editor{font-family:var( --e-global-typography-text-font-family ), Sans-serif;font-weight:var( --e-global-typography-text-font-weight );color:var( --e-global-color-text );}.elementor-widget-text-editor.elementor-drop-cap-view-stacked .elementor-drop-cap{background-color:var( --e-global-color-primary );}.elementor-widget-text-editor.elementor-drop-cap-view-framed .elementor-drop-cap, .elementor-widget-text-editor.elementor-drop-cap-view-default .elementor-drop-cap{color:var( --e-global-color-primary );border-color:var( --e-global-color-primary );}.elementor-58 .elementor-element.elementor-element-2abb24b{text-align:center;color:#FFFFFF;}.elementor-widget-button .elementor-button{font-family:var( --e-global-typography-accent-font-family ), Sans-serif;font-weight:var( --e-global-typography-accent-font-weight );background-color:var( --e-global-color-accent );}.elementor-58 .elementor-element.elementor-element-413434d{--spacer-size:50px;}@media(max-width:1024px){.elementor-58 .elementor-element.elementor-element-f330585{margin-top:25px;margin-bottom:25px;}}<\/style>\t\t<div data-elementor-type=\"section\" data-elementor-id=\"58\" class=\"elementor elementor-58\" data-elementor-post-type=\"elementor_library\">\n\t\t\t\t\t<section class=\"elementor-section elementor-top-section elementor-element elementor-element-f330585 elementor-section-boxed elementor-section-height-default elementor-section-height-default\" data-id=\"f330585\" data-element_type=\"section\" data-e-type=\"section\" data-settings=\"{&quot;background_background&quot;:&quot;classic&quot;}\">\n\t\t\t\t\t\t\t<div class=\"elementor-background-overlay\"><\/div>\n\t\t\t\t\t\t\t<div class=\"elementor-container elementor-column-gap-default\">\n\t\t\t\t\t<div class=\"elementor-column elementor-col-100 elementor-top-column elementor-element elementor-element-6b60505\" data-id=\"6b60505\" data-element_type=\"column\" data-e-type=\"column\">\n\t\t\t<div class=\"elementor-widget-wrap elementor-element-populated\">\n\t\t\t\t\t\t<div class=\"elementor-element elementor-element-9c8a140 elementor-widget elementor-widget-spacer\" data-id=\"9c8a140\" data-element_type=\"widget\" data-e-type=\"widget\" data-widget_type=\"spacer.default\">\n\t\t\t\t<div class=\"elementor-widget-container\">\n\t\t\t\t\t\t\t<div class=\"elementor-spacer\">\n\t\t\t<div class=\"elementor-spacer-inner\"><\/div>\n\t\t<\/div>\n\t\t\t\t\t\t<\/div>\n\t\t\t\t<\/div>\n\t\t\t\t<div class=\"elementor-element elementor-element-2abb24b elementor-widget elementor-widget-text-editor\" data-id=\"2abb24b\" data-element_type=\"widget\" data-e-type=\"widget\" data-widget_type=\"text-editor.default\">\n\t\t\t\t<div class=\"elementor-widget-container\">\n\t\t\t\t\t\t\t\t\t<h3>Richiedi l&#8217;accesso a<\/h3><h2>Passione Professionale PRO<\/h2><p>Scopri il listino riservato ai professionisti\u00a0<\/p>\t\t\t\t\t\t\t\t<\/div>\n\t\t\t\t<\/div>\n\t\t\t\t<div class=\"elementor-element elementor-element-b2992aa elementor-align-center elementor-widget elementor-widget-button\" data-id=\"b2992aa\" data-element_type=\"widget\" data-e-type=\"widget\" data-widget_type=\"button.default\">\n\t\t\t\t<div class=\"elementor-widget-container\">\n\t\t\t\t\t\t\t\t\t<div class=\"elementor-button-wrapper\">\n\t\t\t\t\t<a class=\"elementor-button elementor-button-link elementor-size-sm\" href=\"https:\/\/passioneprofessionale.it\/pro\/\">\n\t\t\t\t\t\t<span class=\"elementor-button-content-wrapper\">\n\t\t\t\t\t\t\t\t\t<span class=\"elementor-button-text\">DIVENTA PRO<\/span>\n\t\t\t\t\t<\/span>\n\t\t\t\t\t<\/a>\n\t\t\t\t<\/div>\n\t\t\t\t\t\t\t\t<\/div>\n\t\t\t\t<\/div>\n\t\t\t\t<div class=\"elementor-element elementor-element-413434d elementor-widget elementor-widget-spacer\" data-id=\"413434d\" data-element_type=\"widget\" data-e-type=\"widget\" data-widget_type=\"spacer.default\">\n\t\t\t\t<div class=\"elementor-widget-container\">\n\t\t\t\t\t\t\t<div class=\"elementor-spacer\">\n\t\t\t<div class=\"elementor-spacer-inner\"><\/div>\n\t\t<\/div>\n\t\t\t\t\t\t<\/div>\n\t\t\t\t<\/div>\n\t\t\t\t\t<\/div>\n\t\t<\/div>\n\t\t\t\t\t<\/div>\n\t\t<\/section>\n\t\t\t\t<\/div>\n\t\t\n\n\n<h2 class=\"wp-block-heading\">Tonico viso: che cos\u2019\u00e8 e a cosa serve<\/h2>\n\n\n\n<p>Il tonico viso \u00e8 una<strong> lozione liquida<\/strong>, generalmente priva di oli, che viene applicata dopo la detersione e prima dell\u2019idratazione. La sua funzione primaria \u00e8 <strong>riequilibrare il pH <\/strong>cutaneo che pu\u00f2 alterarsi a seguito del contatto con acqua e detergenti.&nbsp;<\/p>\n\n\n\n<p>La pelle, infatti, ha un<strong> pH naturalmente acido<\/strong> che funge da barriera protettiva contro agenti esterni come smog, polvere e batteri. Dopo la detersione, questa barriera pu\u00f2 risultare temporaneamente indebolita. Il tonico riporta il pH a livelli fisiologici, riducendo la sensazione di pelle che tira, e favorendo un assorbimento ottimale di sieri e creme.<\/p>\n\n\n\n<p>Non solo: il tonico <strong>rimuove eventuali residui di impurit\u00e0<\/strong> rimasti sulla pelle, la prepara ad assorbire meglio i <strong>trattamenti successivi <\/strong>e contribuisce a mantenere il <strong>viso fresco e tonico<\/strong>.<\/p>\n\n\n\n<p>Tuttavia ogni formulazione \u00e8 pensata per rispondere a <strong>esigenze specifiche<\/strong>. Ad esempio, una pelle grassa necessita di ingredienti astringenti e sebo-regolatori, mentre una pelle secca trae beneficio da attivi idratanti ed emollienti.<\/p>\n\n\n\n<div class=\"wp-block-media-text is-stacked-on-mobile\"><figure class=\"wp-block-media-text__media\"><img fetchpriority=\"high\" decoding=\"async\" width=\"792\" height=\"1024\" src=\"https:\/\/passioneprofessionale.it\/blog\/wp-content\/uploads\/2025\/10\/skinsystem-tonico-viso-aloe-vera-500-ml-792x1024.jpg\" alt=\"\" class=\"wp-image-1251 size-full\" srcset=\"https:\/\/passioneprofessionale.it\/blog\/wp-content\/uploads\/2025\/10\/skinsystem-tonico-viso-aloe-vera-500-ml-792x1024.jpg 792w, https:\/\/passioneprofessionale.it\/blog\/wp-content\/uploads\/2025\/10\/skinsystem-tonico-viso-aloe-vera-500-ml-232x300.jpg 232w, https:\/\/passioneprofessionale.it\/blog\/wp-content\/uploads\/2025\/10\/skinsystem-tonico-viso-aloe-vera-500-ml-768x993.jpg 768w, https:\/\/passioneprofessionale.it\/blog\/wp-content\/uploads\/2025\/10\/skinsystem-tonico-viso-aloe-vera-500-ml.jpg 1100w\" sizes=\"(max-width: 792px) 100vw, 792px\" \/><\/figure><div class=\"wp-block-media-text__content\">\n<p>Un esempio perfetto di tonico adatto a <strong>pelli grasse e acneiche<\/strong> \u00e8 <a href=\"https:\/\/passioneprofessionale.it\/skinsystem-tonico-viso-aloe-vera-500-ml\"><strong>Skinsystem Tonico Viso all\u2019Aloe Vera<\/strong><\/a>. Si tratta di una lozione particolarmente delicata, arricchita da aloe vera e malva, che rinfresca e idrata senza appesantire. La sua formula contribuisce a riequilibrare la secrezione sebacea, riducendo l\u2019antiestetico effetto lucido tipico delle pelli impure.<\/p>\n<\/div><\/div>\n\n\n\n<p>I suoi principi attivi lo rendono un alleato fondamentale:<\/p>\n\n\n\n<ul class=\"wp-block-list\">\n<li><strong>Aloe vera<\/strong>: ricca di vitamine A, B, C, E e minerali, svolge un\u2019azione rigenerante e antiossidante. Contrasta lo stress ossidativo e supporta i naturali processi di difesa della pelle.<br><\/li>\n\n\n\n<li><strong>Malva<\/strong>: conosciuta per le propriet\u00e0 lenitive e vasoprotettrici, calma le irritazioni e dona sollievo alle pelli reattive.<\/li>\n<\/ul>\n\n\n\n<div class=\"wp-block-media-text has-media-on-the-right is-stacked-on-mobile\"><div class=\"wp-block-media-text__content\">\n<p>Per chi cerca invece un prodotto universale, adatto a <strong>tutti i tipi di pelle <\/strong>o a quelle <strong>che non hanno esigenze particolari<\/strong>, <a href=\"https:\/\/passioneprofessionale.it\/skinsystem-tonico-viso-multivitaminico-calendula-e-vitamina-e-500-ml\"><strong>Skinsystem Tonico Viso Multivitaminico alla Calendula e Vitamina E<\/strong><\/a> \u00e8 una soluzione ideale. La sua formula delicata, arricchita con estratto di calendula e vitamina E, tonifica, rinfresca e svolge un\u2019importante azione antiossidante.<\/p>\n<\/div><figure class=\"wp-block-media-text__media\"><img decoding=\"async\" width=\"792\" height=\"1024\" src=\"https:\/\/passioneprofessionale.it\/blog\/wp-content\/uploads\/2025\/10\/skinsystem-tonico-viso-multivitaminico-calendula-e-vitamina-e-500-ml-792x1024.jpg\" alt=\"\" class=\"wp-image-1252 size-full\" srcset=\"https:\/\/passioneprofessionale.it\/blog\/wp-content\/uploads\/2025\/10\/skinsystem-tonico-viso-multivitaminico-calendula-e-vitamina-e-500-ml-792x1024.jpg 792w, https:\/\/passioneprofessionale.it\/blog\/wp-content\/uploads\/2025\/10\/skinsystem-tonico-viso-multivitaminico-calendula-e-vitamina-e-500-ml-232x300.jpg 232w, https:\/\/passioneprofessionale.it\/blog\/wp-content\/uploads\/2025\/10\/skinsystem-tonico-viso-multivitaminico-calendula-e-vitamina-e-500-ml-768x993.jpg 768w, https:\/\/passioneprofessionale.it\/blog\/wp-content\/uploads\/2025\/10\/skinsystem-tonico-viso-multivitaminico-calendula-e-vitamina-e-500-ml.jpg 1100w\" sizes=\"(max-width: 792px) 100vw, 792px\" \/><\/figure><\/div>\n\n\n\n<ul class=\"wp-block-list\">\n<li><strong>Vitamina E<\/strong>: potente scudo contro i radicali liberi, rinforza e nutre la pelle rendendola pi\u00f9 elastica.<br><\/li>\n\n\n\n<li><strong>Calendula officinalis<\/strong>: perfetta per le pelli sensibili, svolge un\u2019azione calmante e decongestionante, ottima dopo la pulizia del viso.<\/li>\n<\/ul>\n\n\n\n<div class=\"wp-block-media-text is-stacked-on-mobile\"><figure class=\"wp-block-media-text__media\"><img decoding=\"async\" width=\"792\" height=\"1024\" src=\"https:\/\/passioneprofessionale.it\/blog\/wp-content\/uploads\/2025\/10\/regea-lozione-tonica-normalizzante-500-ml-792x1024.jpg\" alt=\"\" class=\"wp-image-1253 size-full\" srcset=\"https:\/\/passioneprofessionale.it\/blog\/wp-content\/uploads\/2025\/10\/regea-lozione-tonica-normalizzante-500-ml-792x1024.jpg 792w, https:\/\/passioneprofessionale.it\/blog\/wp-content\/uploads\/2025\/10\/regea-lozione-tonica-normalizzante-500-ml-232x300.jpg 232w, https:\/\/passioneprofessionale.it\/blog\/wp-content\/uploads\/2025\/10\/regea-lozione-tonica-normalizzante-500-ml-768x993.jpg 768w, https:\/\/passioneprofessionale.it\/blog\/wp-content\/uploads\/2025\/10\/regea-lozione-tonica-normalizzante-500-ml.jpg 1100w\" sizes=\"(max-width: 792px) 100vw, 792px\" \/><\/figure><div class=\"wp-block-media-text__content\">\n<p>Chi ha la pelle secca e sensibile pu\u00f2 invece affidarsi a prodotti come <a href=\"https:\/\/passioneprofessionale.it\/regea-lozione-tonica-normalizzante-500-ml\"><strong>Regea Naturae Lozione Tonica Normalizzante<\/strong><\/a> con <strong>calendula <\/strong>e <strong>rusco<\/strong>. \u00c8 una formula senza alcol, arricchita con collagene marino e glicosaminoglicani, pensata per restituire elasticit\u00e0 e morbidezza al viso.<\/p>\n<\/div><\/div>\n\n\n\n<p>L\u2019assenza di <strong>parabeni<\/strong>, <strong>paraffine <\/strong>e <strong>SLES <\/strong>la rende particolarmente tollerabile anche dalle pelli pi\u00f9 delicate. Usata regolarmente, questa lozione contribuisce a mantenere la pelle fresca e tonica, evitando quella fastidiosa sensazione di secchezza post-detersione.<\/p>\n\n\n\n<h2 class=\"wp-block-heading\">Quando e come applicare il tonico viso<\/h2>\n\n\n\n<p>Sapere che cos\u2019\u00e8 e a cosa serve il tonico \u00e8 fondamentale, ma per ottenere il massimo dai suoi effetti \u00e8 altrettanto importante sapere <strong>quando e come applicarlo<\/strong>.<\/p>\n\n\n\n<p>Il tonico viso andrebbe applicato <strong>due volte al giorno<\/strong>:<\/p>\n\n\n\n<ul class=\"wp-block-list\">\n<li><strong>Al mattino<\/strong>, dopo la detersione, per eliminare eventuali residui di sebo prodotti durante la notte e preparare la pelle al make-up.<br><\/li>\n\n\n\n<li><strong>Alla sera<\/strong>, dopo aver rimosso il trucco e pulito accuratamente il viso, per ristabilire l\u2019equilibrio cutaneo e favorire il lavoro dei trattamenti notturni.<br><\/li>\n<\/ul>\n\n\n\n<p>Il prodotto va distribuito su un <strong>dischetto di cotone<\/strong> oppure <strong>tamponato direttamente sul viso <\/strong>con le mani pulite. \u00c8 fondamentale non strofinare eccessivamente per non irritare la pelle. Dopo l\u2019applicazione del tonico, si passa al <strong>siero <\/strong>e alla<strong> crema<\/strong> idratante. Questo ordine permette di sfruttare appieno i principi attivi dei trattamenti, che penetrano meglio su una pelle ben bilanciata e preparata.<\/p>\n\n\n\n<p>Trovi i migliori tonici per il viso, compresi quelli di cui abbiamo parlato prima, nello shop online di<strong> <\/strong><a href=\"https:\/\/passioneprofessionale.it\/forniture-parrucchieri\"><strong>forniture per parrucchieri<\/strong><\/a><strong> ed estetiste <\/strong>di <strong>Passione Professionale<\/strong>.&nbsp;<\/p>\n","protected":false},"excerpt":{"rendered":"<p>Il mondo della skincare \u00e8 ricco di prodotti indispensabili per mantenere la pelle sana, luminosa e giovane. Uno di questi, spesso sottovalutato, \u00e8 il tonico viso. A differenza di quello che si pensa, il tonico ha un ruolo molto specifico ed importante nel percorso quotidiano di cura della pelle.&nbsp; In questa guida di Passione Professionale, [&hellip;]<\/p>\n","protected":false},"author":1,"featured_media":1254,"comment_status":"closed","ping_status":"closed","sticky":false,"template":"","format":"standard","meta":{"footnotes":""},"categories":[19],"tags":[],"class_list":["post-1250","post","type-post","status-publish","format-standard","has-post-thumbnail","hentry","category-estetisti"],"_links":{"self":[{"href":"https:\/\/passioneprofessionale.it\/blog\/wp-json\/wp\/v2\/posts\/1250","targetHints":{"allow":["GET"]}}],"collection":[{"href":"https:\/\/passioneprofessionale.it\/blog\/wp-json\/wp\/v2\/posts"}],"about":[{"href":"https:\/\/passioneprofessionale.it\/blog\/wp-json\/wp\/v2\/types\/post"}],"author":[{"embeddable":true,"href":"https:\/\/passioneprofessionale.it\/blog\/wp-json\/wp\/v2\/users\/1"}],"replies":[{"embeddable":true,"href":"https:\/\/passioneprofessionale.it\/blog\/wp-json\/wp\/v2\/comments?post=1250"}],"version-history":[{"count":2,"href":"https:\/\/passioneprofessionale.it\/blog\/wp-json\/wp\/v2\/posts\/1250\/revisions"}],"predecessor-version":[{"id":1256,"href":"https:\/\/passioneprofessionale.it\/blog\/wp-json\/wp\/v2\/posts\/1250\/revisions\/1256"}],"wp:featuredmedia":[{"embeddable":true,"href":"https:\/\/passioneprofessionale.it\/blog\/wp-json\/wp\/v2\/media\/1254"}],"wp:attachment":[{"href":"https:\/\/passioneprofessionale.it\/blog\/wp-json\/wp\/v2\/media?parent=1250"}],"wp:term":[{"taxonomy":"category","embeddable":true,"href":"https:\/\/passioneprofessionale.it\/blog\/wp-json\/wp\/v2\/categories?post=1250"},{"taxonomy":"post_tag","embeddable":true,"href":"https:\/\/passioneprofessionale.it\/blog\/wp-json\/wp\/v2\/tags?post=1250"}],"curies":[{"name":"wp","href":"https:\/\/api.w.org\/{rel}","templated":true}]}}