{"id":1292,"date":"2026-02-17T14:58:42","date_gmt":"2026-02-17T12:58:42","guid":{"rendered":"https:\/\/passioneprofessionale.it\/blog\/?p=1292"},"modified":"2026-02-17T15:02:55","modified_gmt":"2026-02-17T13:02:55","slug":"tendenze-capelli-uomo-2026-tagli-moda","status":"publish","type":"post","link":"https:\/\/passioneprofessionale.it\/blog\/tendenze-capelli-uomo-2026-tagli-moda\/","title":{"rendered":"Il ritorno del grooming sartoriale: le nuove tendenze capelli uomo 2026"},"content":{"rendered":"\n<p>Il 2026 segna un punto di svolta nel settore dell&#8217;hairstyling maschile, allontanandosi definitivamente dai look standardizzati per abbracciare un concetto di &#8220;su misura&#8221; estremo. Le <strong>tendenze capelli uomo 2026<\/strong> parlano chiaro: non esiste pi\u00f9 un unico modello di riferimento, ma una galassia di stili che celebrano la texture naturale e la morfologia del viso. Per i professionisti del settore, questo significa affinare le tecniche di consulenza prima ancora di impugnare le forbici. Il cliente moderno non si accontenta pi\u00f9 di un taglio veloce; cerca un&#8217;identit\u00e0 visiva che possa gestire facilmente anche a casa, ma che mantenga quell&#8217;impronta tecnica visibile solo dopo una seduta in un salone d&#8217;eccellenza.<\/p>\n\n\n\n<p>L&#8217;estetica del prossimo anno sar\u00e0 dominata da una fusione tra il rigore degli anni &#8217;90 e la morbidezza degli anni &#8217;70, reinterpretati con strumenti di taglio di nuova generazione. Vedremo un forte ritorno delle lunghezze medie, lavorate con tecniche di <em>point cutting<\/em> per creare movimento senza svuotare eccessivamente le masse. La parola d&#8217;ordine \u00e8 &#8220;effortless&#8221;, ovvero un look che appare naturale e quasi casuale, ma che nasconde in realt\u00e0 una struttura architettonica complessa. I barbieri dovranno puntare molto sulla formazione riguardante i prodotti di finishing, come <a href=\"https:\/\/passioneprofessionale.it\/l3vel3-slime-gel-tenuta-super-forte-250-ml\">un gel dalle tenuta super strong<\/a>, poich\u00e9 il successo dei <strong>tagli uomo 2026<\/strong> dipender\u00e0 dalla capacit\u00e0 di esaltare la lucentezza naturale del capello senza appesantirlo con cere eccessivamente opache o gel retr\u00f2.<\/p>\n\n\n\n<div class=\"wp-block-media-text has-media-on-the-right is-stacked-on-mobile\"><div class=\"wp-block-media-text__content\">\n<p><strong><a href=\"https:\/\/passioneprofessionale.it\/l3vel3-slime-gel-tenuta-super-forte-250-ml\">Slime Gel di L3VEL3<\/a><\/strong> \u00e8 il prodotto definitivo per chi non accetta compromessi tra tenuta e brillantezza. Progettato per offrire un controllo <strong>Super Strong<\/strong>, questo gel dona volume e corpo immediati, rendendolo l&#8217;alleato perfetto per look eleganti, pompadour classici o texture moderne e strutturate.<\/p>\n\n\n\n<ul class=\"wp-block-list\">\n<li><strong>Tenuta d&#8217;acciaio:<\/strong> Controllo estremo che dura tutto il giorno con un finish lucido.<\/li>\n\n\n\n<li><strong>Formula Protettiva:<\/strong> Arricchito con <strong>olio di ricino<\/strong> per idratare e rinforzare il capello durante lo styling.<\/li>\n\n\n\n<li><strong>Zero Residui:<\/strong> Formula a base d&#8217;acqua che non crea scaglie e si elimina facilmente senza lasciare tracce.<\/li>\n\n\n\n<li><strong>Versatilit\u00e0 Totale:<\/strong> Ideale per definire punte, domare il crespo o preparare i capelli alle trecce.<\/li>\n\n\n\n<li><strong>Esperienza Sensoriale:<\/strong> Una fragranza fresca che completa la tua routine di bellezza.<\/li>\n<\/ul>\n<\/div><figure class=\"wp-block-media-text__media\"><a href=\"https:\/\/passioneprofessionale.it\/l3vel3-slime-gel-tenuta-super-forte-250-ml\"><img fetchpriority=\"high\" decoding=\"async\" width=\"792\" height=\"1024\" src=\"https:\/\/passioneprofessionale.it\/blog\/wp-content\/uploads\/2026\/02\/l3vel3-slime-gel-tenuta-super-forte-250-ml-792x1024.jpg\" alt=\"\" class=\"wp-image-1296 size-full\" srcset=\"https:\/\/passioneprofessionale.it\/blog\/wp-content\/uploads\/2026\/02\/l3vel3-slime-gel-tenuta-super-forte-250-ml-792x1024.jpg 792w, https:\/\/passioneprofessionale.it\/blog\/wp-content\/uploads\/2026\/02\/l3vel3-slime-gel-tenuta-super-forte-250-ml-232x300.jpg 232w, https:\/\/passioneprofessionale.it\/blog\/wp-content\/uploads\/2026\/02\/l3vel3-slime-gel-tenuta-super-forte-250-ml-768x993.jpg 768w, https:\/\/passioneprofessionale.it\/blog\/wp-content\/uploads\/2026\/02\/l3vel3-slime-gel-tenuta-super-forte-250-ml.jpg 1100w\" sizes=\"(max-width: 792px) 100vw, 792px\" \/><\/a><\/figure><\/div>\n\n\n\n<p>In questo scenario, la tecnologia gioca un ruolo fondamentale. L&#8217;introduzione di software di simulazione 3D nei saloni pi\u00f9 all&#8217;avanguardia permette di mostrare al cliente il risultato finale prima ancora di iniziare, riducendo i margini di errore e aumentando il valore percepito del servizio. Le <strong>tendenze capelli uomo 2026<\/strong> non riguardano quindi solo la forma, ma l&#8217;intero ecosistema del salone, che diventa un laboratorio di immagine dove l&#8217;uomo pu\u00f2 sperimentare versioni diverse di s\u00e9, supportato da un esperto che sa interpretare i flussi della moda globale e tradurli in uno stile quotidiano e funzionale.<\/p>\n\n\n\n<h2 class=\"wp-block-heading\">Analisi tecnica: i tagli uomo tendenza tra sfumature e texture<\/h2>\n\n\n\n<p>Entrando nel vivo dei volumi, i <strong>tagli uomo tendenza<\/strong> per la prossima stagione vedono la definitiva consacrazione del &#8220;soft fade&#8221;. Se negli anni passati abbiamo assistito a sfumature estreme che partivano dalla pelle (skin fade), il 2026 preferisce transizioni pi\u00f9 dolci e armoniose. La sfumatura non \u00e8 pi\u00f9 un elemento a s\u00e9 stante, ma un connettore che unisce le basette a una parte superiore molto pi\u00f9 voluminosa e testurizzata. Questo approccio permette di ammorbidire i lineamenti troppo squadrati e di dare carattere ai visi pi\u00f9 tondi, confermando che la personalizzazione \u00e8 la chiave del successo commerciale per ogni barber shop che voglia definirsi professionale, che pu\u00f2 realizzarsi con<a href=\"https:\/\/passioneprofessionale.it\/forniture-parrucchieri#b14d\/fullscreen\/m=and&amp;p=2&amp;q=taglia+capelli\"> i migliori accessori per il taglio dei capelli.<\/a><\/p>\n\n\n\n<p>Un altro grande protagonista tra i <strong>trend tagli uomo<\/strong> \u00e8 il ritorno del &#8220;Mullet moderno&#8221;, ma in una versione molto pi\u00f9 sofisticata e meno aggressiva rispetto al passato. Le lunghezze sulla nuca sono accennate e ben raccordate con i lati, creando un profilo dinamico che piace molto ai giovanissimi ma inizia a conquistare anche il pubblico &#8220;office&#8221;. La sfida tecnica per l&#8217;hairstylist sta nel gestire le diverse densit\u00e0 di capelli: l&#8217;uso sapiente di forbici dentate e rasoi a mano libera consente di creare quell&#8217;effetto piumato che rende il taglio vivo e reattivo al movimento. Non si tratta solo di estetica, ma di una gestione intelligente dei pesi che facilita lo styling quotidiano del cliente.<\/p>\n\n\n\n<div class=\"wp-block-media-text is-stacked-on-mobile\"><figure class=\"wp-block-media-text__media\"><a href=\"https:\/\/passioneprofessionale.it\/panasonic-tagliacapelli-er-gp84\"><img decoding=\"async\" width=\"792\" height=\"1024\" src=\"https:\/\/passioneprofessionale.it\/blog\/wp-content\/uploads\/2026\/02\/taglia-capelli-uomo-trend-2026-792x1024.jpg\" alt=\"\" class=\"wp-image-1298 size-full\" srcset=\"https:\/\/passioneprofessionale.it\/blog\/wp-content\/uploads\/2026\/02\/taglia-capelli-uomo-trend-2026-792x1024.jpg 792w, https:\/\/passioneprofessionale.it\/blog\/wp-content\/uploads\/2026\/02\/taglia-capelli-uomo-trend-2026-232x300.jpg 232w, https:\/\/passioneprofessionale.it\/blog\/wp-content\/uploads\/2026\/02\/taglia-capelli-uomo-trend-2026-768x993.jpg 768w, https:\/\/passioneprofessionale.it\/blog\/wp-content\/uploads\/2026\/02\/taglia-capelli-uomo-trend-2026.jpg 1100w\" sizes=\"(max-width: 792px) 100vw, 792px\" \/><\/a><\/figure><div class=\"wp-block-media-text__content\">\n<p>Il Panasonic ER-GP84 \u00e8 <a href=\"https:\/\/passioneprofessionale.it\/panasonic-tagliacapelli-er-gp84\">un tagliacapelli professionale <\/a>che combina l&#8217;eccellenza della <strong>Japanese Blade Tech<\/strong> con un design ergonomico, pensato per massimizzare l&#8217;efficienza e ridurre i tempi di lavoro.<\/p>\n\n\n\n<h3 class=\"wp-block-heading\"><strong>Ergonomia e Versatilit\u00e0<\/strong><\/h3>\n\n\n\n<p><strong>Accessori Inclusi:<\/strong> 4 pettini distanziatori (per 8 lunghezze da 3 a 25 mm) con supporto dedicato, base di ricarica e kit di manutenzione.<\/p>\n\n\n\n<p><strong>Design Professionale:<\/strong> Leggero (solo <strong>245g<\/strong>), sottile e dotato di impugnatura in gomma antiscivolo per il massimo comfort durante l&#8217;uso prolungato.<\/p>\n\n\n\n<p><strong>Regolazione Rapida:<\/strong> Ghiera integrata per variare la lunghezza da <strong>0,8 a 2,0 mm<\/strong> (step da 0,3 mm) con una sola mano, senza cambiare accessori.<\/p>\n\n\n\n<p><\/p>\n<\/div><\/div>\n\n\n\n<p>Per quanto riguarda i capelli ricci, il 2026 sar\u00e0 l&#8217;anno della &#8220;liberazione&#8221;. Basta stirature forzate o tagli cortissimi per domare il volume; i <strong>tagli uomo tendenza<\/strong> per i ricci puntano su forme circolari che incorniciano il viso, mantenendo il riccio idratato e definito con prodotti specifici a base di oli leggeri. La tecnica del &#8220;taglio a secco&#8221; diventer\u00e0 uno standard per gestire i capelli mossi e ricci, permettendo al professionista di vedere in tempo reale come ogni singola ciocca si posiziona nello spazio. Questo livello di dettaglio \u00e8 ci\u00f2 che trasforma un semplice taglio di capelli in un&#8217;opera di design anatomico, posizionando il professionista come un vero artista della forma, anche grazia a al <a href=\"https:\/\/passioneprofessionale.it\/herfit-pro-fluido-gel-disciplinante-lisciriccio-250-ml\">prodotto giusto per modellare i capelli ricci.<\/a><\/p>\n\n\n\n<h2 class=\"wp-block-heading\">Guida allo stile: i tagli da maschio alla moda per ogni occasione<\/h2>\n\n\n\n<p>Quando parliamo di <strong>tagli da maschio alla moda<\/strong>, non possiamo ignorare l&#8217;influenza del mondo dello sport e dello spettacolo, che continuano a dettare legge sui desideri della clientela. Tuttavia, nel 2026 assisteremo a una &#8220;pulizia&#8221; generale delle linee. Il &#8220;Buzz Cut&#8221; rimarr\u00e0 un classico, ma verr\u00e0 arricchito da dettagli grafici o da colorazioni pastello soft per chi vuole osare. La semplicit\u00e0 del taglio corto viene nobilitata da contorni laser-clean, rendendo l&#8217;aspetto generale estremamente curato. \u00c8 il look ideale per l&#8217;uomo dinamico che non vuole rinunciare a un tocco di tendenza pur avendo una manutenzione domestica pari a zero.<\/p>\n\n\n\n<p>Per chi preferisce uno stile pi\u00f9 formale, il &#8220;Side Part&#8221; (la classica riga laterale) evolve in una versione meno statica. Non si usano pi\u00f9 pomate extra-forti che bloccano il capello, ma polveri volumizzanti che lasciano la chioma libera di muoversi pur mantenendo la direzione impostata. Questo \u00e8 uno dei <strong>tagli uomo 2026<\/strong> pi\u00f9 versatili, poich\u00e9 pu\u00f2 essere trasformato con un semplice gesto: ordinato per il business meeting, spettinato e ribelle per l&#8217;aperitivo serale. La versatilit\u00e0 \u00e8 un requisito fondamentale della moda contemporanea, dove i confini tra vita lavorativa e tempo libero sono sempre pi\u00f9 sfumati e l&#8217;immagine deve sapersi adattare velocemente.<\/p>\n\n\n\n<p>Un capitolo a parte merita il &#8220;French Crop&#8221;, che si conferma tra i <strong>tagli da maschio alla moda<\/strong> pi\u00f9 richiesti, specialmente nelle aree urbane. La frangia corta e netta, abbinata a una texture forte sulla sommit\u00e0 del capo, crea un look giovane e deciso. Nel 2026, questo taglio verr\u00e0 proposto con variazioni asimmetriche per correggere eventuali disarmonie della fronte o dell&#8217;attaccatura. Per il professionista, proporre queste varianti significa dimostrare una profonda conoscenza della visagistica, elevando il servizio da mera esecuzione tecnica a consulenza d&#8217;immagine di alto livello, giustificando cos\u00ec un posizionamento di prezzo superiore rispetto alla concorrenza low-cost.<\/p>\n\n\n\n<h2 class=\"wp-block-heading\">Previsioni di mercato: l&#8217;evoluzione dei tagli uomo 2026<\/h2>\n\n\n\n<p>Il mercato del grooming maschile \u00e8 in costante espansione e i <strong>tagli uomo 2026<\/strong> riflettono questa crescita economica con servizi sempre pi\u00f9 complessi. Non si parla pi\u00f9 solo di capelli, ma di una gestione integrata di capelli e barba. La tendenza vede una barba molto corta e curata, quasi un&#8217;ombra di tre giorni, che deve integrarsi perfettamente con le sfumature dei capelli. Questa continuit\u00e0 visiva richiede una precisione millimetrica nell&#8217;uso dei trimmer e dei rasoi elettrici di ultima generazione. Il professionista che vuole restare al vertice deve investire in attrezzature che garantiscano comfort per il cliente e precisione per l&#8217;operatore.<\/p>\n\n\n\n<p>Dal punto di vista della colorazione, i <strong>tagli uomo 2026<\/strong> vedranno un boom dei servizi di &#8220;mimetizzazione dei bianchi&#8221; e dei riflessi naturali. L&#8217;uomo moderno non vuole che si veda il colore; vuole apparire pi\u00f9 giovane e riposato in modo invisibile. Tecniche come il <em>balayage maschile<\/em> o il <em>toning<\/em> veloce al lavatesta diventeranno servizi standard in ogni salone di successo. Questi trattamenti non solo aumentano lo scontrino medio, ma fidelizzano il cliente che vede migliorare la qualit\u00e0 della propria immagine senza stravolgimenti innaturali. La discrezione \u00e8 il nuovo lusso nel campo del colore maschile, e i brand di cosmetica professionale stanno gi\u00e0 lanciando linee dedicate a questa specifica esigenza.<\/p>\n\n\n\n<p>Un altro trend emergente \u00e8 l&#8217;attenzione alla salute del cuoio capelluto. I <strong>trend tagli uomo<\/strong> del prossimo anno includeranno spesso trattamenti detox o stimolanti pre-taglio. Un capello sano \u00e8 la base necessaria per un taglio perfetto; per questo motivo, il salone si trasforma parzialmente in una &#8220;spa della testa&#8221;. L&#8217;utilizzo di microcamere per l&#8217;analisi cutanea diventer\u00e0 un formidabile strumento di vendita per prodotti di mantenimento a casa. Il professionista che ignora la parte curativa rischia di perdere una fetta di mercato importante, composta da uomini attenti alla prevenzione della caduta e alla qualit\u00e0 del capello, temi sempre centrali nell&#8217;universo maschile.<\/p>\n\n\n\n<h2 class=\"wp-block-heading\">Strumenti e prodotti: come realizzare i trend tagli uomo<\/h2>\n\n\n\n<p>Per realizzare i <strong>trend tagli uomo<\/strong> del 2026, la manualit\u00e0 deve essere supportata da prodotti di finishing di altissima qualit\u00e0. Dimenticate le lacche gommose o i gel che lasciano residui. Il futuro appartiene alle &#8220;clay&#8221; (argille) a base d&#8217;acqua, alle nebbie saline (sea salt spray) per dare volume e alle lozioni idratanti senza risciacquo. Questi prodotti permettono di ottenere quella texture naturale che \u00e8 il segno distintivo delle <strong>tendenze capelli uomo 2026<\/strong>. Il segreto di uno styling perfetto sta nell&#8217;applicazione stratificata: poco prodotto, distribuito bene, partendo dalle radici fino alle punte per dare sostegno senza appesantire.<\/p>\n\n\n\n<p>Le attrezzature tecniche subiscono anch&#8217;esse un&#8217;evoluzione. Le clipper senza filo (cordless) diventano sempre pi\u00f9 potenti e leggere, con lame in ceramica o rivestimenti in grafite che riducono il calore durante l&#8217;uso prolungato. Questo permette al barbiere di lavorare con maggiore agilit\u00e0, seguendo le linee curve del cranio con estrema fluidit\u00e0. Per i <strong>tagli uomo tendenza<\/strong> che prevedono lunghezze maggiori, l&#8217;uso di forbici ergonomiche con acciai giapponesi di alta qualit\u00e0 garantisce un taglio netto che non danneggia la cuticola, assicurando che i capelli rimangano sani e brillanti anche settimane dopo l&#8217;appuntamento in salone.<\/p>\n\n\n\n<p>Inoltre, la sostenibilit\u00e0 diventa un criterio di scelta fondamentale anche per gli strumenti. Phon a basso consumo energetico ma con flussi d&#8217;aria ionizzata ultra-rapidi sono i nuovi alleati per un asciugatura che rispetta la struttura capillare. Anche la scelta dei prodotti di consumo, come mantelline biodegradabili o asciugamani in fibra di bamb\u00f9, contribuisce a costruire l&#8217;immagine di un salone moderno e consapevole. Il cliente che segue i <strong>tagli uomo 2026<\/strong> \u00e8 spesso una persona attenta all&#8217;ambiente e apprezza un professionista che condivide i suoi stessi valori, trasformando la scelta del barbiere in una dichiarazione di appartenenza a un determinato lifestyle.<\/p>\n\n\n\n<h2 class=\"wp-block-heading\">Conclusioni: diventare esperti nelle tendenze capelli uomo 2026<\/h2>\n\n\n\n<p>Essere pronti per le <strong>tendenze capelli uomo 2026<\/strong> significa anticipare i desideri della clientela prima ancora che diventino di massa. La capacit\u00e0 di un salone di aggiornare costantemente la propria offerta tecnica e comunicativa \u00e8 ci\u00f2 che garantisce la longevit\u00e0 del business. Utilizzare i social media per mostrare non solo il risultato finale, ma anche il processo creativo e le tecniche utilizzate, posiziona il professionista come un&#8217;autorit\u00e0 nel settore. I video brevi che spiegano come acconciare i nuovi <strong>tagli uomo 2026<\/strong> sono contenuti ad altissimo valore aggiunto, che attirano nuovi clienti e rassicurano quelli abituali sulla competenza del proprio parrucchiere di fiducia.<\/p>\n\n\n\n<p>In sintesi, i <strong>tagli uomo 2026<\/strong> rappresentano un ritorno all&#8217;eleganza consapevole, dove la tecnologia supporta la creativit\u00e0 senza mai sostituirla. Che si tratti di un look ultra-corto o di una chioma lunga e fluida, l&#8217;importante \u00e8 che il taglio racconti una storia e valorizzi l&#8217;unicit\u00e0 di chi lo porta. Per il professionista della bellezza maschile, questa \u00e8 un&#8217;epoca d&#8217;oro: l&#8217;uomo non \u00e8 mai stato cos\u00ec disposto a investire tempo e denaro nella propria immagine, a patto di trovare interlocutori preparati, aggiornati e capaci di offrire un&#8217;esperienza che va ben oltre la semplice &#8220;spuntata&#8221;.<\/p>\n\n\n\n<p>Rimanere aggiornati sui <strong>trend tagli uomo<\/strong> non \u00e8 quindi solo un dovere professionale, ma una straordinaria opportunit\u00e0 di business. Il 2026 premier\u00e0 chi sapr\u00e0 unire la maestria artigianale del passato con le innovazioni digitali e bio-tecnologiche del futuro. La formazione continua, lo studio dei volumi e la sensibilit\u00e0 estetica restano le bussole per navigare con successo in un mercato in perenne mutamento, dove la bellezza maschile ha finalmente abbattuto ogni tab\u00f9, diventando una forma d&#8217;arte quotidiana e accessibile a tutti.<\/p>\n\n\n<style>.elementor-58 .elementor-element.elementor-element-f330585:not(.elementor-motion-effects-element-type-background), .elementor-58 .elementor-element.elementor-element-f330585 > .elementor-motion-effects-container > .elementor-motion-effects-layer{background-image:url(\"https:\/\/passioneprofessionale.it\/blog\/wp-content\/uploads\/2021\/06\/beauty-service-shop-pro.jpg\");background-position:center center;background-size:cover;}.elementor-58 .elementor-element.elementor-element-f330585 > .elementor-background-overlay{background-color:#000000;opacity:0.5;mix-blend-mode:multiply;transition:background 0.3s, border-radius 0.3s, opacity 0.3s;}.elementor-58 .elementor-element.elementor-element-f330585{border-style:solid;border-width:5px 5px 5px 5px;border-color:var( --e-global-color-primary );transition:background 0.3s, border 0.3s, border-radius 0.3s, box-shadow 0.3s;margin-top:50px;margin-bottom:50px;}.elementor-58 .elementor-element.elementor-element-f330585, .elementor-58 .elementor-element.elementor-element-f330585 > .elementor-background-overlay{border-radius:25px 25px 25px 25px;}.elementor-58 .elementor-element.elementor-element-9c8a140{--spacer-size:50px;}.elementor-widget-text-editor{font-family:var( --e-global-typography-text-font-family ), Sans-serif;font-weight:var( --e-global-typography-text-font-weight );color:var( --e-global-color-text );}.elementor-widget-text-editor.elementor-drop-cap-view-stacked .elementor-drop-cap{background-color:var( --e-global-color-primary );}.elementor-widget-text-editor.elementor-drop-cap-view-framed .elementor-drop-cap, .elementor-widget-text-editor.elementor-drop-cap-view-default .elementor-drop-cap{color:var( --e-global-color-primary );border-color:var( --e-global-color-primary );}.elementor-58 .elementor-element.elementor-element-2abb24b{text-align:center;color:#FFFFFF;}.elementor-widget-button .elementor-button{font-family:var( --e-global-typography-accent-font-family ), Sans-serif;font-weight:var( --e-global-typography-accent-font-weight );background-color:var( --e-global-color-accent );}.elementor-58 .elementor-element.elementor-element-413434d{--spacer-size:50px;}@media(max-width:1024px){.elementor-58 .elementor-element.elementor-element-f330585{margin-top:25px;margin-bottom:25px;}}<\/style>\t\t<div data-elementor-type=\"section\" data-elementor-id=\"58\" class=\"elementor elementor-58\" data-elementor-post-type=\"elementor_library\">\n\t\t\t\t\t<section class=\"elementor-section elementor-top-section elementor-element elementor-element-f330585 elementor-section-boxed elementor-section-height-default elementor-section-height-default\" data-id=\"f330585\" data-element_type=\"section\" data-e-type=\"section\" data-settings=\"{&quot;background_background&quot;:&quot;classic&quot;}\">\n\t\t\t\t\t\t\t<div class=\"elementor-background-overlay\"><\/div>\n\t\t\t\t\t\t\t<div class=\"elementor-container elementor-column-gap-default\">\n\t\t\t\t\t<div class=\"elementor-column elementor-col-100 elementor-top-column elementor-element elementor-element-6b60505\" data-id=\"6b60505\" data-element_type=\"column\" data-e-type=\"column\">\n\t\t\t<div class=\"elementor-widget-wrap elementor-element-populated\">\n\t\t\t\t\t\t<div class=\"elementor-element elementor-element-9c8a140 elementor-widget elementor-widget-spacer\" data-id=\"9c8a140\" data-element_type=\"widget\" data-e-type=\"widget\" data-widget_type=\"spacer.default\">\n\t\t\t\t<div class=\"elementor-widget-container\">\n\t\t\t\t\t\t\t<div class=\"elementor-spacer\">\n\t\t\t<div class=\"elementor-spacer-inner\"><\/div>\n\t\t<\/div>\n\t\t\t\t\t\t<\/div>\n\t\t\t\t<\/div>\n\t\t\t\t<div class=\"elementor-element elementor-element-2abb24b elementor-widget elementor-widget-text-editor\" data-id=\"2abb24b\" data-element_type=\"widget\" data-e-type=\"widget\" data-widget_type=\"text-editor.default\">\n\t\t\t\t<div class=\"elementor-widget-container\">\n\t\t\t\t\t\t\t\t\t<h3>Richiedi l&#8217;accesso a<\/h3><h2>Passione Professionale PRO<\/h2><p>Scopri il listino riservato ai professionisti\u00a0<\/p>\t\t\t\t\t\t\t\t<\/div>\n\t\t\t\t<\/div>\n\t\t\t\t<div class=\"elementor-element elementor-element-b2992aa elementor-align-center elementor-widget elementor-widget-button\" data-id=\"b2992aa\" data-element_type=\"widget\" data-e-type=\"widget\" data-widget_type=\"button.default\">\n\t\t\t\t<div class=\"elementor-widget-container\">\n\t\t\t\t\t\t\t\t\t<div class=\"elementor-button-wrapper\">\n\t\t\t\t\t<a class=\"elementor-button elementor-button-link elementor-size-sm\" href=\"https:\/\/passioneprofessionale.it\/pro\/\">\n\t\t\t\t\t\t<span class=\"elementor-button-content-wrapper\">\n\t\t\t\t\t\t\t\t\t<span class=\"elementor-button-text\">DIVENTA PRO<\/span>\n\t\t\t\t\t<\/span>\n\t\t\t\t\t<\/a>\n\t\t\t\t<\/div>\n\t\t\t\t\t\t\t\t<\/div>\n\t\t\t\t<\/div>\n\t\t\t\t<div class=\"elementor-element elementor-element-413434d elementor-widget elementor-widget-spacer\" data-id=\"413434d\" data-element_type=\"widget\" data-e-type=\"widget\" data-widget_type=\"spacer.default\">\n\t\t\t\t<div class=\"elementor-widget-container\">\n\t\t\t\t\t\t\t<div class=\"elementor-spacer\">\n\t\t\t<div class=\"elementor-spacer-inner\"><\/div>\n\t\t<\/div>\n\t\t\t\t\t\t<\/div>\n\t\t\t\t<\/div>\n\t\t\t\t\t<\/div>\n\t\t<\/div>\n\t\t\t\t\t<\/div>\n\t\t<\/section>\n\t\t\t\t<\/div>\n\t\t","protected":false},"excerpt":{"rendered":"<p>Il 2026 segna un punto di svolta nel settore dell&#8217;hairstyling maschile, allontanandosi definitivamente dai look standardizzati per abbracciare un concetto di &#8220;su misura&#8221; estremo. Le tendenze capelli uomo 2026 parlano chiaro: non esiste pi\u00f9 un unico modello di riferimento, ma una galassia di stili che celebrano la texture naturale e la morfologia del viso. Per [&hellip;]<\/p>\n","protected":false},"author":1,"featured_media":1294,"comment_status":"closed","ping_status":"closed","sticky":false,"template":"","format":"standard","meta":{"footnotes":""},"categories":[10,7],"tags":[],"class_list":["post-1292","post","type-post","status-publish","format-standard","has-post-thumbnail","hentry","category-barbieri","category-parrucchieri"],"_links":{"self":[{"href":"https:\/\/passioneprofessionale.it\/blog\/wp-json\/wp\/v2\/posts\/1292","targetHints":{"allow":["GET"]}}],"collection":[{"href":"https:\/\/passioneprofessionale.it\/blog\/wp-json\/wp\/v2\/posts"}],"about":[{"href":"https:\/\/passioneprofessionale.it\/blog\/wp-json\/wp\/v2\/types\/post"}],"author":[{"embeddable":true,"href":"https:\/\/passioneprofessionale.it\/blog\/wp-json\/wp\/v2\/users\/1"}],"replies":[{"embeddable":true,"href":"https:\/\/passioneprofessionale.it\/blog\/wp-json\/wp\/v2\/comments?post=1292"}],"version-history":[{"count":5,"href":"https:\/\/passioneprofessionale.it\/blog\/wp-json\/wp\/v2\/posts\/1292\/revisions"}],"predecessor-version":[{"id":1300,"href":"https:\/\/passioneprofessionale.it\/blog\/wp-json\/wp\/v2\/posts\/1292\/revisions\/1300"}],"wp:featuredmedia":[{"embeddable":true,"href":"https:\/\/passioneprofessionale.it\/blog\/wp-json\/wp\/v2\/media\/1294"}],"wp:attachment":[{"href":"https:\/\/passioneprofessionale.it\/blog\/wp-json\/wp\/v2\/media?parent=1292"}],"wp:term":[{"taxonomy":"category","embeddable":true,"href":"https:\/\/passioneprofessionale.it\/blog\/wp-json\/wp\/v2\/categories?post=1292"},{"taxonomy":"post_tag","embeddable":true,"href":"https:\/\/passioneprofessionale.it\/blog\/wp-json\/wp\/v2\/tags?post=1292"}],"curies":[{"name":"wp","href":"https:\/\/api.w.org\/{rel}","templated":true}]}}