{"id":1315,"date":"2026-03-27T16:27:00","date_gmt":"2026-03-27T14:27:00","guid":{"rendered":"https:\/\/passioneprofessionale.it\/blog\/?p=1315"},"modified":"2026-04-27T17:07:54","modified_gmt":"2026-04-27T15:07:54","slug":"trattamenti-corpo-primavera","status":"publish","type":"post","link":"https:\/\/passioneprofessionale.it\/blog\/trattamenti-corpo-primavera\/","title":{"rendered":"Trattamenti corpo primavera: i servizi da proporre in cabina per prepararsi alla bella stagione"},"content":{"rendered":"\n<p>Con l&#8217;arrivo della primavera, le clienti tornano nel centro estetico con un obiettivo preciso: ripartire. Dopo i mesi invernali, la pelle ha accumulato tossine, circolazione rallentata, strati di cellule morte e, spesso, un senso di pesantezza che chiede un reset profondo. Per l&#8217;estetista professionista, la primavera \u00e8 una delle stagioni pi\u00f9 redditizie dell&#8217;anno: chi sa strutturare un menu servizi adeguato, con trattamenti mirati e percorsi personalizzati, pu\u00f2 aumentare significativamente lo scontrino medio e consolidare la fedelt\u00e0 della clientela.<\/p>\n\n\n\n<p>In questa guida scoprirai quali trattamenti corpo proporre nei mesi di marzo, aprile e maggio, come costruire pacchetti stagionali efficaci e quali prodotti professionali scegliere per ottenere risultati che le clienti noteranno \u2014 e di cui parleranno.<\/p>\n\n\n\n<h2 class=\"wp-block-heading\">PERCH\u00c9 LA PRIMAVERA \u00c8 LA STAGIONE D&#8217;ORO PER I TRATTAMENTI CORPO<\/h2>\n\n\n\n<p>La stagione primaverile attiva un meccanismo psicologico molto preciso nelle clienti: la voglia di rinnovarsi, di tornare in forma, di prepararsi all&#8217;estate. Questo impulso si traduce in una disponibilit\u00e0 maggiore a investire in trattamenti estetici rispetto all&#8217;inverno, quando la pelle \u00e8 coperta e meno visibile.<\/p>\n\n\n\n<p>Dal punto di vista fisiologico, la primavera \u00e8 anche il momento ideale per interventi come i peeling corpo e i trattamenti drenanti, perch\u00e9 l&#8217;esposizione solare \u00e8 ancora limitata e la temperatura esterna favorisce una maggiore reattivit\u00e0 dei tessuti. \u00c8 il periodo perfetto per costruire cicli di trattamento da 4-6 sedute che portino risultati visibili entro l&#8217;estate.<\/p>\n\n\n\n<h2 class=\"wp-block-heading\">I TRATTAMENTI CORPO DA INSERIRE NEL MENU DI PRIMAVERA<\/h2>\n\n\n\n<ol class=\"wp-block-list\">\n<li>Peeling corpo: esfoliazione e rinnovamento cellulare<\/li>\n<\/ol>\n\n\n\n<p>Il peeling corpo \u00e8 il trattamento di apertura stagionale per eccellenza. Dopo mesi di pelle coperta, gli strati cornei si sono accumulati rendendo la superficie opaca e ruvida. Un buon peeling professionale \u2014 che si tratti di un&#8217;esfoliazione meccanica con scrub granulari, enzimatica o chimica \u2014 rimuove le cellule morte, uniforma il tono cutaneo e prepara la pelle ad assorbire al meglio i prodotti successivi.<\/p>\n\n\n\n<p>Le estetiste pi\u00f9 avanzate propongono peeling differenziati per zona: pi\u00f9 delicati su braccia e d\u00e9collet\u00e9, pi\u00f9 intensi su cosce e glutei dove la pelle \u00e8 pi\u00f9 spessa e tendente alla cheratosi. Abbinare il peeling a un massaggio linfodrenante subito dopo amplifica i risultati e giustifica un pacchetto servizio a prezzo maggiore.<\/p>\n\n\n\n<h3 class=\"wp-block-heading\">Il prodotto consigliato<\/h3>\n\n\n\n<div class=\"wp-block-media-text has-media-on-the-right is-stacked-on-mobile\"><div class=\"wp-block-media-text__content\">\n<p><a href=\"https:\/\/passioneprofessionale.it\/byotea-olio-massaggio-mandorla-1000-ml\">Byotea \u2014 Olio Massaggio Mandorla 1000 ml <\/a>Olio massaggio corpo con Olio di Girasole e Olio di Germe di Grano ottenuto per spremitura a freddo, nutre intensamente la pelle. Ideale per tutte le tecniche di massaggio, non unge e si assorbe completamente, favorendo lo scorrimento delle mani, specialmente per massaggi prolungati. <\/p>\n<\/div><figure class=\"wp-block-media-text__media\"><img fetchpriority=\"high\" decoding=\"async\" width=\"894\" height=\"714\" src=\"https:\/\/passioneprofessionale.it\/blog\/wp-content\/uploads\/2026\/03\/byothea-olio-massaggio-mandorla.png\" alt=\"\" class=\"wp-image-1323 size-full\" srcset=\"https:\/\/passioneprofessionale.it\/blog\/wp-content\/uploads\/2026\/03\/byothea-olio-massaggio-mandorla.png 894w, https:\/\/passioneprofessionale.it\/blog\/wp-content\/uploads\/2026\/03\/byothea-olio-massaggio-mandorla-300x240.png 300w, https:\/\/passioneprofessionale.it\/blog\/wp-content\/uploads\/2026\/03\/byothea-olio-massaggio-mandorla-768x613.png 768w\" sizes=\"(max-width: 894px) 100vw, 894px\" \/><\/figure><\/div>\n\n\n\n<ol start=\"2\" class=\"wp-block-list\">\n<li>Trattamenti drenanti e anticellulite<\/li>\n<\/ol>\n\n\n\n<p>Con la primavera arriva la richiesta pi\u00f9 prevedibile dell&#8217;anno: ridurre la cellulite prima dell&#8217;estate. L&#8217;estetista professionale sa che non si tratta di magia, ma di un lavoro costante e strutturato che combina diverse tecniche e prodotti specifici.<\/p>\n\n\n\n<p>Il protocollo drenante ideale prevede: un massaggio linfodrenante manuale (o con strumentazione), l&#8217;applicazione di fanghi o gel drenanti a base di ingredienti come caffeina, edera, centella asiatica e carnitina, e il bendaggio finale con fasce compressive. Un ciclo di 6-8 sedute settimanali, associato a una corretta idratazione domestica, produce risultati visibili e documentabili.<\/p>\n\n\n\n<p>Per il professionista, questo tipo di percorso rappresenta un&#8217;opportunit\u00e0 importante: fidelizza la cliente per settimane, aumenta lo scontrino con i prodotti homecare e crea l&#8217;abitudine alla cura continuativa nel tempo.<\/p>\n\n\n\n<h3 class=\"wp-block-heading\">Il prodotto consigliato<\/h3>\n\n\n\n<div class=\"wp-block-media-text is-stacked-on-mobile\"><figure class=\"wp-block-media-text__media\"><img decoding=\"async\" width=\"740\" height=\"748\" src=\"https:\/\/passioneprofessionale.it\/blog\/wp-content\/uploads\/2026\/03\/t-cream-crema-conduttiva-per-di-trattamenti-radiofrequenza.png\" alt=\"\" class=\"wp-image-1322 size-full\" srcset=\"https:\/\/passioneprofessionale.it\/blog\/wp-content\/uploads\/2026\/03\/t-cream-crema-conduttiva-per-di-trattamenti-radiofrequenza.png 740w, https:\/\/passioneprofessionale.it\/blog\/wp-content\/uploads\/2026\/03\/t-cream-crema-conduttiva-per-di-trattamenti-radiofrequenza-297x300.png 297w\" sizes=\"(max-width: 740px) 100vw, 740px\" \/><\/figure><div class=\"wp-block-media-text__content\">\n<p><a href=\"https:\/\/passioneprofessionale.it\/t-cream-crema-conduttiva-per-di-trattamenti-radiofrequenza-abbinati-all-effetto-vacuum-500-ml\">T-Cream \u2014 Crema Conduttiva per Trattamenti Radiofrequenza<\/a> abbinati all&#8217;effetto Vacuum 500 ml. <br>Una crema conduttrice formulata appositamente per i trattamenti di radiofrequenza abbinati all&#8217;effetto ventosa (vacuum). Migliora lo scorrimento dei manipoli, compatibile con macchinari t-shape e simili. Utilizzabile su viso e corpo. Disponibile su Passione Professionale.<\/p>\n<\/div><\/div>\n\n\n\n<p>Dopo l&#8217;inverno, la pelle del corpo \u2014 soprattutto su gambe, braccia e addome \u2014 si presenta disidratata, tesa e priva di luminosit\u00e0. I trattamenti idratanti in cabina con maschere avvolgenti, burri corpo professionali e impacchi all&#8217;aloe o all&#8217;olio di argan hanno un effetto immediato che le clienti percepiscono gi\u00e0 durante la seduta stessa.<\/p>\n\n\n\n<p>Proporre un trattamento idratante corpo come servizio &#8220;benessere&#8221; da abbinare al peeling \u00e8 una strategia efficace per aumentare la durata della seduta e il valore percepito. Esplora la gamma completa su Passione Professionale \u2013 Forniture per Estetiste: https:\/\/passioneprofessionale.it\/forniture-estetiste<\/p>\n\n\n\n<ol start=\"4\" class=\"wp-block-list\">\n<li>Trattamenti solari: prepararsi all&#8217;abbronzatura in modo professionale<\/li>\n<\/ol>\n\n\n\n<p>Sempre pi\u00f9 centri estetici inseriscono nel menu di primavera anche cicli di preparazione alla stagione solare. Non si tratta solo di autoabbronzanti, ma di percorsi studiati per portare la pelle al massimo della salute prima dell&#8217;esposizione al sole: idratazione profonda, peeling delicati per uniformare il tono e trattamenti stimolanti la melanogenesi naturale.<\/p>\n\n\n\n<p>Offrire un &#8220;pacchetto pre-estate&#8221; che combina questi servizi \u2014 da marzo a maggio \u2014 permette di intercettare le clienti con largo anticipo e costruire un rapporto di consulenza continuativa che va ben oltre la singola seduta.<\/p>\n\n\n\n<h2 class=\"wp-block-heading\">COME STRUTTURARE I PACCHETTI STAGIONALI PRIMAVERILI<\/h2>\n\n\n\n<p>La chiave per massimizzare il valore dei trattamenti corpo primaverili non \u00e8 il singolo servizio, ma il percorso. Le clienti che acquistano un pacchetto da 4-6 sedute hanno un tasso di ritorno molto pi\u00f9 alto rispetto a chi prenota una seduta singola. Ecco una struttura base efficace:<\/p>\n\n\n\n<ol class=\"wp-block-list\">\n<li>Seduta 1: analisi della pelle + peeling corpo completo<\/li>\n\n\n\n<li>Seduta 2: trattamento drenante + fango anticellulite<\/li>\n\n\n\n<li>Seduta 3: massaggio modelante + maschera idratante<\/li>\n\n\n\n<li>Seduta 4: trattamento idratante + bendaggio compressivo<\/li>\n\n\n\n<li>Seduta 5 (opzionale): preparazione solare + autoabbronzante professionale<\/li>\n\n\n\n<li>Seduta 6: seduta di mantenimento + consulenza homecare<\/li>\n<\/ol>\n\n\n\n<p>Abbinare a ogni percorso una linea di prodotti per l&#8217;uso domiciliare \u2014 con un piccolo kit venduto alla prima seduta \u2014 amplifica i risultati e genera un fatturato aggiuntivo significativo.<\/p>\n\n\n\n<h2 class=\"wp-block-heading\">FORMAZIONE E AGGIORNAMENTO: LA CHIAVE PER PROPORRE I TRATTAMENTI GIUSTI<\/h2>\n\n\n\n<p>La primavera \u00e8 anche il momento ideale per aggiornarsi. Molti brand professionali organizzano corsi e webinar tra febbraio e aprile per presentare le nuove linee stagionali e formare le estetiste sulle tecniche di applicazione. Restare aggiornate significa poter proporre alla cliente qualcosa di nuovo ad ogni stagione, mantenendo vivo l&#8217;interesse e la curiosit\u00e0.<\/p>\n\n\n\n<p>Se sei professionista e vuoi accedere a listini riservati, priorit\u00e0 sui nuovi arrivi e offerte esclusive, registrati al programma Passione Professionale PRO: https:\/\/passioneprofessionale.it\/pro\/<\/p>\n\n\n\n<h2 class=\"wp-block-heading\">CONCLUSIONE<\/h2>\n\n\n\n<p>La primavera \u00e8 la stagione della ripartenza, e le clienti lo sanno. Il centro estetico che si presenta con un menu di trattamenti corpo professionali aggiornati (https:\/\/passioneprofessionale.it\/forniture-estetiste), prodotti di qualit\u00e0 e percorsi personalizzati ha tutti gli strumenti per trasformare i mesi di marzo-maggio in uno dei periodi pi\u00f9 redditizi dell&#8217;anno. Investi nelle giuste forniture, costruisci pacchetti coerenti e racconta alle tue clienti i benefici reali di ogni trattamento: i risultati parleranno da soli.<\/p>\n\n\n\n<hr class=\"wp-block-separator has-alpha-channel-opacity\"\/>\n\n\n\n<p><a href=\"https:\/\/passioneprofessionale.it\/pro\/\">Richiedi l&#8217;accesso a Passione Professionale PRO<br>Scopri il listino riservato ai professionisti \u2192 <\/a><\/p>\n\n\n\n<p><\/p>\n","protected":false},"excerpt":{"rendered":"<p>Con l&#8217;arrivo della primavera, le clienti tornano nel centro estetico con un obiettivo preciso: ripartire. Dopo i mesi invernali, la pelle ha accumulato tossine, circolazione rallentata, strati di cellule morte e, spesso, un senso di pesantezza che chiede un reset profondo. Per l&#8217;estetista professionista, la primavera \u00e8 una delle stagioni pi\u00f9 redditizie dell&#8217;anno: chi sa [&hellip;]<\/p>\n","protected":false},"author":1,"featured_media":1324,"comment_status":"closed","ping_status":"closed","sticky":false,"template":"","format":"standard","meta":{"footnotes":""},"categories":[1],"tags":[],"class_list":["post-1315","post","type-post","status-publish","format-standard","has-post-thumbnail","hentry","category-uncategorized"],"_links":{"self":[{"href":"https:\/\/passioneprofessionale.it\/blog\/wp-json\/wp\/v2\/posts\/1315","targetHints":{"allow":["GET"]}}],"collection":[{"href":"https:\/\/passioneprofessionale.it\/blog\/wp-json\/wp\/v2\/posts"}],"about":[{"href":"https:\/\/passioneprofessionale.it\/blog\/wp-json\/wp\/v2\/types\/post"}],"author":[{"embeddable":true,"href":"https:\/\/passioneprofessionale.it\/blog\/wp-json\/wp\/v2\/users\/1"}],"replies":[{"embeddable":true,"href":"https:\/\/passioneprofessionale.it\/blog\/wp-json\/wp\/v2\/comments?post=1315"}],"version-history":[{"count":4,"href":"https:\/\/passioneprofessionale.it\/blog\/wp-json\/wp\/v2\/posts\/1315\/revisions"}],"predecessor-version":[{"id":1325,"href":"https:\/\/passioneprofessionale.it\/blog\/wp-json\/wp\/v2\/posts\/1315\/revisions\/1325"}],"wp:featuredmedia":[{"embeddable":true,"href":"https:\/\/passioneprofessionale.it\/blog\/wp-json\/wp\/v2\/media\/1324"}],"wp:attachment":[{"href":"https:\/\/passioneprofessionale.it\/blog\/wp-json\/wp\/v2\/media?parent=1315"}],"wp:term":[{"taxonomy":"category","embeddable":true,"href":"https:\/\/passioneprofessionale.it\/blog\/wp-json\/wp\/v2\/categories?post=1315"},{"taxonomy":"post_tag","embeddable":true,"href":"https:\/\/passioneprofessionale.it\/blog\/wp-json\/wp\/v2\/tags?post=1315"}],"curies":[{"name":"wp","href":"https:\/\/api.w.org\/{rel}","templated":true}]}}