{"id":161,"date":"2021-08-26T08:21:00","date_gmt":"2021-08-26T08:21:00","guid":{"rendered":"https:\/\/blog.passioneprofessionale.it\/?p=161"},"modified":"2021-08-04T08:32:53","modified_gmt":"2021-08-04T08:32:53","slug":"parlux-alyon-recensione","status":"publish","type":"post","link":"https:\/\/passioneprofessionale.it\/blog\/parlux-alyon-recensione\/","title":{"rendered":"Parlux Alyon Recensione: \u00e8 davvero il miglior phon in commercio?"},"content":{"rendered":"\n<p><em>Ecco sul phon <a href=\"https:\/\/passioneprofessionale.it\/brand\/50-parlux\">Parlux Alyon<\/a> la recensione definitiva, caratteristiche, punti di forza, perch\u00e9 acquistarlo. Scopriamo se \u00e8 davvero il migliore in commercio<\/em><\/p>\n\n\n\n<p>Se sei un parrucchiere saprai benissimo quanto <strong>utilizzare un buon asciugacapelli<\/strong> sia in grado di fare la differenza, di valorizzare il tuo servizio, e di trattare i capelli in modo corretto, non rovinandoli, bens\u00ec facendoli apparire migliori.<\/p>\n\n\n\n<p>Se sei un professionista del settore, inoltre, saprai anche quanto <strong>convenga nel tempo investire su un buon phon<\/strong>, durevole, che consumi il giusto, e che non si rompa facilmente, in questo modo risparmierai sui costi futuri e avrai un prodotto di alta qualit\u00e0.<\/p>\n\n\n\n<p><strong>Il phon Parlux Alyon<\/strong> a detta di molti, parrucchieri, barbieri, ma anche non addetti ai lavori, sembrerebbe essere uno dei migliori prodotti in assoluto disponibili sul mercato, ma \u00e8 davvero cos\u00ec?<\/p>\n\n\n\n<p>Per rispondere a questo quesito una volta per tutte faremo sul <strong>phon Parlux Alyon la recensione definitiva<\/strong>, vedremo quali sono le sue caratteristiche principali, i suoi maggiori punti di forza, e scopriremo perch\u00e9 chi lo prova non pu\u00f2 pi\u00f9 farne a meno.<\/p>\n\n\n\n<p>Possiamo anticiparti, per\u00f2, che sul <strong>phon Parlux Alyon la recensione \u00e8 pi\u00f9 che positiva<\/strong>, per questo motivo noi di <em>PassioneProfessionale<\/em>, che da tanti anni ormai lavoriamo nel campo delle <a href=\"https:\/\/passioneprofessionale.it\/forniture-parrucchieri\">forniture per parrucchieri<\/a>, barbieri ed estetiste, lo abbiamo inserito nel nostro shop online, dove potrai trovarlo al <a href=\"https:\/\/passioneprofessionale.it\/parlux-alyon-miglior-prezzo\">miglior rapporto qualit\u00e0 prezzo<\/a>.<\/p>\n\n\n\n<p>Ma vediamo nel dettaglio, allora, sul <strong>Parlux Alyon la recensione dettagliata e definitiva<\/strong> di <em>PassioneProfessionale<\/em>.<\/p>\n\n\n\n<h2 class=\"wp-block-heading\">Parlux Alyon recensione e caratteristiche<\/h2>\n\n\n\n<div class=\"wp-block-media-text alignwide is-stacked-on-mobile\"><figure class=\"wp-block-media-text__media\"><img fetchpriority=\"high\" decoding=\"async\" width=\"792\" height=\"1024\" src=\"https:\/\/passioneprofessionale.it\/blog\/wp-content\/uploads\/2021\/08\/parlux-alyon-nero-asciugacapelli-professionale-2250-watt--792x1024.jpeg\" alt=\"\" class=\"wp-image-164 size-full\" srcset=\"https:\/\/passioneprofessionale.it\/blog\/wp-content\/uploads\/2021\/08\/parlux-alyon-nero-asciugacapelli-professionale-2250-watt--792x1024.jpeg 792w, https:\/\/passioneprofessionale.it\/blog\/wp-content\/uploads\/2021\/08\/parlux-alyon-nero-asciugacapelli-professionale-2250-watt--232x300.jpeg 232w, https:\/\/passioneprofessionale.it\/blog\/wp-content\/uploads\/2021\/08\/parlux-alyon-nero-asciugacapelli-professionale-2250-watt--768x993.jpeg 768w, https:\/\/passioneprofessionale.it\/blog\/wp-content\/uploads\/2021\/08\/parlux-alyon-nero-asciugacapelli-professionale-2250-watt-.jpeg 1100w\" sizes=\"(max-width: 792px) 100vw, 792px\" \/><\/figure><div class=\"wp-block-media-text__content\">\n<p><strong>Il marchio Parlux<\/strong> \u00e8 molto conosciuto nel settore, e i suoi prodotti sono apprezzati dai professionisti di tutto il mondo, in quanto generalmente si distinguono per praticit\u00e0, durevolezza, potenza e qualit\u00e0.<\/p>\n\n\n\n<p>Tuttavia, ce n&#8217;\u00e8 uno che pi\u00f9 degli altri spicca e che, secondo le varie recensioni, una volta provato \u00e8 impossibile separarsene, parliamo del <strong>phon Parlux Alyon<\/strong>, ma \u00e8 davvero cos\u00ec? Scopriamo l\u2019asciugacapelli <strong>Parlux Alyon<\/strong>,<strong> la recensione e le caratteristiche<\/strong>.<\/p>\n\n\n\n<div class=\"wp-block-buttons is-layout-flex wp-block-buttons-is-layout-flex\">\n<div class=\"wp-block-button\"><a class=\"wp-block-button__link\" href=\"https:\/\/passioneprofessionale.it\/parlux-alyon-nero-asciugacapelli-professionale-2250-watt-\">Acquista ora<\/a><\/div>\n<\/div>\n<\/div><\/div>\n\n\n\n<div class=\"wp-block-media-text alignwide has-media-on-the-right is-stacked-on-mobile\"><figure class=\"wp-block-media-text__media\"><img decoding=\"async\" width=\"792\" height=\"1024\" src=\"https:\/\/passioneprofessionale.it\/blog\/wp-content\/uploads\/2021\/08\/parlux-alyon-rosa-asciugacapelli-professionale-2250-watt-792x1024.jpeg\" alt=\"\" class=\"wp-image-165 size-full\" srcset=\"https:\/\/passioneprofessionale.it\/blog\/wp-content\/uploads\/2021\/08\/parlux-alyon-rosa-asciugacapelli-professionale-2250-watt-792x1024.jpeg 792w, https:\/\/passioneprofessionale.it\/blog\/wp-content\/uploads\/2021\/08\/parlux-alyon-rosa-asciugacapelli-professionale-2250-watt-232x300.jpeg 232w, https:\/\/passioneprofessionale.it\/blog\/wp-content\/uploads\/2021\/08\/parlux-alyon-rosa-asciugacapelli-professionale-2250-watt-768x993.jpeg 768w, https:\/\/passioneprofessionale.it\/blog\/wp-content\/uploads\/2021\/08\/parlux-alyon-rosa-asciugacapelli-professionale-2250-watt.jpeg 1100w\" sizes=\"(max-width: 792px) 100vw, 792px\" \/><\/figure><div class=\"wp-block-media-text__content\">\n<h3 class=\"wp-block-heading\">Phon Parlux Alyon, recensione sulla potenza<\/h3>\n\n\n\n<p>La nostra recensione in merito alla <strong>potenza<\/strong> non pu\u00f2 che essere positiva, parliamo infatti di uno degli asciugacapelli pi\u00f9 potenti sul mercato, ha un motore eccezionale, il K-Advance Plus.<\/p>\n\n\n\n<p>Questo <strong>motore<\/strong> ha una potenza di 2200 watt, parliamo di una cifra davvero notevole, che rende il phon Parlux Alyon molto durevole nel tempo, garantisce infatti almeno tremila ore di durata.<\/p>\n\n\n\n<div class=\"wp-block-buttons is-layout-flex wp-block-buttons-is-layout-flex\">\n<div class=\"wp-block-button\"><a class=\"wp-block-button__link\" href=\"https:\/\/passioneprofessionale.it\/-parlux-alyon-rosa-asciugacapelli-professionale-2250-watt\">Acquista ora<\/a><\/div>\n<\/div>\n<\/div><\/div>\n\n\n\n<div class=\"wp-block-media-text alignwide is-stacked-on-mobile\"><figure class=\"wp-block-media-text__media\"><img decoding=\"async\" width=\"792\" height=\"1024\" src=\"https:\/\/passioneprofessionale.it\/blog\/wp-content\/uploads\/2021\/08\/parlux-alyon-grafite-asciugacapelli-professionale-2250-watt-792x1024.jpeg\" alt=\"\" class=\"wp-image-166 size-full\" srcset=\"https:\/\/passioneprofessionale.it\/blog\/wp-content\/uploads\/2021\/08\/parlux-alyon-grafite-asciugacapelli-professionale-2250-watt-792x1024.jpeg 792w, https:\/\/passioneprofessionale.it\/blog\/wp-content\/uploads\/2021\/08\/parlux-alyon-grafite-asciugacapelli-professionale-2250-watt-232x300.jpeg 232w, https:\/\/passioneprofessionale.it\/blog\/wp-content\/uploads\/2021\/08\/parlux-alyon-grafite-asciugacapelli-professionale-2250-watt-768x993.jpeg 768w, https:\/\/passioneprofessionale.it\/blog\/wp-content\/uploads\/2021\/08\/parlux-alyon-grafite-asciugacapelli-professionale-2250-watt.jpeg 1100w\" sizes=\"(max-width: 792px) 100vw, 792px\" \/><\/figure><div class=\"wp-block-media-text__content\">\n<h3 class=\"wp-block-heading\">Phon Parlux Alyon, recensione sulla tecnologia<\/h3>\n\n\n\n<p>Anche da questo punto di vista il <strong>phon Parlux Alyon<\/strong> sembrerebbe non avere rivali sul mercato, utilizza infatti una moderna <strong>tecnologia<\/strong>, la Air Ionizer Tech, che in parole semplici vuol dire che utilizza la tecnologia agli ioni.<\/p>\n\n\n\n<p>Questo fattore non \u00e8 un dettaglio perch\u00e9 non solo permette di asciugare i capelli in tempi molto brevi, facilitando e migliorando il lavoro del professionista, ma dona anche ai capelli lucentezza e morbidezza.<\/p>\n\n\n\n<p>Inoltre, utilizza anche la <strong>tecnologia HFS<\/strong>, che \u00e8 in grado di catturare tutti i capelli senza rischiare che questi entrino nelle parti interne del phon creando malfunzionamenti, che \u00e8 un problema molto frequente negli asciugacapelli di qualit\u00e0 minore.<\/p>\n\n\n\n<div class=\"wp-block-buttons is-layout-flex wp-block-buttons-is-layout-flex\">\n<div class=\"wp-block-button\"><a class=\"wp-block-button__link\" href=\"https:\/\/passioneprofessionale.it\/-parlux-alyon-grafite-asciugacapelli-professionale-2250-watt\">Acquista ora<\/a><\/div>\n<\/div>\n<\/div><\/div>\n\n\n\n<div class=\"wp-block-media-text alignwide has-media-on-the-right is-stacked-on-mobile\"><figure class=\"wp-block-media-text__media\"><a href=\"https:\/\/passioneprofessionale.it\/parlux-alyon\"><img loading=\"lazy\" decoding=\"async\" width=\"792\" height=\"1024\" src=\"https:\/\/passioneprofessionale.it\/blog\/wp-content\/uploads\/2021\/08\/parlux-alyon-giada-asciugacapelli-professionale-2250-watt-792x1024.jpeg\" alt=\"\" class=\"wp-image-145 size-full\" srcset=\"https:\/\/passioneprofessionale.it\/blog\/wp-content\/uploads\/2021\/08\/parlux-alyon-giada-asciugacapelli-professionale-2250-watt-792x1024.jpeg 792w, https:\/\/passioneprofessionale.it\/blog\/wp-content\/uploads\/2021\/08\/parlux-alyon-giada-asciugacapelli-professionale-2250-watt-232x300.jpeg 232w, https:\/\/passioneprofessionale.it\/blog\/wp-content\/uploads\/2021\/08\/parlux-alyon-giada-asciugacapelli-professionale-2250-watt-768x993.jpeg 768w, https:\/\/passioneprofessionale.it\/blog\/wp-content\/uploads\/2021\/08\/parlux-alyon-giada-asciugacapelli-professionale-2250-watt.jpeg 1100w\" sizes=\"(max-width: 792px) 100vw, 792px\" \/><\/a><\/figure><div class=\"wp-block-media-text__content\">\n<h3 class=\"wp-block-heading\">Parlux Alyon, recensione sulla maneggevolezza<\/h3>\n\n\n\n<p><strong>La facilit\u00e0 di utilizzo<\/strong>, si sa, \u00e8 un fattore davvero molto importante, soprattutto per chi svolge la professione di parrucchiere e barbiere, passando molte ore con il phon in mano.<\/p>\n\n\n\n<p>Anche in questo caso il <strong>phon Parlux Alyon<\/strong> svolge alla grande il suo lavoro, perch\u00e9 oltre a essere un prodotto che garantisce la giusta leggerezza \u00e8 anche dotato di una forma ergonomica che lo rende davvero facile da utilizzare e fa s\u00ec che il peso del phon non gravi eccessivamente sul braccio.<\/p>\n\n\n\n<div class=\"wp-block-buttons is-layout-flex wp-block-buttons-is-layout-flex\">\n<div class=\"wp-block-button\"><a class=\"wp-block-button__link\" href=\"https:\/\/passioneprofessionale.it\/parlux-alyon-giada-asciugacapelli-professionale-2250-watt\">Acquista ora<\/a><\/div>\n<\/div>\n<\/div><\/div>\n\n\n\n<p>Ma non finisce qui, <strong>il phon Parlux Alyon \u00e8 anche dotato di un getto di aria fredda<\/strong> che risulta essenziale per i professionisti, perch\u00e9 agisce come fissante sui capelli, cos\u00ec la piega sar\u00e0 conclusa in maniera ottimale e i capelli appariranno particolarmente lucenti.<\/p>\n\n\n\n<p>Infine, sul <strong>phon Parlux Alyon la recensione<\/strong> non pu\u00f2 non evidenziare un altro fattore positivo, cio\u00e8 la <strong><a href=\"https:\/\/passioneprofessionale.it\/parlux-alyon\">disponibilit\u00e0 di colori<\/a><\/strong> in cui il prodotto \u00e8 disponibile, ben nove, e si potr\u00e0 scegliere tra tonalit\u00e0 opache e cromate, a seconda del proprio gusto personale.<\/p>\n\n\n\n<p>Dunque, <strong>sul phon Parlux Alyon la recensione \u00e8 davvero ottima<\/strong>, possiamo dunque rispondere alla domanda iniziale, \u00e8 davvero il miglior phon in commercio? Assolutamente s\u00ec, e per questo motivo puoi trovarlo a un ottimo prezzo nel nostro ingrosso online di <a href=\"https:\/\/passioneprofessionale.it\/forniture-parrucchieri\">forniture per parrucchieri<\/a>, barbieri ed estetiste <em>PassioneProfessionale<\/em>, perch\u00e9 vogliamo offrire ai professionisti come te solo i migliori prodotti esistenti, per <strong>garantirti standard di alto livello<\/strong>.<\/p>\n\n\n\n<p><\/p>\n\n\n\n<figure class=\"wp-block-image size-large\"><img loading=\"lazy\" decoding=\"async\" width=\"1024\" height=\"341\" src=\"https:\/\/passioneprofessionale.it\/blog\/wp-content\/uploads\/2021\/08\/offerta-parlux-alyon-1024x341.jpeg\" alt=\"\" class=\"wp-image-173\" srcset=\"https:\/\/passioneprofessionale.it\/blog\/wp-content\/uploads\/2021\/08\/offerta-parlux-alyon-1024x341.jpeg 1024w, https:\/\/passioneprofessionale.it\/blog\/wp-content\/uploads\/2021\/08\/offerta-parlux-alyon-300x100.jpeg 300w, https:\/\/passioneprofessionale.it\/blog\/wp-content\/uploads\/2021\/08\/offerta-parlux-alyon-768x256.jpeg 768w, https:\/\/passioneprofessionale.it\/blog\/wp-content\/uploads\/2021\/08\/offerta-parlux-alyon-1536x512.jpeg 1536w, https:\/\/passioneprofessionale.it\/blog\/wp-content\/uploads\/2021\/08\/offerta-parlux-alyon-scaled.jpeg 2048w\" sizes=\"(max-width: 1024px) 100vw, 1024px\" \/><\/figure>\n","protected":false},"excerpt":{"rendered":"<p>Ecco sul phon Parlux Alyon la recensione definitiva, caratteristiche, punti di forza, perch\u00e9 acquistarlo. Scopriamo se \u00e8 davvero il migliore in commercio Se sei un parrucchiere saprai benissimo quanto utilizzare un buon asciugacapelli sia in grado di fare la differenza, di valorizzare il tuo servizio, e di trattare i capelli in modo corretto, non rovinandoli, [&hellip;]<\/p>\n","protected":false},"author":1,"featured_media":168,"comment_status":"open","ping_status":"closed","sticky":false,"template":"","format":"standard","meta":{"footnotes":""},"categories":[1],"tags":[],"class_list":["post-161","post","type-post","status-publish","format-standard","has-post-thumbnail","hentry","category-uncategorized"],"_links":{"self":[{"href":"https:\/\/passioneprofessionale.it\/blog\/wp-json\/wp\/v2\/posts\/161","targetHints":{"allow":["GET"]}}],"collection":[{"href":"https:\/\/passioneprofessionale.it\/blog\/wp-json\/wp\/v2\/posts"}],"about":[{"href":"https:\/\/passioneprofessionale.it\/blog\/wp-json\/wp\/v2\/types\/post"}],"author":[{"embeddable":true,"href":"https:\/\/passioneprofessionale.it\/blog\/wp-json\/wp\/v2\/users\/1"}],"replies":[{"embeddable":true,"href":"https:\/\/passioneprofessionale.it\/blog\/wp-json\/wp\/v2\/comments?post=161"}],"version-history":[{"count":7,"href":"https:\/\/passioneprofessionale.it\/blog\/wp-json\/wp\/v2\/posts\/161\/revisions"}],"predecessor-version":[{"id":175,"href":"https:\/\/passioneprofessionale.it\/blog\/wp-json\/wp\/v2\/posts\/161\/revisions\/175"}],"wp:featuredmedia":[{"embeddable":true,"href":"https:\/\/passioneprofessionale.it\/blog\/wp-json\/wp\/v2\/media\/168"}],"wp:attachment":[{"href":"https:\/\/passioneprofessionale.it\/blog\/wp-json\/wp\/v2\/media?parent=161"}],"wp:term":[{"taxonomy":"category","embeddable":true,"href":"https:\/\/passioneprofessionale.it\/blog\/wp-json\/wp\/v2\/categories?post=161"},{"taxonomy":"post_tag","embeddable":true,"href":"https:\/\/passioneprofessionale.it\/blog\/wp-json\/wp\/v2\/tags?post=161"}],"curies":[{"name":"wp","href":"https:\/\/api.w.org\/{rel}","templated":true}]}}