{"id":183,"date":"2021-08-06T08:20:00","date_gmt":"2021-08-06T08:20:00","guid":{"rendered":"https:\/\/blog.passioneprofessionale.it\/?p=183"},"modified":"2021-08-07T06:21:51","modified_gmt":"2021-08-07T06:21:51","slug":"parlux-alyon-diffusore-magic-sense","status":"publish","type":"post","link":"https:\/\/passioneprofessionale.it\/blog\/parlux-alyon-diffusore-magic-sense\/","title":{"rendered":"Parlux Alyon con diffusore Magic Sense: consigli e dove acquistare"},"content":{"rendered":"\n<p><em>Scopriamo le caratteristiche del phon Parlux Alyon con diffusore Magic Sense, quando utilizzarlo e dove comprarlo<\/em><\/p>\n\n\n\n<p>L\u2019importanza di <strong>utilizzare un buon asciugacapelli di qualit\u00e0<\/strong> \u00e8 indiscutibile quando sei un professionista del settore, perch\u00e9 cos\u00ec otterrai una piega <strong>in grado di valorizzare il tuo servizio e i capelli delle clienti<\/strong>, che risulteranno pi\u00f9 lucenti e sani. Inoltre, un phon di qualit\u00e0 sar\u00e0 pi\u00f9 adatto all\u2019utilizzo continuativo in salone, pi\u00f9 maneggevole e durer\u00e0 anche pi\u00f9 tempo.<\/p>\n\n\n\n<p><strong>Gli asciugacapelli del marchio <a href=\"https:\/\/passioneprofessionale.it\/brand\/50-parlux\">Parlux<\/a><\/strong> sono prodotti dagli standard qualitativi molto alti, pensati apposta per i professionisti, e in particolare il phon Parlux Alyon \u00e8 probabilmente uno dei migliori in circolazione, se non il migliore in assoluto sul mercato.<\/p>\n\n\n\n<p>Oltretutto, <strong>il phon Parlux Alyon con diffusore Magic Sense<\/strong> aggiunto \u00e8 davvero un prodotto eccezionale, completo, adatto anche ai capelli ricci, che sono pi\u00f9 ostici da trattare correttamente, e regala asciugature molto naturali e in grado di far risaltare il lavoro del professionista.<\/p>\n\n\n\n<p>Come vedremo nel dettaglio pi\u00f9 avanti, <strong>il phon Parlux Alyon con diffusore Magic Sense<\/strong> offre anche caratteristiche tecniche ottimali, perch\u00e9 utilizza tecnologie moderne, come quella agli ioni che rende i capelli morbidi e lucidi.<\/p>\n\n\n\n<p>Proprio perch\u00e9 <strong>il phon Parlux Alyon con diffusore Magic Sense \u00e8 un prodotto professionale e di qualit\u00e0<\/strong>, noi di <em>PassioneProfessionale<\/em>, che da anni lavoriamo con amore nel settore delle <a href=\"https:\/\/passioneprofessionale.it\/forniture-parrucchieri\">forniture per parrucchieri<\/a>, barbieri ed estetiste, lo abbiamo inserito nel nostro shop online ad un <strong>prezzo davvero competitivo<\/strong>.<\/p>\n\n\n\n<p>Ma vediamo nel dettaglio, allora, tutte <strong>le caratteristiche e i consigli di utilizzo sul phon Parlux Alyon con diffusore Magic Sense<\/strong>.<\/p>\n\n\n\n<h2 class=\"wp-block-heading\">Parlux Alyon con diffusore Magic Sense: caratteristiche<\/h2>\n\n\n\n<p><strong>Il phon Parlux Alyon con diffusore Magic Sense<\/strong> \u00e8 un prodotto davvero ottimo, pensato appositamente per i professionisti, per questo motivo risulta essere particolarmente prestante, leggero e durevole nel tempo.<\/p>\n\n\n\n<p>Grazie alla moderna tecnologia <em>Air Ionizer Tech<\/em>, <strong>l\u2019asciugacapelli Parlux Alyon con diffusore Magic Sense<\/strong> \u00e8 in grado di donare molta lucentezza ai capelli e, soprattutto, di ridurre le tempistiche di asciugatura, perch\u00e9 emette una quantit\u00e0 minore di ioni negativi eliminando l\u2019elettricit\u00e0 statica.<\/p>\n\n\n\n<p><strong>Il phon Parlux Alyon con diffusore Magic Sense<\/strong> \u00e8 molto maneggevole e leggero, grazie al bilanciamento e alla forma ergonomica \u00e8 adatto ad essere tenuto in mano per diverse ore senza che il peso gravi eccessivamente sul braccio del professionista.<\/p>\n\n\n\n<p><strong>Il motore<\/strong> \u00e8 molto potente, 2250 watt per l\u2019esattezza, e garantisce pi\u00f9 di 3000 ore di durata, dunque davvero particolarmente prestante.<\/p>\n\n\n\n<p>Ma analizziamo il pezzo forte di questo prodotto, il fantastico <strong>diffusore Magic Sense<\/strong>, molto innovativo e in grado di fare la differenza, ecco alcuni <strong>consigli di utilizzo e dove trovarlo<\/strong>.<\/p>\n\n\n\n<figure class=\"wp-block-gallery columns-3 is-cropped wp-block-gallery-1 is-layout-flex wp-block-gallery-is-layout-flex\"><ul class=\"blocks-gallery-grid\"><li class=\"blocks-gallery-item\"><figure><img fetchpriority=\"high\" decoding=\"async\" width=\"792\" height=\"1024\" src=\"https:\/\/passioneprofessionale.it\/blog\/wp-content\/uploads\/2021\/08\/parlux-alyon-grafite-asciugacapelli-professionale-2250-watt-792x1024.jpeg\" alt=\"\" data-id=\"166\" data-full-url=\"https:\/\/passioneprofessionale.it\/blog\/wp-content\/uploads\/2021\/08\/parlux-alyon-grafite-asciugacapelli-professionale-2250-watt.jpeg\" data-link=\"https:\/\/passioneprofessionale.it\/blog\/?attachment_id=166\" class=\"wp-image-166\" srcset=\"https:\/\/passioneprofessionale.it\/blog\/wp-content\/uploads\/2021\/08\/parlux-alyon-grafite-asciugacapelli-professionale-2250-watt-792x1024.jpeg 792w, https:\/\/passioneprofessionale.it\/blog\/wp-content\/uploads\/2021\/08\/parlux-alyon-grafite-asciugacapelli-professionale-2250-watt-232x300.jpeg 232w, https:\/\/passioneprofessionale.it\/blog\/wp-content\/uploads\/2021\/08\/parlux-alyon-grafite-asciugacapelli-professionale-2250-watt-768x993.jpeg 768w, https:\/\/passioneprofessionale.it\/blog\/wp-content\/uploads\/2021\/08\/parlux-alyon-grafite-asciugacapelli-professionale-2250-watt.jpeg 1100w\" sizes=\"(max-width: 792px) 100vw, 792px\" \/><\/figure><\/li><li class=\"blocks-gallery-item\"><figure><img decoding=\"async\" width=\"792\" height=\"1024\" src=\"https:\/\/passioneprofessionale.it\/blog\/wp-content\/uploads\/2021\/08\/parlux-alyon-rosa-asciugacapelli-professionale-2250-watt-792x1024.jpeg\" alt=\"\" data-id=\"165\" data-full-url=\"https:\/\/passioneprofessionale.it\/blog\/wp-content\/uploads\/2021\/08\/parlux-alyon-rosa-asciugacapelli-professionale-2250-watt.jpeg\" data-link=\"https:\/\/passioneprofessionale.it\/blog\/?attachment_id=165\" class=\"wp-image-165\" srcset=\"https:\/\/passioneprofessionale.it\/blog\/wp-content\/uploads\/2021\/08\/parlux-alyon-rosa-asciugacapelli-professionale-2250-watt-792x1024.jpeg 792w, https:\/\/passioneprofessionale.it\/blog\/wp-content\/uploads\/2021\/08\/parlux-alyon-rosa-asciugacapelli-professionale-2250-watt-232x300.jpeg 232w, https:\/\/passioneprofessionale.it\/blog\/wp-content\/uploads\/2021\/08\/parlux-alyon-rosa-asciugacapelli-professionale-2250-watt-768x993.jpeg 768w, https:\/\/passioneprofessionale.it\/blog\/wp-content\/uploads\/2021\/08\/parlux-alyon-rosa-asciugacapelli-professionale-2250-watt.jpeg 1100w\" sizes=\"(max-width: 792px) 100vw, 792px\" \/><\/figure><\/li><li class=\"blocks-gallery-item\"><figure><img decoding=\"async\" width=\"792\" height=\"1024\" src=\"https:\/\/passioneprofessionale.it\/blog\/wp-content\/uploads\/2021\/08\/parlux-alyon-giada-asciugacapelli-professionale-2250-watt-792x1024.jpeg\" alt=\"\" data-id=\"145\" data-full-url=\"https:\/\/passioneprofessionale.it\/blog\/wp-content\/uploads\/2021\/08\/parlux-alyon-giada-asciugacapelli-professionale-2250-watt.jpeg\" data-link=\"https:\/\/passioneprofessionale.it\/blog\/?attachment_id=145\" class=\"wp-image-145\" srcset=\"https:\/\/passioneprofessionale.it\/blog\/wp-content\/uploads\/2021\/08\/parlux-alyon-giada-asciugacapelli-professionale-2250-watt-792x1024.jpeg 792w, https:\/\/passioneprofessionale.it\/blog\/wp-content\/uploads\/2021\/08\/parlux-alyon-giada-asciugacapelli-professionale-2250-watt-232x300.jpeg 232w, https:\/\/passioneprofessionale.it\/blog\/wp-content\/uploads\/2021\/08\/parlux-alyon-giada-asciugacapelli-professionale-2250-watt-768x993.jpeg 768w, https:\/\/passioneprofessionale.it\/blog\/wp-content\/uploads\/2021\/08\/parlux-alyon-giada-asciugacapelli-professionale-2250-watt.jpeg 1100w\" sizes=\"(max-width: 792px) 100vw, 792px\" \/><\/figure><\/li><li class=\"blocks-gallery-item\"><figure><img loading=\"lazy\" decoding=\"async\" width=\"792\" height=\"1024\" src=\"https:\/\/passioneprofessionale.it\/blog\/wp-content\/uploads\/2021\/08\/parlux-alyon-nero-asciugacapelli-professionale-2250-watt--792x1024.jpeg\" alt=\"\" data-id=\"164\" data-full-url=\"https:\/\/passioneprofessionale.it\/blog\/wp-content\/uploads\/2021\/08\/parlux-alyon-nero-asciugacapelli-professionale-2250-watt-.jpeg\" data-link=\"https:\/\/passioneprofessionale.it\/blog\/?attachment_id=164\" class=\"wp-image-164\" srcset=\"https:\/\/passioneprofessionale.it\/blog\/wp-content\/uploads\/2021\/08\/parlux-alyon-nero-asciugacapelli-professionale-2250-watt--792x1024.jpeg 792w, https:\/\/passioneprofessionale.it\/blog\/wp-content\/uploads\/2021\/08\/parlux-alyon-nero-asciugacapelli-professionale-2250-watt--232x300.jpeg 232w, https:\/\/passioneprofessionale.it\/blog\/wp-content\/uploads\/2021\/08\/parlux-alyon-nero-asciugacapelli-professionale-2250-watt--768x993.jpeg 768w, https:\/\/passioneprofessionale.it\/blog\/wp-content\/uploads\/2021\/08\/parlux-alyon-nero-asciugacapelli-professionale-2250-watt-.jpeg 1100w\" sizes=\"(max-width: 792px) 100vw, 792px\" \/><\/figure><\/li><\/ul><\/figure>\n\n\n\n<h2 class=\"wp-block-heading\">Parlux Alyon con Diffusore Magic Sense: consigli e dove acquistarlo<\/h2>\n\n\n\n<p><strong>Il diffusore Magic Sense<\/strong> completa veramente il phon Parlux Alyon, che come accennato, \u00e8 uno dei migliori asciugacapelli sul mercato.<\/p>\n\n\n\n<p>\u00c8 un prodotto di grande innovazione, che permette un\u2019asciugatura veloce e ottimale, <strong>\u00e8 particolarmente consigliato per i ricci<\/strong>, perch\u00e9 li rende molto naturali ed \u00e8 in grado di contrastare il tanto odiato effetto crespo, inoltre non secca affatto le punte, lasciando i capelli morbidi.<\/p>\n\n\n\n<p><strong>Il diffusore Magic Sense<\/strong> \u00e8 dotato di un innovativo sistema anti-riscaldamento che permette al professionista di utilizzarlo senza che scotti eccessivamente.<\/p>\n\n\n\n<p>Inoltre, il consiglio \u00e8 quello di sfruttare al meglio <strong>le punte massaggianti<\/strong>, ben 15, che si trovano nel diffusore Magic Sense, perch\u00e9 sono pensate apposta per il confort delle clienti durante l\u2019asciugatura. Le speciali punte, infatti, massaggiano e stimolano la cute, facendo sentire le clienti coccolate.<\/p>\n\n\n\n<p>Ricapitolando, allora, ecco i <strong>principali punti di forza del phon Parlux Alyon con diffusore Magic Sense<\/strong>:<\/p>\n\n\n\n<ul class=\"wp-block-list\"><li>\u00e8 potente<\/li><li>ha un buon rapporto tra quantit\u00e0 d\u2019aria e riscaldamento<\/li><li>asciuga velocemente<\/li><li>non secca le punte<\/li><li>non spettina<\/li><li>\u00e8 ideale per i capelli ricci<\/li><li>\u00e8 leggero e di facile utilizzo<\/li><li>\u00e8 dotato di tecnologie innovative<\/li><li>massaggia la cute<\/li><\/ul>\n\n\n\n<p>Dunque, <strong>il phon Parlux Alyon con diffusore Magic Sense<\/strong> \u00e8 davvero un prodotto eccezionale, in grado di fare la differenza nel tuo salone da parrucchiere, e garantisce risultati ottimali su tutte le tipologie di capelli, anche sui ricci pi\u00f9 ribelli.<\/p>\n\n\n\n<p>Se stai cercando <strong>l\u2019asciugacapelli Parlux Alyon con diffusore Magic Sense ad un prezzo concorrenziale<\/strong>, puoi trovarlo nel nostro ingrosso online di <a href=\"https:\/\/passioneprofessionale.it\/forniture-parrucchieri\">forniture per parrucchieri<\/a>, barbieri ed estetiste <em>PassioneProfessionale<\/em>, dove ogni giorno da tanti anni selezioniamo con amore solo <strong>i migliori prodotti sul mercato<\/strong> per i professionisti come te, ti aspettiamo.<\/p>\n","protected":false},"excerpt":{"rendered":"<p>Scopriamo le caratteristiche del phon Parlux Alyon con diffusore Magic Sense, quando utilizzarlo e dove comprarlo L\u2019importanza di utilizzare un buon asciugacapelli di qualit\u00e0 \u00e8 indiscutibile quando sei un professionista del settore, perch\u00e9 cos\u00ec otterrai una piega in grado di valorizzare il tuo servizio e i capelli delle clienti, che risulteranno pi\u00f9 lucenti e sani. [&hellip;]<\/p>\n","protected":false},"author":1,"featured_media":185,"comment_status":"open","ping_status":"closed","sticky":false,"template":"","format":"standard","meta":{"footnotes":""},"categories":[1],"tags":[],"class_list":["post-183","post","type-post","status-publish","format-standard","has-post-thumbnail","hentry","category-uncategorized"],"_links":{"self":[{"href":"https:\/\/passioneprofessionale.it\/blog\/wp-json\/wp\/v2\/posts\/183","targetHints":{"allow":["GET"]}}],"collection":[{"href":"https:\/\/passioneprofessionale.it\/blog\/wp-json\/wp\/v2\/posts"}],"about":[{"href":"https:\/\/passioneprofessionale.it\/blog\/wp-json\/wp\/v2\/types\/post"}],"author":[{"embeddable":true,"href":"https:\/\/passioneprofessionale.it\/blog\/wp-json\/wp\/v2\/users\/1"}],"replies":[{"embeddable":true,"href":"https:\/\/passioneprofessionale.it\/blog\/wp-json\/wp\/v2\/comments?post=183"}],"version-history":[{"count":2,"href":"https:\/\/passioneprofessionale.it\/blog\/wp-json\/wp\/v2\/posts\/183\/revisions"}],"predecessor-version":[{"id":186,"href":"https:\/\/passioneprofessionale.it\/blog\/wp-json\/wp\/v2\/posts\/183\/revisions\/186"}],"wp:featuredmedia":[{"embeddable":true,"href":"https:\/\/passioneprofessionale.it\/blog\/wp-json\/wp\/v2\/media\/185"}],"wp:attachment":[{"href":"https:\/\/passioneprofessionale.it\/blog\/wp-json\/wp\/v2\/media?parent=183"}],"wp:term":[{"taxonomy":"category","embeddable":true,"href":"https:\/\/passioneprofessionale.it\/blog\/wp-json\/wp\/v2\/categories?post=183"},{"taxonomy":"post_tag","embeddable":true,"href":"https:\/\/passioneprofessionale.it\/blog\/wp-json\/wp\/v2\/tags?post=183"}],"curies":[{"name":"wp","href":"https:\/\/api.w.org\/{rel}","templated":true}]}}