{"id":333,"date":"2021-12-03T16:49:00","date_gmt":"2021-12-03T16:49:00","guid":{"rendered":"https:\/\/blog.passioneprofessionale.it\/?p=333"},"modified":"2021-11-11T16:50:22","modified_gmt":"2021-11-11T16:50:22","slug":"cura-della-barba-lunga","status":"publish","type":"post","link":"https:\/\/passioneprofessionale.it\/blog\/cura-della-barba-lunga\/","title":{"rendered":"7 Prodotti per la cura della barba lunga da non perdere"},"content":{"rendered":"\n<h2 class=\"wp-block-heading\">Esistono in commercio molti prodotti per la cura della barba lunga, ma sono tutti funzionali? Scopriamo i sette migliori e dove comprarli<\/h2>\n\n\n\n<p>Per <strong>curare la barba lunga<\/strong> al meglio \u00e8 necessario dedicarle il giusto tempo, deve essere infatti un rituale di bellezza quotidiano a cui ogni uomo dovrebbe dare attenzione.<\/p>\n\n\n\n<p>Se sei un barbiere professionista saprai gi\u00e0 benissimo quanto i tuoi clienti tengano alla loro barba, e come soprattutto quella lunga va trattata utilizzando <strong>i giusti prodotti<\/strong> e le opportune attrezzature.<\/p>\n\n\n\n<p>Sul mercato esistono moltissimi <strong>prodotti per la cura della barba lunga<\/strong>, che per essere morbida, sana e lucente deve essere igienizzata con saponi appositi, idratata, pettinata, sfoltita e curata in ogni particolare.<\/p>\n\n\n\n<p>Noi di <em>Passione Professionale,<\/em> che da moltissimo tempo ci occupiamo di <a href=\"https:\/\/passioneprofessionale.it\/forniture-barbieri\">forniture per barbieri<\/a>, parrucchieri ed estetiste, abbiamo inserito nel nostro shop online solo <strong>i migliori prodotti per la cura della barba lunga<\/strong>, tutti professionali e di ottima qualit\u00e0, che garantiscono i migliori risultati.<\/p>\n\n\n\n<p>Scopriamo, allora, <strong>una selezione di prodotti per la cura della barba lunga<\/strong> di cui non potrai pi\u00f9 fare a meno.<\/p>\n\n\n\n<p><\/p>\n\n\n\n<h3 class=\"wp-block-heading\">Prodotti per la cura della barba lunga: quali scegliere<\/h3>\n\n\n\n<p><strong>La barba lunga<\/strong>, pi\u00f9 di quella corta, deve essere igienizzata bene perch\u00e9 altrimenti possono proliferare batteri e sporcizia, oltretutto andrebbe fatto con appositi prodotti e non solo con l\u2019acqua o con il sapone per il viso, che non la tratterebbe nella giusta maniera.<\/p>\n\n\n\n<p><strong>La barba lunga<\/strong>, inoltre, andrebbe spuntata di tanto in tanto e pettinata con le giuste attrezzature, per un risultato sempre stiloso. Per farlo al meglio, come accennato in precedenza, \u00e8 indispensabile usare appositi prodotti di qualit\u00e0, come quelli che troverai nel nostro shop online <em>Passione Professionale.<\/em><\/p>\n\n\n\n<p>Ecco una lista, allora, dei <strong>7 prodotti per la cura della barba lunga<\/strong> da non perdere.<\/p>\n\n\n\n<div class=\"wp-block-media-text alignwide is-stacked-on-mobile\"><figure class=\"wp-block-media-text__media\"><img fetchpriority=\"high\" decoding=\"async\" width=\"792\" height=\"1024\" src=\"https:\/\/passioneprofessionale.it\/blog\/wp-content\/uploads\/2021\/11\/cella-olio-per-barba-olio-di-argan-e-vitamina-e-50-ml-792x1024.jpeg\" alt=\"\" class=\"wp-image-335 size-full\" srcset=\"https:\/\/passioneprofessionale.it\/blog\/wp-content\/uploads\/2021\/11\/cella-olio-per-barba-olio-di-argan-e-vitamina-e-50-ml-792x1024.jpeg 792w, https:\/\/passioneprofessionale.it\/blog\/wp-content\/uploads\/2021\/11\/cella-olio-per-barba-olio-di-argan-e-vitamina-e-50-ml-232x300.jpeg 232w, https:\/\/passioneprofessionale.it\/blog\/wp-content\/uploads\/2021\/11\/cella-olio-per-barba-olio-di-argan-e-vitamina-e-50-ml-768x993.jpeg 768w, https:\/\/passioneprofessionale.it\/blog\/wp-content\/uploads\/2021\/11\/cella-olio-per-barba-olio-di-argan-e-vitamina-e-50-ml.jpeg 1100w\" sizes=\"(max-width: 792px) 100vw, 792px\" \/><\/figure><div class=\"wp-block-media-text__content\">\n<h3 class=\"wp-block-heading\"><strong>1. Cella olio da barba\u00a0<\/strong><\/h3>\n\n\n\n<p><strong>L\u2019olio da barba<\/strong> targato <em>Cella<\/em> \u00e8 un prodotto davvero ottimo per la barba, soprattutto se lunga. Contiene infatti olio di argan e vitamina E, elementi molto naturali che trattano la barba al meglio e senza rovinarla, per questo motivo pu\u00f2 essere utilizzato quotidianamente.<\/p>\n\n\n\n<p>Tra i <strong>prodotti per la cura della barba lunga<\/strong> questo \u00e8 ottimo e garantisce risultati durevoli e subito visibili.<\/p>\n\n\n\n<div class=\"wp-block-buttons is-layout-flex wp-block-buttons-is-layout-flex\">\n<div class=\"wp-block-button\"><a class=\"wp-block-button__link\" href=\"https:\/\/passioneprofessionale.it\/cella-olio-per-barba-olio-di-argan-e-vitamina-e-50-ml\" target=\"_blank\" rel=\"noreferrer noopener\">Acquista subito<\/a><\/div>\n<\/div>\n<\/div><\/div>\n\n\n\n<ol class=\"wp-block-list\" start=\"2\"><li><strong>Dr. K Soap Woodland Beard Tonico<\/strong><\/li><\/ol>\n\n\n\n<p>Quando si parla di <strong>prodotti per la cura della barba lunga<\/strong> non pu\u00f2 di certo mancare il tonico, e questo \u00e8 davvero eccezionale.<\/p>\n\n\n\n<p>Questo <strong>tonico<\/strong>, infatti, \u00e8 caratterizzato da un profumo durevole e intenso, e grazie agli elementi naturali di cui \u00e8 composto riesce a trattare sia la pelle che la barba al meglio, lasciando entrambe morbide e lucenti.<\/p>\n\n\n\n<ol class=\"wp-block-list\" start=\"3\"><li><strong>Babyliss Pro Trimmer<\/strong><\/li><\/ol>\n\n\n\n<p>La barba lunga, come accennato, deve essere comunque tagliata o spuntata ogni tanto per permetterle di crescere al meglio, tra gli irrinunciabili <strong>prodotti per la cura della barba lunga<\/strong> non pu\u00f2 mancare, dunque, una macchinetta.<\/p>\n\n\n\n<p>Questo <strong>trimmer<\/strong> \u00e8 ottimale per la barba e le rifiniture in generale, un prodotto di grande qualit\u00e0 amato dagli esperti del settore, grazie anche alla lama pi\u00f9 grande rispetto ad altri prodotti.<\/p>\n\n\n\n<div class=\"wp-block-media-text alignwide has-media-on-the-right is-stacked-on-mobile\"><figure class=\"wp-block-media-text__media\"><img decoding=\"async\" width=\"792\" height=\"1024\" src=\"https:\/\/passioneprofessionale.it\/blog\/wp-content\/uploads\/2021\/11\/cella-milano-crema-da-barba-aloe-vera-bio-150-ml-792x1024.jpeg\" alt=\"\" class=\"wp-image-341 size-full\" srcset=\"https:\/\/passioneprofessionale.it\/blog\/wp-content\/uploads\/2021\/11\/cella-milano-crema-da-barba-aloe-vera-bio-150-ml-792x1024.jpeg 792w, https:\/\/passioneprofessionale.it\/blog\/wp-content\/uploads\/2021\/11\/cella-milano-crema-da-barba-aloe-vera-bio-150-ml-232x300.jpeg 232w, https:\/\/passioneprofessionale.it\/blog\/wp-content\/uploads\/2021\/11\/cella-milano-crema-da-barba-aloe-vera-bio-150-ml-768x993.jpeg 768w, https:\/\/passioneprofessionale.it\/blog\/wp-content\/uploads\/2021\/11\/cella-milano-crema-da-barba-aloe-vera-bio-150-ml.jpeg 1100w\" sizes=\"(max-width: 792px) 100vw, 792px\" \/><\/figure><div class=\"wp-block-media-text__content\">\n<h3 class=\"wp-block-heading\">4. <strong>Cella Milano Crema da Barba Aloe Vera<\/strong><\/h3>\n\n\n\n<p>Parliamo di un prodotto top di gamma del marchio, realizzato con ingredienti biologici certificati, come gli olii e l\u2019aloe vera.<\/p>\n\n\n\n<p>Grazie alla sua composizione \u00e8 uno dei <strong>prodotti per la cura della barba<\/strong> lunga irrinunciabili, protegge infatti la cute al momento della rasatura, magari quando si tagliano i lati, e protegge la pelle dai tagli o dalle irritazioni.<\/p>\n\n\n\n<div class=\"wp-block-buttons is-layout-flex wp-block-buttons-is-layout-flex\">\n<div class=\"wp-block-button\"><a class=\"wp-block-button__link\" href=\"https:\/\/passioneprofessionale.it\/cella-milano-crema-da-barba-aloe-vera-bio-150-ml\" target=\"_blank\" rel=\"noreferrer noopener\">Acquista subito<\/a><\/div>\n<\/div>\n<\/div><\/div>\n\n\n\n<ol class=\"wp-block-list\" start=\"5\"><li><strong>Vifrex Beard Wash<\/strong><\/li><\/ol>\n\n\n\n<p>Tra i <strong>prodotti per la cura della barba lunga<\/strong> non pu\u00f2 mancare un buon detergente come questo, in grado di igienizzare tutta la zona al meglio.<\/p>\n\n\n\n<p>Questo <strong>detergente<\/strong> per la barba con cheratina, acido ialuronico e olio di macadamia nutre la barba in profondit\u00e0 lasciandola molto morbida al tatto, oltre che facilmente pettinabile.<\/p>\n\n\n\n<ol class=\"wp-block-list\" start=\"6\"><li><strong>Dr. K Soap Beard Balm Cool Mint<\/strong><\/li><\/ol>\n\n\n\n<p>I balsami sono tra i <strong>prodotti per la cura della barba lunga<\/strong> pi\u00f9 richiesti, e questo in particolare risulta essere molto apprezzato anche dai professionisti del settore.<\/p>\n\n\n\n<p>Questo <strong>balsamo<\/strong> per barba infatti \u00e8 in grado non solo di dare vitalit\u00e0 alla barba, ma la rende anche molto modellabile e lucente, garantendo ottimi risultati.<\/p>\n\n\n\n<div style=\"height:40px\" aria-hidden=\"true\" class=\"wp-block-spacer\"><\/div>\n\n\n\n<h3 class=\"has-text-align-center wp-block-heading\"><a href=\"https:\/\/passioneprofessionale.it\/blog\/balsamo-dopobarba\/\" target=\"_blank\" rel=\"noreferrer noopener\">Balsamo dopobarba:<br>ecco quale scegliere e perch\u00e9<\/a><\/h3>\n\n\n\n<div style=\"height:40px\" aria-hidden=\"true\" class=\"wp-block-spacer\"><\/div>\n\n\n\n<ol class=\"wp-block-list\" start=\"7\"><li><strong>Vifrex Beard Balm Maschera<\/strong><\/li><\/ol>\n\n\n\n<p>Ultima, ma non per importanza, la <strong>maschera<\/strong> che \u00e8 uno dei migliori <strong>prodotti per la cura della barba lunga<\/strong>, permette di mantenerla sempre in salute e morbida.<\/p>\n\n\n\n<p>Questo prodotto in particolare \u00e8 molto nutriente e gli ingredienti naturali che lo compongono sono in grado di donare alla barba molta brillantezza, oltre che idratarla in profondit\u00e0.<\/p>\n\n\n\n<p>Dunque, esistono davvero tantissimi <strong>prodotti per la cura della barba lunga<\/strong>, l\u2019importante \u00e8 scegliere quelli di buona qualit\u00e0, pi\u00f9 naturali possibili e in grado di apportare benefici.<\/p>\n\n\n\n<p>Come quelli che puoi trovare a prezzi competitivi nel nostro shop online <em>PassioneProfessionale<\/em> di <a href=\"https:\/\/passioneprofessionale.it\/forniture-barbieri\">forniture per barbieri<\/a>, parrucchieri ed estetiste, dove ti offriamo solo <strong>prodotti di alta qualit\u00e0<\/strong>.<\/p>\n","protected":false},"excerpt":{"rendered":"<p>Esistono in commercio molti prodotti per la cura della barba lunga, ma sono tutti funzionali? Scopriamo i sette migliori e dove comprarli Per curare la barba lunga al meglio \u00e8 necessario dedicarle il giusto tempo, deve essere infatti un rituale di bellezza quotidiano a cui ogni uomo dovrebbe dare attenzione. Se sei un barbiere professionista [&hellip;]<\/p>\n","protected":false},"author":1,"featured_media":343,"comment_status":"open","ping_status":"closed","sticky":false,"template":"","format":"standard","meta":{"footnotes":""},"categories":[1],"tags":[],"class_list":["post-333","post","type-post","status-publish","format-standard","has-post-thumbnail","hentry","category-uncategorized"],"_links":{"self":[{"href":"https:\/\/passioneprofessionale.it\/blog\/wp-json\/wp\/v2\/posts\/333","targetHints":{"allow":["GET"]}}],"collection":[{"href":"https:\/\/passioneprofessionale.it\/blog\/wp-json\/wp\/v2\/posts"}],"about":[{"href":"https:\/\/passioneprofessionale.it\/blog\/wp-json\/wp\/v2\/types\/post"}],"author":[{"embeddable":true,"href":"https:\/\/passioneprofessionale.it\/blog\/wp-json\/wp\/v2\/users\/1"}],"replies":[{"embeddable":true,"href":"https:\/\/passioneprofessionale.it\/blog\/wp-json\/wp\/v2\/comments?post=333"}],"version-history":[{"count":8,"href":"https:\/\/passioneprofessionale.it\/blog\/wp-json\/wp\/v2\/posts\/333\/revisions"}],"predecessor-version":[{"id":344,"href":"https:\/\/passioneprofessionale.it\/blog\/wp-json\/wp\/v2\/posts\/333\/revisions\/344"}],"wp:featuredmedia":[{"embeddable":true,"href":"https:\/\/passioneprofessionale.it\/blog\/wp-json\/wp\/v2\/media\/343"}],"wp:attachment":[{"href":"https:\/\/passioneprofessionale.it\/blog\/wp-json\/wp\/v2\/media?parent=333"}],"wp:term":[{"taxonomy":"category","embeddable":true,"href":"https:\/\/passioneprofessionale.it\/blog\/wp-json\/wp\/v2\/categories?post=333"},{"taxonomy":"post_tag","embeddable":true,"href":"https:\/\/passioneprofessionale.it\/blog\/wp-json\/wp\/v2\/tags?post=333"}],"curies":[{"name":"wp","href":"https:\/\/api.w.org\/{rel}","templated":true}]}}