{"id":442,"date":"2022-01-29T11:40:00","date_gmt":"2022-01-29T11:40:00","guid":{"rendered":"https:\/\/blog.passioneprofessionale.it\/?p=442"},"modified":"2022-01-12T11:48:36","modified_gmt":"2022-01-12T11:48:36","slug":"messa-piega-capelli-corti","status":"publish","type":"post","link":"https:\/\/passioneprofessionale.it\/blog\/messa-piega-capelli-corti\/","title":{"rendered":"Messa in piega capelli corti: i consigli per non sbagliare"},"content":{"rendered":"\n<h2 class=\"wp-block-heading\">Scopriamo come ottenere una messa in piega per capelli corti impeccabile e quali sono i migliori prodotti da utilizzare<\/h2>\n\n\n\n<p>Molto spesso si pensa che i capelli lunghi siano i pi\u00f9 difficili da acconciare, ma questo non sempre \u00e8 vero, <strong>una chioma corta richiede impegno<\/strong>, inventiva e soprattutto i giusti prodotti per essere domata e risultare sempre perfetta e glamour.<\/p>\n\n\n\n<p>Per <strong>ottenere una messa in piega per capelli corti impeccabile<\/strong>, oltretutto, \u00e8 necessario utilizzare i prodotti pi\u00f9 indicati, tenendo anche in considerazione sia il tipo di acconciatura che si desidera ottenere, sia la tipologia del proprio capello, se \u00e8 cio\u00e8 sfibrato, liscio o riccio, e cos\u00ec via.<\/p>\n\n\n\n<p>Come vedremo nel dettaglio pi\u00f9 avanti, <strong>oggi esistono molte attrezzature specifiche e prodotti appositi che permettono di ottenere una messa in piega per capelli corti davvero ottimale<\/strong>, come ad esempio il ferro arricciacapelli conico o le piastre moderne, che permettono di ottenere tanti stili diversi, ma anche prodotti volumizzanti, maschere disciplinanti, olii per le punte e tanti altri.<\/p>\n\n\n\n<p>Nel nostro ingrosso online <em>Passione Professionale<\/em> di <a href=\"https:\/\/passioneprofessionale.it\/forniture-parrucchieri\">forniture per parrucchieri<\/a>, barbieri ed estetiste troverai tantissimi prodotti diversi, ideali per qualsiasi esigenza delle tue clienti, per acconciare i capelli corti o lunghi, tutti marchi scelti con cura e garanzia di altissima qualit\u00e0.<\/p>\n\n\n\n<p>Ma scopriamo, allora, alcuni <strong>consigli per ottenere una messa in piega per capelli corti<\/strong> a regola d\u2019arte.<\/p>\n\n\n\n<div style=\"height:50px\" aria-hidden=\"true\" class=\"wp-block-spacer\"><\/div>\n\n\n\n<h3 class=\"has-text-align-center wp-block-heading\"><a href=\"https:\/\/passioneprofessionale.it\/blog\/piastra-lisci-e-ricci\/\" target=\"_blank\" rel=\"noreferrer noopener\">Piastra lisci e ricci:<br>ecco il modello che fa per te<\/a><\/h3>\n\n\n\n<div style=\"height:50px\" aria-hidden=\"true\" class=\"wp-block-spacer\"><\/div>\n\n\n\n<h3 class=\"wp-block-heading\">Messa in piega capelli corti: a cosa prestare attenzione<\/h3>\n\n\n\n<p>Per <strong>acconciare i capelli corti<\/strong> nel migliore dei modi \u00e8 fondamentale prestare attenzione ad alcuni semplici dettagli, che sono per\u00f2 in grado di fare la differenza come, ad esempio, l\u2019asciugatura.<\/p>\n\n\n\n<p><strong>Asciugare i capelli nel modo giusto<\/strong> potrebbe sembrare un passaggio poco importante, ma non \u00e8 cos\u00ec, soprattutto per i capelli corti che possono risultare pi\u00f9 difficili da domare. Un consiglio \u00e8 sicuramente quello di <strong>tamponare con l\u2019asciugamano<\/strong>, senza per\u00f2 lasciarlo in testa per troppo tempo, in questo modo eviterai che i capelli siano eccessivamente umidi.<\/p>\n\n\n\n<p>Tuttavia, <strong>per la messa in piega dei capelli corti \u00e8 molto importante anche utilizzare un buon phon di qualit\u00e0<\/strong>, che diffonda la temperatura in modo omogeneo e non danneggi il capello.<\/p>\n\n\n\n<p>Tra i <strong>migliori phon per capelli corti<\/strong>, che puoi trovare nel nostro negozio online <em>Passione Professionale<\/em>, ci sono sicuramente i seguenti:<\/p>\n\n\n\n<div class=\"wp-block-media-text alignwide is-stacked-on-mobile\"><figure class=\"wp-block-media-text__media\"><img fetchpriority=\"high\" decoding=\"async\" width=\"1024\" height=\"576\" src=\"https:\/\/passioneprofessionale.it\/blog\/wp-content\/uploads\/2021\/07\/parlux-alyon-nero-asciugacapelli-professionale-2250-watt-edited-1024x576.jpeg\" alt=\"\" class=\"wp-image-131 size-full\" srcset=\"https:\/\/passioneprofessionale.it\/blog\/wp-content\/uploads\/2021\/07\/parlux-alyon-nero-asciugacapelli-professionale-2250-watt-edited-1024x576.jpeg 1024w, https:\/\/passioneprofessionale.it\/blog\/wp-content\/uploads\/2021\/07\/parlux-alyon-nero-asciugacapelli-professionale-2250-watt-edited-300x169.jpeg 300w, https:\/\/passioneprofessionale.it\/blog\/wp-content\/uploads\/2021\/07\/parlux-alyon-nero-asciugacapelli-professionale-2250-watt-edited-768x432.jpeg 768w, https:\/\/passioneprofessionale.it\/blog\/wp-content\/uploads\/2021\/07\/parlux-alyon-nero-asciugacapelli-professionale-2250-watt-edited.jpeg 1100w\" sizes=\"(max-width: 1024px) 100vw, 1024px\" \/><\/figure><div class=\"wp-block-media-text__content\">\n<p>l&#8217;asciugacapelli <strong><em>Parlux Alyon<\/em><\/strong>, disponibile in diverse colorazioni, \u00e8 un prodotto molto potente che doma anche le chiome pi\u00f9 corte e indisciplinate, grazie anche al motore professionale e prestante<\/p>\n\n\n\n<div class=\"wp-block-buttons is-layout-flex wp-block-buttons-is-layout-flex\">\n<div class=\"wp-block-button\"><a class=\"wp-block-button__link\" href=\"https:\/\/passioneprofessionale.it\/parlux-alyon-nero-asciugacapelli-professionale-2250-watt-\" target=\"_blank\" rel=\"noreferrer noopener\">Acquista subito<\/a><\/div>\n<\/div>\n<\/div><\/div>\n\n\n\n<div class=\"wp-block-media-text alignwide has-media-on-the-right is-stacked-on-mobile\"><figure class=\"wp-block-media-text__media\"><img decoding=\"async\" width=\"792\" height=\"1024\" src=\"https:\/\/passioneprofessionale.it\/blog\/wp-content\/uploads\/2022\/01\/wahl-asciugacapelli-turbobooster-3400-792x1024.jpeg\" alt=\"\" class=\"wp-image-447 size-full\" srcset=\"https:\/\/passioneprofessionale.it\/blog\/wp-content\/uploads\/2022\/01\/wahl-asciugacapelli-turbobooster-3400-792x1024.jpeg 792w, https:\/\/passioneprofessionale.it\/blog\/wp-content\/uploads\/2022\/01\/wahl-asciugacapelli-turbobooster-3400-232x300.jpeg 232w, https:\/\/passioneprofessionale.it\/blog\/wp-content\/uploads\/2022\/01\/wahl-asciugacapelli-turbobooster-3400-768x993.jpeg 768w, https:\/\/passioneprofessionale.it\/blog\/wp-content\/uploads\/2022\/01\/wahl-asciugacapelli-turbobooster-3400.jpeg 1100w\" sizes=\"(max-width: 792px) 100vw, 792px\" \/><\/figure><div class=\"wp-block-media-text__content\">\n<p>l\u2019asciugacapelli <strong><em>Wahl Turbobooster<\/em><\/strong>, un prodotto davvero innovativo realizzato in ceramica integrata, \u00e8 in grado di combattere l\u2019effetto statico donando alle chiome corte vitalit\u00e0<\/p>\n\n\n\n<div class=\"wp-block-buttons is-layout-flex wp-block-buttons-is-layout-flex\">\n<div class=\"wp-block-button\"><a class=\"wp-block-button__link\" href=\"https:\/\/passioneprofessionale.it\/wahl-asciugacapelli-turbobooster-3400\" target=\"_blank\" rel=\"noreferrer noopener\">Acquista subito<\/a><\/div>\n<\/div>\n<\/div><\/div>\n\n\n\n<p>Asciugare i capelli con cura \u00e8 dunque molto importante, tuttavia sono altri i <strong>prodotti essenziali per ottenere una perfetta messa in piega per capelli corti<\/strong>, scopriamo quali.<\/p>\n\n\n\n<h3 class=\"wp-block-heading\">Messa in piega capelli corti: i migliori prodotti<\/h3>\n\n\n\n<p>Innanzitutto, \u00e8 molto importante fare una distinzione tra <strong>capelli corti ricci e lisci<\/strong>, perch\u00e9 andranno chiaramente trattati in maniera diversa, con prodotti appositi che permetteranno di acconciarli al meglio.<\/p>\n\n\n\n<div class=\"wp-block-media-text alignwide is-stacked-on-mobile\"><figure class=\"wp-block-media-text__media\"><img decoding=\"async\" width=\"792\" height=\"1024\" src=\"https:\/\/passioneprofessionale.it\/blog\/wp-content\/uploads\/2022\/01\/e-styling-bodyvolume-mousse-voumizzante-fissaggio-naturale-400ml-echosline-792x1024.jpeg\" alt=\"\" class=\"wp-image-448 size-full\" srcset=\"https:\/\/passioneprofessionale.it\/blog\/wp-content\/uploads\/2022\/01\/e-styling-bodyvolume-mousse-voumizzante-fissaggio-naturale-400ml-echosline-792x1024.jpeg 792w, https:\/\/passioneprofessionale.it\/blog\/wp-content\/uploads\/2022\/01\/e-styling-bodyvolume-mousse-voumizzante-fissaggio-naturale-400ml-echosline-232x300.jpeg 232w, https:\/\/passioneprofessionale.it\/blog\/wp-content\/uploads\/2022\/01\/e-styling-bodyvolume-mousse-voumizzante-fissaggio-naturale-400ml-echosline-768x993.jpeg 768w, https:\/\/passioneprofessionale.it\/blog\/wp-content\/uploads\/2022\/01\/e-styling-bodyvolume-mousse-voumizzante-fissaggio-naturale-400ml-echosline.jpeg 1100w\" sizes=\"(max-width: 792px) 100vw, 792px\" \/><\/figure><div class=\"wp-block-media-text__content\">\n<p>Per dei <strong>capelli corti e lisci o fini<\/strong> pu\u00f2 essere importante, ad esempio, utilizzare una mousse volumizzante, come <strong>l\u2019<em>Echosline E-Styling Bodyvolume Mousse<\/em><\/strong>, un prodotto davvero eccellente che dona volume fissando i capelli in modo naturale e permette di creare tanti stili di acconciatura diversi.<\/p>\n\n\n\n<div class=\"wp-block-buttons is-layout-flex wp-block-buttons-is-layout-flex\">\n<div class=\"wp-block-button\"><a class=\"wp-block-button__link\" href=\"https:\/\/passioneprofessionale.it\/e-styling-bodyvolume-mousse-voumizzante-fissaggio-naturale-400ml-echosline\" target=\"_blank\" rel=\"noreferrer noopener\">Acquista subito<\/a><\/div>\n<\/div>\n<\/div><\/div>\n\n\n\n<p><\/p>\n\n\n\n<p>Per i <strong>capelli corti ricci o crespi<\/strong>, invece, un ottimo prodotto potrebbe essere la maschera <em>Be Hair Be Curls Musk<\/em> che non solo nutre in profondit\u00e0, ma che \u00e8 anche in grado di rendere la chioma pi\u00f9 elastica e quindi anche maggiormente modellabile in fase di piega.<\/p>\n\n\n\n<p>Tuttavia, come accennato in precedenza, <strong>per la messa in piega dei capelli corti \u00e8 davvero fondamentale avere a disposizione<\/strong> <strong>anche le giuste attrezzature<\/strong> per eseguire le acconciature, come gli arricciacapelli e le piastre professionali.<\/p>\n\n\n\n<p><strong>Il miglior arricciacapelli per chiome corte<\/strong> \u00e8 senza dubbio il <em>Gammapi\u00f9 Reverse<\/em>, disponibile nel nostro shop online nella stilosa gold edition, perch\u00e9 a differenza degli altri ha una forma conica, che regala onde ordinate e morbide, partendo dalla radice e arrivando alle punte.<\/p>\n\n\n\n<p><strong>La miglior piastra per capelli corti<\/strong>, invece, \u00e8 la <em>ghd Gold<\/em>, disponibile nel fantastico gift set, che permette di acconciare tutte le tipologie di capello in tanti modi diversi, lisci, ondulati o ricci, mantenendo sempre stabile la temperatura e senza rovinare il capello.<\/p>\n\n\n\n<p>Ricapitolando, per una messa in piega per capelli corti ottimale \u00e8 davvero importante utilizzare <strong>prodotti e strumentazioni di qualit\u00e0<\/strong>, come quelli che puoi trovare a prezzi competitivi nel nostro negozio online di <a href=\"https:\/\/passioneprofessionale.it\/forniture-parrucchieri\">forniture per parrucchieri<\/a> <em>Passione Professionale<\/em>, ti aspettiamo!&nbsp;<\/p>\n","protected":false},"excerpt":{"rendered":"<p>Scopriamo come ottenere una messa in piega per capelli corti impeccabile e quali sono i migliori prodotti da utilizzare Molto spesso si pensa che i capelli lunghi siano i pi\u00f9 difficili da acconciare, ma questo non sempre \u00e8 vero, una chioma corta richiede impegno, inventiva e soprattutto i giusti prodotti per essere domata e risultare [&hellip;]<\/p>\n","protected":false},"author":1,"featured_media":449,"comment_status":"open","ping_status":"closed","sticky":false,"template":"","format":"standard","meta":{"footnotes":""},"categories":[1],"tags":[],"class_list":["post-442","post","type-post","status-publish","format-standard","has-post-thumbnail","hentry","category-uncategorized"],"_links":{"self":[{"href":"https:\/\/passioneprofessionale.it\/blog\/wp-json\/wp\/v2\/posts\/442","targetHints":{"allow":["GET"]}}],"collection":[{"href":"https:\/\/passioneprofessionale.it\/blog\/wp-json\/wp\/v2\/posts"}],"about":[{"href":"https:\/\/passioneprofessionale.it\/blog\/wp-json\/wp\/v2\/types\/post"}],"author":[{"embeddable":true,"href":"https:\/\/passioneprofessionale.it\/blog\/wp-json\/wp\/v2\/users\/1"}],"replies":[{"embeddable":true,"href":"https:\/\/passioneprofessionale.it\/blog\/wp-json\/wp\/v2\/comments?post=442"}],"version-history":[{"count":3,"href":"https:\/\/passioneprofessionale.it\/blog\/wp-json\/wp\/v2\/posts\/442\/revisions"}],"predecessor-version":[{"id":450,"href":"https:\/\/passioneprofessionale.it\/blog\/wp-json\/wp\/v2\/posts\/442\/revisions\/450"}],"wp:featuredmedia":[{"embeddable":true,"href":"https:\/\/passioneprofessionale.it\/blog\/wp-json\/wp\/v2\/media\/449"}],"wp:attachment":[{"href":"https:\/\/passioneprofessionale.it\/blog\/wp-json\/wp\/v2\/media?parent=442"}],"wp:term":[{"taxonomy":"category","embeddable":true,"href":"https:\/\/passioneprofessionale.it\/blog\/wp-json\/wp\/v2\/categories?post=442"},{"taxonomy":"post_tag","embeddable":true,"href":"https:\/\/passioneprofessionale.it\/blog\/wp-json\/wp\/v2\/tags?post=442"}],"curies":[{"name":"wp","href":"https:\/\/api.w.org\/{rel}","templated":true}]}}