{"id":452,"date":"2022-02-16T11:50:01","date_gmt":"2022-02-16T11:50:01","guid":{"rendered":"https:\/\/blog.passioneprofessionale.it\/?p=452"},"modified":"2022-02-16T11:50:03","modified_gmt":"2022-02-16T11:50:03","slug":"capelli-secchi-sfibrati-uomo","status":"publish","type":"post","link":"https:\/\/passioneprofessionale.it\/blog\/capelli-secchi-sfibrati-uomo\/","title":{"rendered":"Capelli secchi e sfibrati nell&#8217;uomo: perch\u00e9 accade e come rimediare"},"content":{"rendered":"\n<p>In molti potrebbero pensare che, quelli legati alla chioma, siano problemi prettamente femminili. Al contrario, invece, i <strong>capelli secchi e sfibrati nell\u2019uomo<\/strong> sono un fenomeno abbastanza frequente e molto fastidioso.<\/p>\n\n\n\n<p>I capelli secchi e sfibrati, nell\u2019uomo, si presentano come <strong>deboli e ruvidi al tatto<\/strong>. Spesso, capigliature con queste caratteristiche hanno anche problemi di forfora, che le rendono ancora pi\u00f9 difficili da trattare.<\/p>\n\n\n\n<p>Esistono, per\u00f2, diversi modi per poter porre rimedio e tornare ad avere capelli morbidi e sani. Si devono mettere in campo le <strong>giuste routine<\/strong>, utilizzando i prodotti pi\u00f9 adatti alla propria situazione.<\/p>\n\n\n\n<p>Noi di Passione Professionale, che da anni ci occupiamo di <a href=\"https:\/\/passioneprofessionale.it\/forniture-barbieri\"><strong>forniture per barbieri<\/strong><\/a>, estetiste e parrucchieri, siamo ben consci di quanto un trattamento appropriato possa far rinascere una chioma danneggiata.<\/p>\n\n\n\n<div class=\"wp-block-media-text alignwide is-stacked-on-mobile\"><figure class=\"wp-block-media-text__media\"><img fetchpriority=\"high\" decoding=\"async\" width=\"600\" height=\"600\" src=\"https:\/\/passioneprofessionale.it\/blog\/wp-content\/uploads\/2021\/12\/yellow-nutritive-argan-coconut-shampoo-pf018318-fla-1500ml-nolev-600x600-1.jpeg\" alt=\"\" class=\"wp-image-393 size-full\" srcset=\"https:\/\/passioneprofessionale.it\/blog\/wp-content\/uploads\/2021\/12\/yellow-nutritive-argan-coconut-shampoo-pf018318-fla-1500ml-nolev-600x600-1.jpeg 600w, https:\/\/passioneprofessionale.it\/blog\/wp-content\/uploads\/2021\/12\/yellow-nutritive-argan-coconut-shampoo-pf018318-fla-1500ml-nolev-600x600-1-300x300.jpeg 300w, https:\/\/passioneprofessionale.it\/blog\/wp-content\/uploads\/2021\/12\/yellow-nutritive-argan-coconut-shampoo-pf018318-fla-1500ml-nolev-600x600-1-150x150.jpeg 150w\" sizes=\"(max-width: 600px) 100vw, 600px\" \/><\/figure><div class=\"wp-block-media-text__content\">\n<p id=\"per-questa-ragione-nel-nostro-shop-online-si-possono-trovare-diverse-alternative-per-curare-i-capelli-secchi-e-sfibrati-nell-uomo-come-lo-shampoo-nutritive-yellow-formulato-con-olio-di-cocco-e-di-argan-lo-shampoo-e-ideale-per-i-capelli-piu-crespi-e-spenti-che-hanno-bisogno-di-un-nutrimento-piu-profondo\">Per questa ragione, nel nostro shop online, si possono trovare diverse alternative per curare i capelli secchi e sfibrati nell\u2019uomo, come lo <a href=\"https:\/\/passioneprofessionale.it\/alfaparf-yellow-shampoo-nutritive-500-ml\"><strong>shampoo nutritive Yellow<\/strong><\/a>. Formulato con <strong>olio di cocco e di argan<\/strong>, lo shampoo \u00e8 ideale per i capelli pi\u00f9 crespi e spenti, che hanno bisogno di un nutrimento pi\u00f9 profondo.<\/p>\n<\/div><\/div>\n\n\n\n<p>Andando avanti con la lettura, si potranno scoprire non solo altri prodotti per trattare i capelli secchi e sfibrati nell\u2019uomo, ma anche <strong>le cause<\/strong> di questa problematica. In questo modo, si potr\u00e0 essere certi di limitare i danni ed evitare che si ripresentino nel tempo.<\/p>\n\n\n\n<h2 class=\"wp-block-heading\" id=\"la-cause-dei-capelli-secchi-e-sfibrati-nell-uomo\"><a><\/a>La cause dei capelli secchi e sfibrati nell\u2019uomo<\/h2>\n\n\n\n<p>I capelli secchi e sfibrati, nell\u2019uomo, si riconoscono facilmente dal loro aspetto spento e danneggiato. Risultano molto ruvidi al tatto, quasi aridi. Ci\u00f2 \u00e8 dovuto al <strong>danneggiamento del fusto<\/strong> dei capelli, compresa la cuticola esterna. A questo punto, i capelli si ritrovano direttamente esposti ad <strong>aggressioni esterne<\/strong>.<\/p>\n\n\n\n<p>Smog, raggi solari e altri agenti esterni sono davvero deleteri per la salute dei capelli. Va considerato, inoltre, il fatto che troppo spesso vengono utilizzati dei <strong>prodotti inappropriati<\/strong> per la cura della propria chioma.<\/p>\n\n\n\n<p>Molti uomini, infatti, non si curano dei prodotti che utilizzano sulla loro cute, optando anche spesso per alternative di dubbia qualit\u00e0. A lungo andare, questi prodotti possono inficiare notevolmente sulla salute del capello, insieme all\u2019errato utilizzo di accessori per l\u2019asciugatura o la piega. Questi ultimi vengono troppo spesso adoperati a <strong>temperature davvero elevate<\/strong>.<\/p>\n\n\n\n<p>In questo modo si va a disidratare ulteriormente la fibra capillare. Un consiglio che ci sentiamo di dare \u00e8 di investire in dei<strong> trattamenti professionali<\/strong>, che siano in grado di donare vigore ai capelli.<\/p>\n\n\n\n<div class=\"wp-block-media-text alignwide has-media-on-the-right is-stacked-on-mobile\"><figure class=\"wp-block-media-text__media\"><img decoding=\"async\" width=\"792\" height=\"1024\" src=\"https:\/\/passioneprofessionale.it\/blog\/wp-content\/uploads\/2021\/09\/restructuring-shampoo-300-ml--792x1024.jpeg\" alt=\"\" class=\"wp-image-219 size-full\" srcset=\"https:\/\/passioneprofessionale.it\/blog\/wp-content\/uploads\/2021\/09\/restructuring-shampoo-300-ml--792x1024.jpeg 792w, https:\/\/passioneprofessionale.it\/blog\/wp-content\/uploads\/2021\/09\/restructuring-shampoo-300-ml--232x300.jpeg 232w, https:\/\/passioneprofessionale.it\/blog\/wp-content\/uploads\/2021\/09\/restructuring-shampoo-300-ml--768x993.jpeg 768w, https:\/\/passioneprofessionale.it\/blog\/wp-content\/uploads\/2021\/09\/restructuring-shampoo-300-ml-.jpeg 1100w\" sizes=\"(max-width: 792px) 100vw, 792px\" \/><\/figure><div class=\"wp-block-media-text__content\">\n<p id=\"sul-nostro-sito-passione-professionale-ad-esempio-si-possono-trovare-prodotti-ad-hoc-come-lo-shampoo-restructuring-della-triskell-a-base-di-cheratina-proteine-del-grano-e-della-seta-una-formulazione-pensata-proprio-per-rinforzare-i-capelli-secchi-e-sfibrati-nell-uomo-come-nella-donna-per-donare-un-aspetto-piu-sano-e-lucente-alla-chioma\">Sul nostro sito Passione Professionale, ad esempio, si possono trovare prodotti ad hoc, come lo <a href=\"https:\/\/passioneprofessionale.it\/-restructuring-shampoo-300-ml-\"><strong>shampoo restructuring della Triskell<\/strong><\/a>, a base di <strong>cheratina<\/strong>, proteine del grano e della seta. Una formulazione pensata proprio per <strong>rinforzare<\/strong> i capelli secchi e sfibrati nell\u2019uomo, come nella donna, per donare un aspetto pi\u00f9 sano e lucente alla chioma.<\/p>\n<\/div><\/div>\n\n\n\n<p>Per offrire nel tuo salone un trattamento completo, potrai trovare sul nostro e-shop anche gli altri prodotti della stessa linea, oltre ad altre <a href=\"https:\/\/passioneprofessionale.it\/forniture-parrucchieri\"><strong>forniture per parrucchieri<\/strong><\/a> indispensabili.<\/p>\n\n\n\n<p>Avere prodotti e strumenti di qualit\u00e0, per\u00f2, potrebbe non risolvere completamente il problema se si conduce uno <strong>stile di vita squilibrato<\/strong>. Non sono solo gli agenti esterni, come i raggi solari e l\u2019inquinamento, a influire sulla salute dei capelli. Grande rilevanza rivestono anche le azioni compiute quotidianamente.<\/p>\n\n\n\n<p>Ci riferiamo a una <strong>cattiva alimentazione<\/strong>, al fumo e uno stile di vita <strong>stressante<\/strong> e poco salutare. Si tratta di fattori che spesso vengono sottovalutati quando si parla di capelli secchi e sfibrati nell\u2019uomo, ma che possono fare davvero la differenza.<\/p>\n\n\n\n<div style=\"height:50px\" aria-hidden=\"true\" class=\"wp-block-spacer\"><\/div>\n\n\n\n<h2 class=\"has-text-align-center wp-block-heading\" id=\"7-prodotti-per-la-curadella-barba-lunga-da-non-perdere\"><a href=\"https:\/\/passioneprofessionale.it\/blog\/cura-della-barba-lunga\/\">7 Prodotti per la cura<br>della barba lunga da non perdere<\/a><\/h2>\n\n\n\n<div style=\"height:50px\" aria-hidden=\"true\" class=\"wp-block-spacer\"><\/div>\n\n\n\n<h2 class=\"wp-block-heading\" id=\"capelli-secchi-e-sfibrati-nell-uomo-come-rimediare\"><a><\/a>Capelli secchi e sfibrati nell\u2019uomo: come rimediare?<\/h2>\n\n\n\n<p>Arrivati a questo punto dovrebbe essere chiaro come si possa arrivare ad avere dei capelli secchi, crespi e difficili da gestire, ma anche come poter agire per evitare di arrivare a questo punto.<\/p>\n\n\n\n<p>Ma come poter porre rimedio, se il danno \u00e8 gi\u00e0 stato fatto?<\/p>\n\n\n\n<p>Sicuramente, affrontare le problematiche elencate poco fa. Quindi condurre uno stile di vita sano e regolare potrebbe essere un buon punto di partenza per dare respiro ai capelli.<\/p>\n\n\n\n<p>Per donare immediato sollievo ai capelli spenti, inoltre, si deve procedere con una vera e propria <strong>cura di nutrimento<\/strong>. Fare degli impacchi pre-shampoo potrebbe essere un\u2019ottima soluzione, come anche applicare una <strong>maschera particolarmente ricca<\/strong> dopo la detersione.<\/p>\n\n\n\n<div class=\"wp-block-media-text alignwide is-stacked-on-mobile\"><figure class=\"wp-block-media-text__media\"><img decoding=\"async\" width=\"792\" height=\"1024\" src=\"https:\/\/passioneprofessionale.it\/blog\/wp-content\/uploads\/2022\/02\/l-oreal-maschera-per-capelli-danneggiati-absolure-repair-500-ml--792x1024.jpeg\" alt=\"\" class=\"wp-image-455 size-full\" srcset=\"https:\/\/passioneprofessionale.it\/blog\/wp-content\/uploads\/2022\/02\/l-oreal-maschera-per-capelli-danneggiati-absolure-repair-500-ml--792x1024.jpeg 792w, https:\/\/passioneprofessionale.it\/blog\/wp-content\/uploads\/2022\/02\/l-oreal-maschera-per-capelli-danneggiati-absolure-repair-500-ml--232x300.jpeg 232w, https:\/\/passioneprofessionale.it\/blog\/wp-content\/uploads\/2022\/02\/l-oreal-maschera-per-capelli-danneggiati-absolure-repair-500-ml--768x993.jpeg 768w, https:\/\/passioneprofessionale.it\/blog\/wp-content\/uploads\/2022\/02\/l-oreal-maschera-per-capelli-danneggiati-absolure-repair-500-ml-.jpeg 1100w\" sizes=\"(max-width: 792px) 100vw, 792px\" \/><\/figure><div class=\"wp-block-media-text__content\">\n<p id=\"si-possono-realizzare-sia-in-casa-adoperando-ingredienti-piu-o-meno-comuni-come-l-olio-di-cocco-di-oliva-o-di-argan-una-soluzione-ancora-migliore-pero-e-sicuramente-quella-di-puntare-su-un-prodotto-di-qualita-che-svolga-un-azione-nutriente-e-rimpolpante-come-l-absolut-repair-di-l-oreal\">Si possono realizzare sia in casa, adoperando ingredienti pi\u00f9 o meno comuni come l\u2019olio di cocco, di oliva o di argan. Una soluzione ancora migliore, per\u00f2, \u00e8 sicuramente quella di puntare su un <strong>prodotto di qualit\u00e0<\/strong> che svolga un\u2019azione nutriente e rimpolpante, come<a href=\"https:\/\/passioneprofessionale.it\/l-oreal-maschera-per-capelli-danneggiati-absolure-repair-500-ml-\"> <strong>l\u2019Absolut repair di L\u2019Or\u00e9al<\/strong><\/a>.<\/p>\n<\/div><\/div>\n\n\n\n<p>Potrai trovare anche questo prodotto sul nostro sito Passione Professionale, insieme a molti altri e a <a href=\"https:\/\/passioneprofessionale.it\/forniture-estetiste\"><strong>forniture per estetiste<\/strong><\/a> ed esperti della cura dei capelli.<\/p>\n","protected":false},"excerpt":{"rendered":"<p>In molti potrebbero pensare che, quelli legati alla chioma, siano problemi prettamente femminili. Al contrario, invece, i capelli secchi e sfibrati nell\u2019uomo sono un fenomeno abbastanza frequente e molto fastidioso. I capelli secchi e sfibrati, nell\u2019uomo, si presentano come deboli e ruvidi al tatto. Spesso, capigliature con queste caratteristiche hanno anche problemi di forfora, che [&hellip;]<\/p>\n","protected":false},"author":1,"featured_media":456,"comment_status":"open","ping_status":"closed","sticky":false,"template":"","format":"standard","meta":{"footnotes":""},"categories":[1],"tags":[],"class_list":["post-452","post","type-post","status-publish","format-standard","has-post-thumbnail","hentry","category-uncategorized"],"_links":{"self":[{"href":"https:\/\/passioneprofessionale.it\/blog\/wp-json\/wp\/v2\/posts\/452","targetHints":{"allow":["GET"]}}],"collection":[{"href":"https:\/\/passioneprofessionale.it\/blog\/wp-json\/wp\/v2\/posts"}],"about":[{"href":"https:\/\/passioneprofessionale.it\/blog\/wp-json\/wp\/v2\/types\/post"}],"author":[{"embeddable":true,"href":"https:\/\/passioneprofessionale.it\/blog\/wp-json\/wp\/v2\/users\/1"}],"replies":[{"embeddable":true,"href":"https:\/\/passioneprofessionale.it\/blog\/wp-json\/wp\/v2\/comments?post=452"}],"version-history":[{"count":2,"href":"https:\/\/passioneprofessionale.it\/blog\/wp-json\/wp\/v2\/posts\/452\/revisions"}],"predecessor-version":[{"id":457,"href":"https:\/\/passioneprofessionale.it\/blog\/wp-json\/wp\/v2\/posts\/452\/revisions\/457"}],"wp:featuredmedia":[{"embeddable":true,"href":"https:\/\/passioneprofessionale.it\/blog\/wp-json\/wp\/v2\/media\/456"}],"wp:attachment":[{"href":"https:\/\/passioneprofessionale.it\/blog\/wp-json\/wp\/v2\/media?parent=452"}],"wp:term":[{"taxonomy":"category","embeddable":true,"href":"https:\/\/passioneprofessionale.it\/blog\/wp-json\/wp\/v2\/categories?post=452"},{"taxonomy":"post_tag","embeddable":true,"href":"https:\/\/passioneprofessionale.it\/blog\/wp-json\/wp\/v2\/tags?post=452"}],"curies":[{"name":"wp","href":"https:\/\/api.w.org\/{rel}","templated":true}]}}