{"id":471,"date":"2022-03-10T11:59:00","date_gmt":"2022-03-10T11:59:00","guid":{"rendered":"https:\/\/blog.passioneprofessionale.it\/?p=471"},"modified":"2022-02-16T13:32:33","modified_gmt":"2022-02-16T13:32:33","slug":"miglior-crema-capelli-secchi","status":"publish","type":"post","link":"https:\/\/passioneprofessionale.it\/blog\/miglior-crema-capelli-secchi\/","title":{"rendered":"Miglior crema per capelli secchi: quale scegliere e perch\u00e9?"},"content":{"rendered":"\n<p>Scopriamo oggi qual \u00e8 la migliore <strong>crema per capelli secchi e aridi<\/strong>, insieme ad alcune azioni mirate per poterli curare al meglio.<\/p>\n\n\n\n<p>Sempre pi\u00f9 persone stanno accusando questo problema: i capelli secchi sono sempre pi\u00f9 diffusi tra uomini e donne di tutte le et\u00e0. Le chiome appaiono sfibrate e danneggiate, spesso anche con doppie punte.<\/p>\n\n\n\n<p>Tra le cause sicuramente si possono annoverare l\u2019utilizzo di <strong>prodotti sbagliati<\/strong> e non adatti alla propria capigliatura. Ma non solo, anche <strong>fattori esterni<\/strong> possono influire notevolmente sulla salute dei capelli. Si parla, per esempio di inquinamento, una dieta poco equilibrata o, in generale, altri fattori come l\u2019aggressivit\u00e0 della luce solare.<\/p>\n\n\n\n<div class=\"wp-block-media-text alignwide is-stacked-on-mobile\"><figure class=\"wp-block-media-text__media\"><img fetchpriority=\"high\" decoding=\"async\" width=\"792\" height=\"1024\" src=\"https:\/\/passioneprofessionale.it\/blog\/wp-content\/uploads\/2022\/02\/concerto-shampoo-all-olio-di-oliva-1000-ml-792x1024.jpeg\" alt=\"\" class=\"wp-image-467 size-full\" srcset=\"https:\/\/passioneprofessionale.it\/blog\/wp-content\/uploads\/2022\/02\/concerto-shampoo-all-olio-di-oliva-1000-ml-792x1024.jpeg 792w, https:\/\/passioneprofessionale.it\/blog\/wp-content\/uploads\/2022\/02\/concerto-shampoo-all-olio-di-oliva-1000-ml-232x300.jpeg 232w, https:\/\/passioneprofessionale.it\/blog\/wp-content\/uploads\/2022\/02\/concerto-shampoo-all-olio-di-oliva-1000-ml-768x993.jpeg 768w, https:\/\/passioneprofessionale.it\/blog\/wp-content\/uploads\/2022\/02\/concerto-shampoo-all-olio-di-oliva-1000-ml.jpeg 1100w\" sizes=\"(max-width: 792px) 100vw, 792px\" \/><\/figure><div class=\"wp-block-media-text__content\">\n<p id=\"anche-i-capelli-secchi-pero-possono-trovare-giovamento-da-alcuni-trattamenti-mirati-a-ristabilirne-la-corretta-idratazione-come-farlo-curando-il-capello-con-delicatezza-senza-apportare-ulteriori-stress-sicuramente-utilizzare-dei-prodotti-adatti-puo-essere-il-primo-passo-come-lo-shampoo-concerto-per-capelli-secchi-particolarmente-indicato-per-situazioni-di-questo-tipo\">Anche i capelli secchi, per\u00f2, possono trovare giovamento da alcuni trattamenti mirati a <strong>ristabilirne la corretta idratazion<\/strong>e. Come farlo? Curando il capello con delicatezza, senza apportare ulteriori stress. Sicuramente utilizzare dei <strong>prodotti adatti <\/strong>pu\u00f2 essere il primo passo, come lo <a href=\"https:\/\/passioneprofessionale.it\/shampoo-capelli-secchi-\">Shampoo Concerto per capelli secchi<\/a>, particolarmente indicato per situazioni di questo tipo.<\/p>\n<\/div><\/div>\n\n\n\n<p>Un ulteriore step che pu\u00f2 donare nuova vita alla chioma \u00e8 l\u2019applicazione di una crema per capelli secchi. Sul mercato, per\u00f2, sono presenti moltissimi prodotti di questa tipologia e potrebbe diventare complesso individuare ci\u00f2 che fa al proprio caso.<\/p>\n\n\n\n<p>Sul nostro sito Passione Professionale, ad esempio, \u00e8 possibile trovare un\u2019ampia gamma di trattamenti per capelli. Da anni, infatti, ci occupiamo di <a href=\"https:\/\/passioneprofessionale.it\/forniture-barbieri\">forniture per barbieri<\/a>, parrucchieri ed estetiste, e sappiamo quanto diverse possano essere le necessit\u00e0 dei nostri clienti.<\/p>\n\n\n\n<p>Ma procediamo, ora, scoprendo qual \u00e8 la migliore crema per capelli secchi e sfibrati, concentrandoci sui marchi che, secondo la nostra esperienza, possono essere dei veri alleati in una haircare routine simile.<\/p>\n\n\n\n<h2 class=\"wp-block-heading\" id=\"crema-per-capelli-secchi-e-danneggiati-alcuni-esempi\"><a><\/a>Crema per capelli secchi e danneggiati: alcuni esempi<\/h2>\n\n\n\n<p>Si \u00e8 gi\u00e0 accennato al fatto che, in caso di capelli secchi e con doppie punte, \u00e8 fondamentale utilizzare dei prodotti adatti alla problematica. Ma non si tratta solo di utilizzare prodotti specifici, questi devono essere anche di qualit\u00e0, onde evitare il peggioramento del problema.<\/p>\n\n\n\n<p>Per poter essere un valido supporto nella scelta, proponiamo di di seguito alcune delle <strong>migliori creme per capelli secchi e crespi <\/strong>che potrai trovare sul nostro e-shop:<\/p>\n\n\n\n<div class=\"wp-block-media-text alignwide has-media-on-the-right is-stacked-on-mobile\"><figure class=\"wp-block-media-text__media\"><img decoding=\"async\" width=\"792\" height=\"1024\" src=\"https:\/\/passioneprofessionale.it\/blog\/wp-content\/uploads\/2022\/02\/alfaparf-il-salone-milano-iconic-cream-per-capelli-secchi-250-ml-792x1024.jpeg\" alt=\"\" class=\"wp-image-473 size-full\" srcset=\"https:\/\/passioneprofessionale.it\/blog\/wp-content\/uploads\/2022\/02\/alfaparf-il-salone-milano-iconic-cream-per-capelli-secchi-250-ml-792x1024.jpeg 792w, https:\/\/passioneprofessionale.it\/blog\/wp-content\/uploads\/2022\/02\/alfaparf-il-salone-milano-iconic-cream-per-capelli-secchi-250-ml-232x300.jpeg 232w, https:\/\/passioneprofessionale.it\/blog\/wp-content\/uploads\/2022\/02\/alfaparf-il-salone-milano-iconic-cream-per-capelli-secchi-250-ml-768x993.jpeg 768w, https:\/\/passioneprofessionale.it\/blog\/wp-content\/uploads\/2022\/02\/alfaparf-il-salone-milano-iconic-cream-per-capelli-secchi-250-ml.jpeg 1100w\" sizes=\"(max-width: 792px) 100vw, 792px\" \/><\/figure><div class=\"wp-block-media-text__content\">\n<p id=\"la-iconic-cream-de-il-salone-milano-e-un-ottima-crema-adatta-a-chi-soffre-di-capelli-secchi-tra-i-suoi-ingredienti-si-trovano-le-proteine-del-latte-e-del-grano-che-contribuiscono-a-rendere-la-chioma-folta-e-lucente\">La <a href=\"https:\/\/passioneprofessionale.it\/alfaparf-il-salone-milano-iconic-cream-per-capelli-secchi-250-ml\">Iconic Cream de il Salone Milano<\/a> \u00e8 un\u2019ottima crema adatta a chi soffre di capelli secchi. Tra i suoi ingredienti si trovano le <strong>proteine del latte e del grano<\/strong>, che contribuiscono a rendere la chioma folta e lucente.<\/p>\n\n\n\n<p>Sar\u00e0 sufficiente applicarla dopo lo shampoo, su tutta la lunghezza dei capelli. Dopo aver lasciato in posa circa 3-5 minuti, si potr\u00e0 risciacquare: morbidezza assicurata;<\/p>\n<\/div><\/div>\n\n\n\n<div class=\"wp-block-media-text alignwide is-stacked-on-mobile\"><figure class=\"wp-block-media-text__media\"><img decoding=\"async\" width=\"792\" height=\"1024\" src=\"https:\/\/passioneprofessionale.it\/blog\/wp-content\/uploads\/2022\/02\/alfaparf-yellow-mask-bomba-nutritiva-1000-ml-792x1024.jpeg\" alt=\"\" class=\"wp-image-474 size-full\" srcset=\"https:\/\/passioneprofessionale.it\/blog\/wp-content\/uploads\/2022\/02\/alfaparf-yellow-mask-bomba-nutritiva-1000-ml-792x1024.jpeg 792w, https:\/\/passioneprofessionale.it\/blog\/wp-content\/uploads\/2022\/02\/alfaparf-yellow-mask-bomba-nutritiva-1000-ml-232x300.jpeg 232w, https:\/\/passioneprofessionale.it\/blog\/wp-content\/uploads\/2022\/02\/alfaparf-yellow-mask-bomba-nutritiva-1000-ml-768x993.jpeg 768w, https:\/\/passioneprofessionale.it\/blog\/wp-content\/uploads\/2022\/02\/alfaparf-yellow-mask-bomba-nutritiva-1000-ml.jpeg 1100w\" sizes=\"(max-width: 792px) 100vw, 792px\" \/><\/figure><div class=\"wp-block-media-text__content\">\n<p>La <a href=\"https:\/\/passioneprofessionale.it\/alfaparf-yellow-mask-bomba-nutritiva-1000-ml\">maschera Bomba Nutritiva Yellow<\/a> sembra essere una garanzia. Formulata con <strong>olio di argan<\/strong>, fonte di vitamina E e omega 3 e 6, \u00e8 in grado di rivitalizzare completamente i capelli, rendendoli lucenti e setosi al tatto.<\/p>\n\n\n\n<p>Il tutto unito all\u2019<strong>olio di cocco<\/strong>, straordinario ingrediente dal potere nutriente, in grado di dare sollievo a una chioma danneggiata;<\/p>\n<\/div><\/div>\n\n\n\n<div class=\"wp-block-media-text alignwide has-media-on-the-right is-stacked-on-mobile\"><figure class=\"wp-block-media-text__media\"><img loading=\"lazy\" decoding=\"async\" width=\"792\" height=\"1024\" src=\"https:\/\/passioneprofessionale.it\/blog\/wp-content\/uploads\/2022\/02\/triskell-nuova-botanical-treatment-restructuring-mask-500-ml-792x1024.jpeg\" alt=\"\" class=\"wp-image-475 size-full\" srcset=\"https:\/\/passioneprofessionale.it\/blog\/wp-content\/uploads\/2022\/02\/triskell-nuova-botanical-treatment-restructuring-mask-500-ml-792x1024.jpeg 792w, https:\/\/passioneprofessionale.it\/blog\/wp-content\/uploads\/2022\/02\/triskell-nuova-botanical-treatment-restructuring-mask-500-ml-232x300.jpeg 232w, https:\/\/passioneprofessionale.it\/blog\/wp-content\/uploads\/2022\/02\/triskell-nuova-botanical-treatment-restructuring-mask-500-ml-768x993.jpeg 768w, https:\/\/passioneprofessionale.it\/blog\/wp-content\/uploads\/2022\/02\/triskell-nuova-botanical-treatment-restructuring-mask-500-ml.jpeg 1100w\" sizes=\"(max-width: 792px) 100vw, 792px\" \/><\/figure><div class=\"wp-block-media-text__content\">\n<p id=\"la-maschera-restructuring-di-triskell-infine-e-sicuramente-un-prodotto-di-qualita-contenente-diversi-tipi-di-olio-come-quello-di-argan-di-karite-e-jojoba\">La <a href=\"https:\/\/passioneprofessionale.it\/triskell-nuova-botanical-treatment-restructuring-mask-500-ml\">maschera Restructuring di Triskell<\/a>, infine, \u00e8 sicuramente un prodotto di qualit\u00e0, contenente diversi tipi di olio come quello di <strong>Argan, di karit\u00e9 e jojoba<\/strong>.<\/p>\n\n\n\n<p>Un&#8217;azione particolarmente idratante, ottimo per creare un vero e proprio trattamento di ristrutturazione del capello direttamente nel tuo salone.<\/p>\n<\/div><\/div>\n\n\n\n<p>Invece di dare il nome di un\u2019unica crema per capelli secchi, abbiamo voluto fornire pi\u00f9 proposte. Si tratta di prodotti testati e tutti di elevata qualit\u00e0, da poter inserire sia in salone che nella propria haircare routine.<\/p>\n\n\n\n<p>Tra quelle citate, per\u00f2, esiste una marca in particolare che potrebbe essere pi\u00f9 adatta a casi di chiome molto aride. Un brand che ha creato una vera e propria linea di prodotti per la cura dei capelli secchi.<\/p>\n\n\n\n<p>Secondo la nostra esperienza nel settore delle <a href=\"https:\/\/passioneprofessionale.it\/forniture-estetiste\">forniture per estetiste<\/a> e parrucchieri, infatti, poter fare riferimento a un\u2019intera gamma di prodotti della stessa linea potrebbe fare la differenza nella qualit\u00e0 del servizio offerto ai propri clienti.<\/p>\n\n\n\n<p>Scopriamo insieme di quale brand si tratta.<\/p>\n\n\n\n<h2 class=\"wp-block-heading\" id=\"miglior-crema-per-capelli-secchi-quale-marchio-scegliere\"><a><\/a>Miglior crema per capelli secchi: quale marchio scegliere?<\/h2>\n\n\n\n<p>In commercio sono presenti tantissimo prodotti di diversi brand che promettono di nutrire e dare nuova linfa ai capelli secchi e danneggiati. Ovviamente non tutti sono cos\u00ec efficaci e realizzano ci\u00f2 che promettono.<\/p>\n\n\n\n<p>Per questa ragione, noi di Passione Professionale che da anni ci occupiamo di <a href=\"https:\/\/passioneprofessionale.it\/forniture-parrucchieri\">forniture per parrucchieri<\/a>, abbiamo voluto condividere una piccola lista di alcune migliori creme per capelli secchi sul nostro e-shop.<\/p>\n\n\n\n<p>Tra tutte quelle citate, per\u00f2, una crema in particolare fa parte di un\u2019intera linea realizzata appositamente per contrastare il crespo dei capelli. Stiamo parlando della <strong>maschera di Triskell<\/strong>, che fa parte della linea <strong>restructuring<\/strong>, ideata per poter essere un vero e proprio trattamento completo per le chiome pi\u00f9 ingestibili.<\/p>\n\n\n\n<p>Non solo una crema per capelli secchi, quindi, ma anche uno shampoo e un siero da usare in combo tra loro. In questo modo si potr\u00e0 offrire nel proprio salone una vera e propria <strong>routine di bellezza <\/strong>in grado di dare sollievo anche alle chiome pi\u00f9 danneggiate.<\/p>\n","protected":false},"excerpt":{"rendered":"<p>Scopriamo oggi qual \u00e8 la migliore crema per capelli secchi e aridi, insieme ad alcune azioni mirate per poterli curare al meglio. Sempre pi\u00f9 persone stanno accusando questo problema: i capelli secchi sono sempre pi\u00f9 diffusi tra uomini e donne di tutte le et\u00e0. Le chiome appaiono sfibrate e danneggiate, spesso anche con doppie punte. [&hellip;]<\/p>\n","protected":false},"author":1,"featured_media":480,"comment_status":"open","ping_status":"closed","sticky":false,"template":"","format":"standard","meta":{"footnotes":""},"categories":[1],"tags":[],"class_list":["post-471","post","type-post","status-publish","format-standard","has-post-thumbnail","hentry","category-uncategorized"],"_links":{"self":[{"href":"https:\/\/passioneprofessionale.it\/blog\/wp-json\/wp\/v2\/posts\/471","targetHints":{"allow":["GET"]}}],"collection":[{"href":"https:\/\/passioneprofessionale.it\/blog\/wp-json\/wp\/v2\/posts"}],"about":[{"href":"https:\/\/passioneprofessionale.it\/blog\/wp-json\/wp\/v2\/types\/post"}],"author":[{"embeddable":true,"href":"https:\/\/passioneprofessionale.it\/blog\/wp-json\/wp\/v2\/users\/1"}],"replies":[{"embeddable":true,"href":"https:\/\/passioneprofessionale.it\/blog\/wp-json\/wp\/v2\/comments?post=471"}],"version-history":[{"count":3,"href":"https:\/\/passioneprofessionale.it\/blog\/wp-json\/wp\/v2\/posts\/471\/revisions"}],"predecessor-version":[{"id":477,"href":"https:\/\/passioneprofessionale.it\/blog\/wp-json\/wp\/v2\/posts\/471\/revisions\/477"}],"wp:featuredmedia":[{"embeddable":true,"href":"https:\/\/passioneprofessionale.it\/blog\/wp-json\/wp\/v2\/media\/480"}],"wp:attachment":[{"href":"https:\/\/passioneprofessionale.it\/blog\/wp-json\/wp\/v2\/media?parent=471"}],"wp:term":[{"taxonomy":"category","embeddable":true,"href":"https:\/\/passioneprofessionale.it\/blog\/wp-json\/wp\/v2\/categories?post=471"},{"taxonomy":"post_tag","embeddable":true,"href":"https:\/\/passioneprofessionale.it\/blog\/wp-json\/wp\/v2\/tags?post=471"}],"curies":[{"name":"wp","href":"https:\/\/api.w.org\/{rel}","templated":true}]}}