{"id":517,"date":"2022-05-12T15:18:52","date_gmt":"2022-05-12T15:18:52","guid":{"rendered":"https:\/\/passioneprofessionale.it\/blog\/?p=517"},"modified":"2022-05-12T15:19:04","modified_gmt":"2022-05-12T15:19:04","slug":"barba-cresce-piu-estate","status":"publish","type":"post","link":"https:\/\/passioneprofessionale.it\/blog\/barba-cresce-piu-estate\/","title":{"rendered":"La barba cresce di pi\u00f9 in estate: Verit\u00e0 o leggenda"},"content":{"rendered":"\n<p>Non sono molti coloro che pensano che barba e caldo possano essere un binomio vincente, ma invece \u00e8 proprio cos\u00ec! Se sei un amante della barba lunga e rigogliosa, probabilmente avrai notato quanto la sua crescita sia decisamente pi\u00f9 accentuata in estate, rispetto a quanto avviene nelle stagioni pi\u00f9 fredde.&nbsp;<\/p>\n\n\n\n<p>Sebbene possa sembrare strano, \u00e8 proprio cos\u00ec: la barba cresce di pi\u00f9 in estate. Ma a cosa si deve questa reazione del pelo durante i periodi di bel tempo?&nbsp; In linea generale, la maggiore assunzione di vitamina D da parte del corpo dovuta all\u2019esposizione solare ha un effetto benefico su tutto il corpo.&nbsp;<\/p>\n\n\n\n<p>La vitamina D non solo rafforza l\u2019intero sistema scheletrico, ma favorisce anche la produzione di testosterone. Si tratta di un ormone tipico dell\u2019uomo che, tra le diverse funzioni, \u00e8 responsabile della crescita dei peli corporei e del viso.<\/p>\n\n\n\n<p>In linea generale, i peli crescono a una velocit\u00e0 media di circa 0,2 mm al giorno e, una volta avvenuta la rasatura, la velocit\u00e0 di ricrescita dipende prettamente da fattori biologici. Quest\u2019ultima non dipende direttamente dall\u2019alimentazione, ma potrebbe essere ostacolata dall\u2019assunzione di alcuni farmaci.&nbsp;<\/p>\n\n\n\n<p>La crescita dei peli, per\u00f2, \u00e8 strettamente correlato al ciclo circadiano, oltre che alla maggiore presenza di luce nel corso della giornata. Quindi, la barba cresce di pi\u00f9 durante l\u2019estate perch\u00e9 ipotalamo e ipofisi vengono maggiormente stimolate, portandole a lavorare di pi\u00f9.<\/p>\n\n\n\n<div style=\"height:50px\" aria-hidden=\"true\" class=\"wp-block-spacer\"><\/div>\n\n\n\n<h3 class=\"has-text-align-center wp-block-heading\"><a href=\"https:\/\/passioneprofessionale.it\/blog\/tagliare-barba-farla-crescere\/\" target=\"_blank\" rel=\"noreferrer noopener\">Come tagliare la barba per farla crescere:<br>guida e consigli<\/a><\/h3>\n\n\n\n<div style=\"height:50px\" aria-hidden=\"true\" class=\"wp-block-spacer\"><\/div>\n\n\n\n<h2 class=\"wp-block-heading\">La barba cresce di pi\u00f9 in estate: come prendersene cura?<\/h2>\n\n\n\n<p>Come gi\u00e0 detto, se il binomio barba\/caldo sembrava essere completamente male assortito, la realt\u00e0 risiede nell\u2019esatto opposto di questa convinzione. E, visto che la barba cresce di pi\u00f9 in estate, \u00e8 necessario prendersene cura pi\u00f9 che mai.<\/p>\n\n\n\n<p>Se sei un appassionato o un professionista del settore, sicuramente saprai quanto sia importante adottare una routine adatta al proprio caso. Noi di Passione Professionale, da anni specialisti nel settore delle <a href=\"https:\/\/passioneprofessionale.it\/forniture-barbieri?page=4\">forniture per barbieri<\/a> e <a href=\"https:\/\/passioneprofessionale.it\/forniture-parrucchieri\">parrucchieri<\/a>, siamo ben consapevoli delle diverse esigenze dei nostri clienti.<\/p>\n\n\n\n<p>In particolare, se le molte ore di luce favoriscono la crescita della barba, i raggi solari potrebbero danneggiarla, rendendola pi\u00f9 secca e indisciplinata. Si devono, quindi, scegliere con attenzione i prodotti migliori per curarla durante questo periodo dell\u2019anno.<\/p>\n\n\n\n<p>Si pu\u00f2 partire da un buon detergente. E no, lo shampoo per capelli non \u00e8 contemplato tra le alternative. Esistono, infatti, degli shampoo ideati appositamente per la cura della barba, i cui peli risultano essere pi\u00f9 spessi e secchi dei capelli.&nbsp;<\/p>\n\n\n\n<p>Per queste loro caratteristiche, \u00e8 importante utilizzare dei prodotti con una concentrazione di nutrienti e principi attivi superiori a quelli dei comuni detergenti per capelli. In questo modo, si potr\u00e0 avere una barba pi\u00f9 disciplinata e ordinata anche in estate.<\/p>\n\n\n\n<p>Si consiglia, inoltre, di scegliere un detergente professionale. Questo perch\u00e9, con il caldo, \u00e8 importante prestare particolare igiene alla barba, lavandola pi\u00f9 di frequente rispetto al periodo invernale.<\/p>\n\n\n\n<div class=\"wp-block-media-text alignwide is-stacked-on-mobile\"><figure class=\"wp-block-media-text__media\"><img fetchpriority=\"high\" decoding=\"async\" width=\"792\" height=\"1024\" src=\"https:\/\/passioneprofessionale.it\/blog\/wp-content\/uploads\/2022\/05\/agiva-shampoo-barba-180-ml-792x1024.jpeg\" alt=\"\" class=\"wp-image-519 size-full\" srcset=\"https:\/\/passioneprofessionale.it\/blog\/wp-content\/uploads\/2022\/05\/agiva-shampoo-barba-180-ml-792x1024.jpeg 792w, https:\/\/passioneprofessionale.it\/blog\/wp-content\/uploads\/2022\/05\/agiva-shampoo-barba-180-ml-232x300.jpeg 232w, https:\/\/passioneprofessionale.it\/blog\/wp-content\/uploads\/2022\/05\/agiva-shampoo-barba-180-ml-768x993.jpeg 768w, https:\/\/passioneprofessionale.it\/blog\/wp-content\/uploads\/2022\/05\/agiva-shampoo-barba-180-ml.jpeg 1100w\" sizes=\"(max-width: 792px) 100vw, 792px\" \/><\/figure><div class=\"wp-block-media-text__content\">\n<p>Ma, quindi, quale shampoo scegliere? Una valida alternativa \u00e8 sicuramente lo <a href=\"https:\/\/passioneprofessionale.it\/agiva-shampoo-barba-180-ml\">shampoo Agiva<\/a>, uno dei pi\u00f9 amati dai portatori di barba e baffi. La sua azione \u00e8 nutriente e garantisce una barba molto pi\u00f9 bella e sana, grazie alla speciale formula a base di pro nutrium.<\/p>\n<\/div><\/div>\n\n\n\n<div class=\"wp-block-media-text alignwide has-media-on-the-right is-stacked-on-mobile\"><figure class=\"wp-block-media-text__media\"><img decoding=\"async\" width=\"792\" height=\"1024\" src=\"https:\/\/passioneprofessionale.it\/blog\/wp-content\/uploads\/2022\/05\/cella-shampoo-e-balsamo-per-barba-200-ml-792x1024.jpeg\" alt=\"\" class=\"wp-image-520 size-full\" srcset=\"https:\/\/passioneprofessionale.it\/blog\/wp-content\/uploads\/2022\/05\/cella-shampoo-e-balsamo-per-barba-200-ml-792x1024.jpeg 792w, https:\/\/passioneprofessionale.it\/blog\/wp-content\/uploads\/2022\/05\/cella-shampoo-e-balsamo-per-barba-200-ml-232x300.jpeg 232w, https:\/\/passioneprofessionale.it\/blog\/wp-content\/uploads\/2022\/05\/cella-shampoo-e-balsamo-per-barba-200-ml-768x993.jpeg 768w, https:\/\/passioneprofessionale.it\/blog\/wp-content\/uploads\/2022\/05\/cella-shampoo-e-balsamo-per-barba-200-ml.jpeg 1100w\" sizes=\"(max-width: 792px) 100vw, 792px\" \/><\/figure><div class=\"wp-block-media-text__content\">\n<p>Per avere, invece, tutta la praticit\u00e0 di un 2 in 1 senza rinunciare alla qualit\u00e0, si pu\u00f2 optare per <a href=\"https:\/\/passioneprofessionale.it\/cella-shampoo-e-balsamo-per-barba-200-ml\">Cella shampoo e balsamo<\/a>. Si tratta di un antibatterico adatto per l\u2019igiene quotidiana di barba e baffi, ideale per eliminare ogni traccia di sudore e salsedine.<\/p>\n<\/div><\/div>\n\n\n\n<p>Un\u2019ultima, importante accortezza da non sottovalutare \u00e8 quella di asciugare bene la barba. Sebbene con il caldo si tenda a saltare ben volentieri questo step, si deve sapere che cos\u00ec facendo si potrebbe irritare la pelle.<\/p>\n\n\n\n<h2 class=\"wp-block-heading\">La barba cresce di pi\u00f9 in estate: cedere al taglio?<\/h2>\n\n\n\n<p>In molti, a questo punto, potrebbero pensare che l\u2019estate sia il momento migliore per darci un taglio, spinti dalla voglia di sfuggire al caldo a volte soffocante. Al contrario di molte credenze comuni, per\u00f2, si deve sapere che la barba non fa sentire pi\u00f9 caldo.&nbsp;<\/p>\n\n\n\n<p>Semmai \u00e8 proprio il contrario: i peli riescono a proteggere la pelle dal sole, mantenendola pi\u00f9 fresca. Si parla, in quest\u2019ultimo caso di tipologie di barba medio-lunghe, ma non di quelle pi\u00f9 importanti che potrebbero davvero sortire l\u2019effetto contrario a quanto detto.<\/p>\n\n\n\n<p>Qualunque sia la sua lunghezza, comunque, la barba necessita di maggiori cure e attenzioni in estate. L\u2019opzione del taglio potrebbe essere preferita da chi non ha voglia di preoccuparsi anche di questi aspetti. Sappiamo bene che i veri amanti di barba e baffi, per\u00f2, difficilmente cederanno a questo ragionamento, continuando a sfoggiare con orgoglio la propria barba 365 giorni l\u2019anno.<\/p>\n","protected":false},"excerpt":{"rendered":"<p>Non sono molti coloro che pensano che barba e caldo possano essere un binomio vincente, ma invece \u00e8 proprio cos\u00ec! Se sei un amante della barba lunga e rigogliosa, probabilmente avrai notato quanto la sua crescita sia decisamente pi\u00f9 accentuata in estate, rispetto a quanto avviene nelle stagioni pi\u00f9 fredde.&nbsp; Sebbene possa sembrare strano, \u00e8 [&hellip;]<\/p>\n","protected":false},"author":1,"featured_media":518,"comment_status":"open","ping_status":"closed","sticky":false,"template":"","format":"standard","meta":{"footnotes":""},"categories":[10],"tags":[],"class_list":["post-517","post","type-post","status-publish","format-standard","has-post-thumbnail","hentry","category-barbieri"],"_links":{"self":[{"href":"https:\/\/passioneprofessionale.it\/blog\/wp-json\/wp\/v2\/posts\/517","targetHints":{"allow":["GET"]}}],"collection":[{"href":"https:\/\/passioneprofessionale.it\/blog\/wp-json\/wp\/v2\/posts"}],"about":[{"href":"https:\/\/passioneprofessionale.it\/blog\/wp-json\/wp\/v2\/types\/post"}],"author":[{"embeddable":true,"href":"https:\/\/passioneprofessionale.it\/blog\/wp-json\/wp\/v2\/users\/1"}],"replies":[{"embeddable":true,"href":"https:\/\/passioneprofessionale.it\/blog\/wp-json\/wp\/v2\/comments?post=517"}],"version-history":[{"count":1,"href":"https:\/\/passioneprofessionale.it\/blog\/wp-json\/wp\/v2\/posts\/517\/revisions"}],"predecessor-version":[{"id":521,"href":"https:\/\/passioneprofessionale.it\/blog\/wp-json\/wp\/v2\/posts\/517\/revisions\/521"}],"wp:featuredmedia":[{"embeddable":true,"href":"https:\/\/passioneprofessionale.it\/blog\/wp-json\/wp\/v2\/media\/518"}],"wp:attachment":[{"href":"https:\/\/passioneprofessionale.it\/blog\/wp-json\/wp\/v2\/media?parent=517"}],"wp:term":[{"taxonomy":"category","embeddable":true,"href":"https:\/\/passioneprofessionale.it\/blog\/wp-json\/wp\/v2\/categories?post=517"},{"taxonomy":"post_tag","embeddable":true,"href":"https:\/\/passioneprofessionale.it\/blog\/wp-json\/wp\/v2\/tags?post=517"}],"curies":[{"name":"wp","href":"https:\/\/api.w.org\/{rel}","templated":true}]}}