{"id":522,"date":"2022-05-21T15:19:00","date_gmt":"2022-05-21T15:19:00","guid":{"rendered":"https:\/\/passioneprofessionale.it\/blog\/?p=522"},"modified":"2022-05-12T15:24:27","modified_gmt":"2022-05-12T15:24:27","slug":"meglio-rasoio-lametta","status":"publish","type":"post","link":"https:\/\/passioneprofessionale.it\/blog\/meglio-rasoio-lametta\/","title":{"rendered":"Per far crescere la barba meglio rasoio o lametta?"},"content":{"rendered":"\n<p>Non sono pochi gli uomini appassionati di barba, che desiderano averla curata, folta e perfetta per il proprio viso, al punto da renderla un vero e proprio tratto distintivo.&nbsp;<\/p>\n\n\n\n<p>A volte, per\u00f2, non \u00e8 possibile ottenere dei risultati particolarmente eclatanti, se la genetica non \u00e8 stata dalla nostra parte. In altre circostanze, invece, accade che si finisca con l\u2019autosabotarsi, finendo con il danneggiare la propria base di partenza.<\/p>\n\n\n\n<p>Infatti, non \u00e8 possibile far nascere nuovi bulbi piliferi dove non sono presenti, salvo il ricorso a un intervento estetico. Ci\u00f2 che si pu\u00f2 fare, per\u00f2, \u00e8 favorire una crescita omogenea e regolare della barba. Come? Sicuramente con molta costanza e una serie di azioni ad hoc da calibrare in base al risultato che si vuole ottenere.<\/p>\n\n\n\n<p>Quindi, per coloro che si stanno chiedendo se per far crescere la barba \u00e8 meglio il rasoio o la lametta, la risposta \u00e8 semplice. Non \u00e8 necessario radersi spesso e compulsivamente sperando che la barba cresca pi\u00f9 in fretta.<\/p>\n\n\n\n<p>Si tratta, purtroppo, di una leggenda metropolitana dura a morire quella secondo la quale pi\u00f9 ci si rade e pi\u00f9 i peli cresceranno folti e spessi. Una buona rasatura pu\u00f2, invece, aiutare ad avere una barba pi\u00f9 curata e in ordine, cercando di valorizzarla al meglio.<\/p>\n\n\n\n<p>Per poterlo fare, ovviamente, \u00e8 necessario utilizzare la giusta strumentazione. Scopriamo insieme come sceglierla, confrontando le opzioni pi\u00f9 comunemente utilizzate.<\/p>\n\n\n\n<div style=\"height:50px\" aria-hidden=\"true\" class=\"wp-block-spacer\"><\/div>\n\n\n\n<h3 class=\"has-text-align-center wp-block-heading\"><a href=\"https:\/\/passioneprofessionale.it\/blog\/cura-barba\/\" target=\"_blank\" rel=\"noreferrer noopener\">Cura Barba:<br>5 consigli per una barba da urlo<\/a><\/h3>\n\n\n\n<div style=\"height:50px\" aria-hidden=\"true\" class=\"wp-block-spacer\"><\/div>\n\n\n\n<h2 class=\"wp-block-heading\">Far crescere la barba con rasoio o lametta: il confronto<\/h2>\n\n\n\n<p>Prima di capire se per far crescere la barba sia meglio il rasoio o la lametta, si deve capire quale tipo di stile si vuole adottare. Abbiamo gi\u00e0 anticipato che, purtroppo, non \u00e8 tagliando la barba che la si far\u00e0 crescere maggiormente. Ci\u00f2 che si pu\u00f2 fare, invece, \u00e8 sicuramente valutare quale look possa essere il pi\u00f9 adatto a noi.<\/p>\n\n\n\n<p>Una volta individuato l\u2019obiettivo, si potr\u00e0 procedere con la cura della barba. Se si dovesse optare per una rasatura completa, si pu\u00f2 ricorrere al tradizionale rasoio unito a una buona schiuma da barba.\u00a0<\/p>\n\n\n\n<div class=\"wp-block-media-text alignwide is-stacked-on-mobile\"><figure class=\"wp-block-media-text__media\"><img fetchpriority=\"high\" decoding=\"async\" width=\"792\" height=\"1024\" src=\"https:\/\/passioneprofessionale.it\/blog\/wp-content\/uploads\/2022\/05\/cella-milano-crema-da-barba-aloe-vera-bio-150-ml-792x1024.jpeg\" alt=\"\" class=\"wp-image-523 size-full\" srcset=\"https:\/\/passioneprofessionale.it\/blog\/wp-content\/uploads\/2022\/05\/cella-milano-crema-da-barba-aloe-vera-bio-150-ml-792x1024.jpeg 792w, https:\/\/passioneprofessionale.it\/blog\/wp-content\/uploads\/2022\/05\/cella-milano-crema-da-barba-aloe-vera-bio-150-ml-232x300.jpeg 232w, https:\/\/passioneprofessionale.it\/blog\/wp-content\/uploads\/2022\/05\/cella-milano-crema-da-barba-aloe-vera-bio-150-ml-768x993.jpeg 768w, https:\/\/passioneprofessionale.it\/blog\/wp-content\/uploads\/2022\/05\/cella-milano-crema-da-barba-aloe-vera-bio-150-ml.jpeg 1100w\" sizes=\"(max-width: 792px) 100vw, 792px\" \/><\/figure><div class=\"wp-block-media-text__content\">\n<p>Per poter evitare pi\u00f9 possibile eventuali irritazioni, sarebbe preferibile ricorrere a un prodotto professionale con ingredienti naturali, come la <a href=\"https:\/\/passioneprofessionale.it\/cella-milano-crema-da-barba-aloe-vera-bio-150-ml\">crema da barba Cella all\u2019aloe vera<\/a>. Ricca di oli vegetali, la crema \u00e8 formulata per prevenire microtagli e reazioni indesiderate della pelle, per avere una rasatura liscia e perfetta.<\/p>\n<\/div><\/div>\n\n\n\n<p>Se, invece, non si \u00e8 particolarmente amanti del rasoio tradizionale, si pu\u00f2 puntare su quello elettrico. Quest\u2019ultimo \u00e8 spesso preferito da molti uomini, in quanto considerato pi\u00f9 agevole da usare e con un minor rischio di tagliarsi.<\/p>\n\n\n\n<p>Il contro di questa alternativa \u00e8 quella di rischiare di non ottenere una pelle completamente liscia. Questo effetto \u00e8 dovuto principalmente alle difficolt\u00e0 della testina ad adattarsi completamente alle forme del viso, facendo diventare la rasatura pi\u00f9 complessa in alcune aree.<\/p>\n\n\n\n<p>Quindi, se si desidera fortemente una rasatura impeccabile, si consigliano i classici rasoi uniti alla schiuma da barba. Come anticipato, per ovviare a eventuali fastidi dovuti alla rasatura, \u00e8 necessario ricorrere a prodotti di qualit\u00e0, oltre a fare molta pratica.<\/p>\n\n\n\n<p>Oltretutto, \u00e8 fondamentale non avere fretta quando si cura la barba. Che si desideri una rasatura perfetta o una spuntatina alla lunghezza, \u00e8 fondamentale prendersi il proprio tempo. Considerazione valida soprattutto se si opera in autonomia, non avendo la manualit\u00e0 di un professionista del settore.<\/p>\n\n\n\n<p>Se, invece, non si vuole proprio rinunciare alla barba, si dovr\u00e0 optare per una corretta routine per curarla al meglio, scopriamola nel concreto di seguito.<\/p>\n\n\n\n<h2 class=\"wp-block-heading\">Per far crescere la barba non rasoio o lametta, ma la giusta routine<\/h2>\n\n\n\n<p>Come anticipato, la domanda \u201cper far crescere la barba meglio rasoio o lametta\u201d \u00e8 molto fuorviante. Questo perch\u00e9, per far crescere la barba in maniera spontanea, si dovrebbe completamente dimenticare la rasatura ossessiva. E si parla sia di rasatura completa che solamente definizione.<\/p>\n\n\n\n<p>Se si ambisce ad avere una barba particolarmente lunga, tagliarla continuamente non porter\u00e0 al risultato sperato, anzi. La prima cosa da fare, dunque, \u00e8 raggiungere la lunghezza desiderata e solo in seguito lavorarci su.<\/p>\n\n\n\n<div class=\"wp-block-media-text alignwide has-media-on-the-right is-stacked-on-mobile\"><figure class=\"wp-block-media-text__media\"><img decoding=\"async\" width=\"792\" height=\"1024\" src=\"https:\/\/passioneprofessionale.it\/blog\/wp-content\/uploads\/2022\/05\/wahl-groomsman-rasoio-sfolti-barba-792x1024.jpeg\" alt=\"\" class=\"wp-image-511 size-full\" srcset=\"https:\/\/passioneprofessionale.it\/blog\/wp-content\/uploads\/2022\/05\/wahl-groomsman-rasoio-sfolti-barba-792x1024.jpeg 792w, https:\/\/passioneprofessionale.it\/blog\/wp-content\/uploads\/2022\/05\/wahl-groomsman-rasoio-sfolti-barba-232x300.jpeg 232w, https:\/\/passioneprofessionale.it\/blog\/wp-content\/uploads\/2022\/05\/wahl-groomsman-rasoio-sfolti-barba-768x993.jpeg 768w, https:\/\/passioneprofessionale.it\/blog\/wp-content\/uploads\/2022\/05\/wahl-groomsman-rasoio-sfolti-barba.jpeg 1100w\" sizes=\"(max-width: 792px) 100vw, 792px\" \/><\/figure><div class=\"wp-block-media-text__content\">\n<p>Una volta arrivati a questo punto, potrebbe essere utile puntare a un <a href=\"https:\/\/passioneprofessionale.it\/wahl-groomsman-rasoio-sfolti-barba\">rasoio sfolti barba<\/a>, per poter definire al meglio volume e lunghezza secondo quanto desiderato.\u00a0<\/p>\n<\/div><\/div>\n\n\n\n<div class=\"wp-block-media-text alignwide is-stacked-on-mobile\"><figure class=\"wp-block-media-text__media\"><img decoding=\"async\" width=\"792\" height=\"1024\" src=\"https:\/\/passioneprofessionale.it\/blog\/wp-content\/uploads\/2022\/05\/dr-k-soap-beard-balm-balsamo-barba-cool-mint-50-gr-792x1024.jpeg\" alt=\"\" class=\"wp-image-524 size-full\" srcset=\"https:\/\/passioneprofessionale.it\/blog\/wp-content\/uploads\/2022\/05\/dr-k-soap-beard-balm-balsamo-barba-cool-mint-50-gr-792x1024.jpeg 792w, https:\/\/passioneprofessionale.it\/blog\/wp-content\/uploads\/2022\/05\/dr-k-soap-beard-balm-balsamo-barba-cool-mint-50-gr-232x300.jpeg 232w, https:\/\/passioneprofessionale.it\/blog\/wp-content\/uploads\/2022\/05\/dr-k-soap-beard-balm-balsamo-barba-cool-mint-50-gr-768x993.jpeg 768w, https:\/\/passioneprofessionale.it\/blog\/wp-content\/uploads\/2022\/05\/dr-k-soap-beard-balm-balsamo-barba-cool-mint-50-gr.jpeg 1100w\" sizes=\"(max-width: 792px) 100vw, 792px\" \/><\/figure><div class=\"wp-block-media-text__content\">\n<p>Un altro step fondamentale per curare al meglio il proprio look \u00e8 quello di modellare la propria barba. Per farlo, esistono in commercio diversi prodotti appositamente formulati, come il balsamo <a href=\"https:\/\/passioneprofessionale.it\/dr-k-soap-beard-balm-balsamo-barba-cool-mint-50-gr\">DR K Soap<\/a>, a base di olio di cocco, Vitamina E e cera d\u2019api.<\/p>\n<\/div><\/div>\n\n\n\n<p>Questi e altri prodotti sono disponibili sul nostro e-shop Passione Professionale, dove \u00e8 possibile trovare tutto ci\u00f2 che riguarda <a href=\"https:\/\/passioneprofessionale.it\/forniture-barbieri\">forniture per barbieri<\/a> ed&nbsp; <a href=\"https:\/\/passioneprofessionale.it\/forniture-estetiste\">estetiste<\/a>.<\/p>\n\n\n\n<p>Se si \u00e8 incerti su come agire, per\u00f2, una valida alternativa potrebbe essere quella di rivolgersi a un barbiere. Un professionista, infatti, sar\u00e0 sicuramente in grado di guidare verso la scelta migliore per ogni cliente, sia in termini di look che di routine da adottare per il proprio caso.<\/p>\n","protected":false},"excerpt":{"rendered":"<p>Non sono pochi gli uomini appassionati di barba, che desiderano averla curata, folta e perfetta per il proprio viso, al punto da renderla un vero e proprio tratto distintivo.&nbsp; A volte, per\u00f2, non \u00e8 possibile ottenere dei risultati particolarmente eclatanti, se la genetica non \u00e8 stata dalla nostra parte. In altre circostanze, invece, accade che [&hellip;]<\/p>\n","protected":false},"author":1,"featured_media":528,"comment_status":"open","ping_status":"closed","sticky":false,"template":"","format":"standard","meta":{"footnotes":""},"categories":[1],"tags":[],"class_list":["post-522","post","type-post","status-publish","format-standard","has-post-thumbnail","hentry","category-uncategorized"],"_links":{"self":[{"href":"https:\/\/passioneprofessionale.it\/blog\/wp-json\/wp\/v2\/posts\/522","targetHints":{"allow":["GET"]}}],"collection":[{"href":"https:\/\/passioneprofessionale.it\/blog\/wp-json\/wp\/v2\/posts"}],"about":[{"href":"https:\/\/passioneprofessionale.it\/blog\/wp-json\/wp\/v2\/types\/post"}],"author":[{"embeddable":true,"href":"https:\/\/passioneprofessionale.it\/blog\/wp-json\/wp\/v2\/users\/1"}],"replies":[{"embeddable":true,"href":"https:\/\/passioneprofessionale.it\/blog\/wp-json\/wp\/v2\/comments?post=522"}],"version-history":[{"count":2,"href":"https:\/\/passioneprofessionale.it\/blog\/wp-json\/wp\/v2\/posts\/522\/revisions"}],"predecessor-version":[{"id":527,"href":"https:\/\/passioneprofessionale.it\/blog\/wp-json\/wp\/v2\/posts\/522\/revisions\/527"}],"wp:featuredmedia":[{"embeddable":true,"href":"https:\/\/passioneprofessionale.it\/blog\/wp-json\/wp\/v2\/media\/528"}],"wp:attachment":[{"href":"https:\/\/passioneprofessionale.it\/blog\/wp-json\/wp\/v2\/media?parent=522"}],"wp:term":[{"taxonomy":"category","embeddable":true,"href":"https:\/\/passioneprofessionale.it\/blog\/wp-json\/wp\/v2\/categories?post=522"},{"taxonomy":"post_tag","embeddable":true,"href":"https:\/\/passioneprofessionale.it\/blog\/wp-json\/wp\/v2\/tags?post=522"}],"curies":[{"name":"wp","href":"https:\/\/api.w.org\/{rel}","templated":true}]}}