{"id":529,"date":"2022-05-25T15:24:00","date_gmt":"2022-05-25T15:24:00","guid":{"rendered":"https:\/\/passioneprofessionale.it\/blog\/?p=529"},"modified":"2022-05-12T15:28:59","modified_gmt":"2022-05-12T15:28:59","slug":"tagliare-barba-fa-crescere","status":"publish","type":"post","link":"https:\/\/passioneprofessionale.it\/blog\/tagliare-barba-fa-crescere\/","title":{"rendered":"Tagliare la barba la fa crescere pi\u00f9 velocemente?"},"content":{"rendered":"\n<p>Sono numerosi i miti e le domande che girano attorno alla crescita della barba. I barbieri ne sono ben consci, trovandosi spesso a rispondere a molti di questi dubbi. Sicuramente, la domanda pi\u00f9 posta dai clienti \u00e8: tagliare la barba la fa crescere pi\u00f9 velocemente?<\/p>\n\n\n\n<p>Una credenza, questa, ben radicata e davvero molto diffusa tra gli amanti della barba folta. Ma ha davvero fondamento? A questa domanda cercheremo di rispondere nel corso dell\u2019articolo, non senza aver fornito anche alcuni validi consigli per una barba invidiabile!<\/p>\n\n\n\n<p>Lo immaginiamo, sono mesi che cerchi di far crescere la barba pi\u00f9 in fretta possibile e in maniera omogenea. O sono i clienti del tuo salone da barbiere a chiederlo, cercando continuamente qualche rimedio miracoloso che possa fare al caso loro.<\/p>\n\n\n\n<p>Ottenere una barba da sogno \u00e8 possibile, ma richiede una buona dose di pazienza e accortezze mirate. Ovviamente, tutte le cure del mondo non potranno sostituirsi alla genetica, che incide particolarmente sull\u2019aspetto della barba. Ma, spesso, anche situazioni non idilliache possono migliorare notevolmente, con le giuste azioni.\u00a0<\/p>\n\n\n\n<div style=\"height:50px\" aria-hidden=\"true\" class=\"wp-block-spacer\"><\/div>\n\n\n\n<h3 class=\"has-text-align-center wp-block-heading\"><a href=\"https:\/\/passioneprofessionale.it\/blog\/cura-della-barba-lunga\/\" target=\"_blank\" rel=\"noreferrer noopener\"><strong>7 Prodotti per la cura della<\/strong><\/a><br><a href=\"https:\/\/passioneprofessionale.it\/blog\/cura-della-barba-lunga\/\" target=\"_blank\" rel=\"noreferrer noopener\"><strong>barba lunga da non perdere<\/strong><\/a><\/h3>\n\n\n\n<div style=\"height:50px\" aria-hidden=\"true\" class=\"wp-block-spacer\"><\/div>\n\n\n\n<h2 class=\"wp-block-heading\">Tagliare la barba la fa crescere pi\u00f9 velocemente: mito o realt\u00e0?<\/h2>\n\n\n\n<p>Tagliare la barba la fa crescere pi\u00f9 velocemente, si dice, ed \u00e8 per questo che si vorrebbe capire come poterlo fare al meglio. Ci\u00f2 che va sottolineato, purtroppo, \u00e8 che si tratta di nient\u2019altro che di una leggenda metropolitana.<\/p>\n\n\n\n<p>Non \u00e8 vero che radersi o tagliare regolarmente la barba ne favorisca la crescita o l\u2019omogeneit\u00e0. I peli, infatti, n\u00e9 si rafforzano n\u00e9 si infoltiscono con una pratica simile. Questo perch\u00e9, secondo la propria genetica, ognuno ha un certo ammontare di bulbi piliferi sul viso. Un discorso analogo a quello che si farebbe per i capelli.<\/p>\n\n\n\n<p>Ma, se non \u00e8 vero che tagliare la barba la fa crescere pi\u00f9 velocemente, si deve gettare la spugna? La risposta \u00e8 assolutamente negativa. Non si pu\u00f2 modificare la propria genetica, ma si possono mettere in campo una serie di azioni per migliorare visibilmente l\u2019aspetto della propria barba.&nbsp;<\/p>\n\n\n\n<p>Purtroppo, \u00e8 ormai chiaro che la barba non pu\u00f2 crescere in zone dove non cresce abitualmente, ma si pu\u00f2 agire per averla sempre ordinata e curata. E, in questo caso, il primo passo parte da un corretto taglio, volto a valorizzare pi\u00f9 possibile il proprio aspetto.<\/p>\n\n\n\n<p>La cura della propria barba definisce il look generale pi\u00f9 di quanto si possa credere. Noi di Passione Professionale, che da anni ci occupiamo di <a href=\"https:\/\/passioneprofessionale.it\/forniture-barbieri\">forniture per barbieri<\/a>, sappiamo bene quanto questo sia vero. Per questa ragione proponiamo sul nostro sito solo i migliori prodotti per la cura di barba e baffi, per farla apparire al meglio.<\/p>\n\n\n\n<div class=\"wp-block-media-text alignwide is-stacked-on-mobile\"><figure class=\"wp-block-media-text__media\"><img fetchpriority=\"high\" decoding=\"async\" width=\"792\" height=\"1024\" src=\"https:\/\/passioneprofessionale.it\/blog\/wp-content\/uploads\/2022\/05\/wahl-groomsman-rasoio-sfolti-barba-792x1024.jpeg\" alt=\"\" class=\"wp-image-511 size-full\" srcset=\"https:\/\/passioneprofessionale.it\/blog\/wp-content\/uploads\/2022\/05\/wahl-groomsman-rasoio-sfolti-barba-792x1024.jpeg 792w, https:\/\/passioneprofessionale.it\/blog\/wp-content\/uploads\/2022\/05\/wahl-groomsman-rasoio-sfolti-barba-232x300.jpeg 232w, https:\/\/passioneprofessionale.it\/blog\/wp-content\/uploads\/2022\/05\/wahl-groomsman-rasoio-sfolti-barba-768x993.jpeg 768w, https:\/\/passioneprofessionale.it\/blog\/wp-content\/uploads\/2022\/05\/wahl-groomsman-rasoio-sfolti-barba.jpeg 1100w\" sizes=\"(max-width: 792px) 100vw, 792px\" \/><\/figure><div class=\"wp-block-media-text__content\">\n<p>Per poter tagliare la propria barba in modo ordinato, \u00e8 possibile ricorrere a diversi strumenti, come ad esempio al <a href=\"https:\/\/passioneprofessionale.it\/wahl-groomsman-rasoio-sfolti-barba\">rasoio sfolti barba Wahl Groomsman<\/a>. Si tratta di un rasoio a batteria che consente di ottenere dei risultati ad alta precisione. Molto comodo in viaggio, \u00e8 dotato di diversi pettini da poter utilizzare a seconda della lunghezza della propria barba.<\/p>\n<\/div><\/div>\n\n\n\n<p>Una volta curata la lunghezza e la forma della barba, \u00e8 opportuno curare anche l\u2019aspetto dei peli. A tal fine, sono state ideate diverse soluzioni per donare maggiore morbidezza, come il <a href=\"https:\/\/passioneprofessionale.it\/dr-k-soap-beard-tonic-fresh-lime-tonico-per-barba-spray-50-ml\">tonico per barba spray Dr. K Soap<\/a>. Parliamo di un olio che mira ad addolcire e ammorbidire i peli di barba e baffi, rendendoli visibilmente pi\u00f9 sani e luminosi. Un plus di questo prodotto \u00e8 che, nonostante la sua azione cos\u00ec efficace, non provoca irritazioni o rossori, prestandosi anche all\u2019uso su pelli sensibili.<\/p>\n\n\n\n<h2 class=\"wp-block-heading\">Metodi per far crescere la barba pi\u00f9 velocemente.<\/h2>\n\n\n\n<p>Abbiamo gi\u00e0 chiarito che tagliare la barba non la fa crescere pi\u00f9 velocemente, ma esistono altri metodi per ottenere questo risultato? Se \u00e8 vero che gran parte del risultato ottenuto \u00e8 dovuto alla genetica, \u00e8 altrettanto vero che esistono dei metodi che possono essere utilizzati allo scopo, scopriamoli:<\/p>\n\n\n\n<ul class=\"wp-block-list\"><li>Integratori naturali, come acido folico, vitamine A-C-E-B5 e arginina. Si tratta di sostanze che favoriscono anche la salute dei capelli e sono riscontrabili anche nei cibi che vengono comunemente consumati;<\/li><li>Usare i prodotti giusti, oli a base vegetale e ricchi di vitamine essenziali per favorire la crescita della barba;<\/li><li>Curare la propria salute, curando le buone abitudini e svolgendo attivit\u00e0 fisica, un rimedio evergreen che innescher\u00e0 una serie di benefici tangibili.<\/li><\/ul>\n\n\n\n<p>Per scoprire tutti i migliori prodotti per la barba, tua o dei tuoi clienti, ti invitiamo a visitare il nostro e-shop. Su passioneprofessionale.it potrai trovare anche le migliori <a href=\"https:\/\/passioneprofessionale.it\/forniture-parrucchieri\">forniture per parrucchieri<\/a> ed <a href=\"https:\/\/passioneprofessionale.it\/forniture-estetiste\">estetiste<\/a>.<\/p>\n","protected":false},"excerpt":{"rendered":"<p>Sono numerosi i miti e le domande che girano attorno alla crescita della barba. I barbieri ne sono ben consci, trovandosi spesso a rispondere a molti di questi dubbi. Sicuramente, la domanda pi\u00f9 posta dai clienti \u00e8: tagliare la barba la fa crescere pi\u00f9 velocemente? Una credenza, questa, ben radicata e davvero molto diffusa tra [&hellip;]<\/p>\n","protected":false},"author":1,"featured_media":533,"comment_status":"open","ping_status":"closed","sticky":false,"template":"","format":"standard","meta":{"footnotes":""},"categories":[10],"tags":[],"class_list":["post-529","post","type-post","status-publish","format-standard","has-post-thumbnail","hentry","category-barbieri"],"_links":{"self":[{"href":"https:\/\/passioneprofessionale.it\/blog\/wp-json\/wp\/v2\/posts\/529","targetHints":{"allow":["GET"]}}],"collection":[{"href":"https:\/\/passioneprofessionale.it\/blog\/wp-json\/wp\/v2\/posts"}],"about":[{"href":"https:\/\/passioneprofessionale.it\/blog\/wp-json\/wp\/v2\/types\/post"}],"author":[{"embeddable":true,"href":"https:\/\/passioneprofessionale.it\/blog\/wp-json\/wp\/v2\/users\/1"}],"replies":[{"embeddable":true,"href":"https:\/\/passioneprofessionale.it\/blog\/wp-json\/wp\/v2\/comments?post=529"}],"version-history":[{"count":2,"href":"https:\/\/passioneprofessionale.it\/blog\/wp-json\/wp\/v2\/posts\/529\/revisions"}],"predecessor-version":[{"id":532,"href":"https:\/\/passioneprofessionale.it\/blog\/wp-json\/wp\/v2\/posts\/529\/revisions\/532"}],"wp:featuredmedia":[{"embeddable":true,"href":"https:\/\/passioneprofessionale.it\/blog\/wp-json\/wp\/v2\/media\/533"}],"wp:attachment":[{"href":"https:\/\/passioneprofessionale.it\/blog\/wp-json\/wp\/v2\/media?parent=529"}],"wp:term":[{"taxonomy":"category","embeddable":true,"href":"https:\/\/passioneprofessionale.it\/blog\/wp-json\/wp\/v2\/categories?post=529"},{"taxonomy":"post_tag","embeddable":true,"href":"https:\/\/passioneprofessionale.it\/blog\/wp-json\/wp\/v2\/tags?post=529"}],"curies":[{"name":"wp","href":"https:\/\/api.w.org\/{rel}","templated":true}]}}