{"id":547,"date":"2022-06-18T15:40:00","date_gmt":"2022-06-18T15:40:00","guid":{"rendered":"https:\/\/passioneprofessionale.it\/blog\/?p=547"},"modified":"2022-05-12T15:45:56","modified_gmt":"2022-05-12T15:45:56","slug":"capelli-sfibrati-come-curarli","status":"publish","type":"post","link":"https:\/\/passioneprofessionale.it\/blog\/capelli-sfibrati-come-curarli\/","title":{"rendered":"Capelli sfibrati come curarli: 3 consigli pratici e prodotti consigliati"},"content":{"rendered":"\n<p>Anni e anni di stress e trattamenti aggressivi portano i capelli a diventare aridi e sfibrati. In molti pensano che, a quel punto, l\u2019unica soluzione sia effettuare un taglio netto. Sebbene si tratti di un\u2019alternativa sempre valida, \u00e8 comunque molto radicale e non adatta a chi non vuole sacrificare le proprie lunghezze.<\/p>\n\n\n\n<p>Come fare, allora, quando si hanno dei <strong>capelli sfibrati? Come curarli?&nbsp;<\/strong><\/p>\n\n\n\n<p>Sicuramente si tratta di una condizione non facilissima da trattare. La buona notizia, per\u00f2, \u00e8 che \u00e8 possibile cercare di recuperare la situazione attraverso alcuni semplici consigli da mettere subito in atto.<\/p>\n\n\n\n<p>In linea generale, \u00e8 bene sapere che alcuni <strong>comportamenti dannosi<\/strong> andrebbero sicuramente evitati per poter garantire sollievo ai propri capelli. Ad esempio, si dovrebbe evitare di asciugarli a temperature troppo elevate, posizionando il phon troppo vicino alle ciocche, o di usare ferro e piastra quotidianamente.&nbsp;<\/p>\n\n\n\n<p>Ma se si hanno dei capelli sfibrati, per curarli si deve innanzitutto capire che<strong> nutrirli e idratarli <\/strong>\u00e8 il primo passo da fare per donare loro un aspetto di nuovo sano e lucente. Ovviamente, non tutti i prodotti in commercio sono ideali per questo scopo.<\/p>\n\n\n\n<p>Noi di Passione Professionale lo sappiamo bene, per questo motivo con il nostro e-shop di <a href=\"https:\/\/passioneprofessionale.it\/forniture-parrucchieri\">forniture per parrucchieri<\/a>, barbieri ed <a href=\"https:\/\/passioneprofessionale.it\/forniture-estetiste\">estetiste<\/a>, ci impegniamo da molti anni a selezionare e mettere a disposizione dei nostri clienti solo i migliori prodotti di qualit\u00e0.&nbsp;&nbsp;<\/p>\n\n\n\n<p>Scopriamo allora quali sono i 3 consigli fondamentali per riconoscere i capelli sfibrati e come curarli.<\/p>\n\n\n\n<div style=\"height:50px\" aria-hidden=\"true\" class=\"wp-block-spacer\"><\/div>\n\n\n\n<h3 class=\"has-text-align-center wp-block-heading\"><a href=\"https:\/\/passioneprofessionale.it\/blog\/cause-capelli-sfibrati\/\" target=\"_blank\" rel=\"noreferrer noopener\">Le 3 cause dei capelli sfibrati<\/a><br><a href=\"https:\/\/passioneprofessionale.it\/blog\/cause-capelli-sfibrati\/\" target=\"_blank\" rel=\"noreferrer noopener\">che devi conoscere<\/a><\/h3>\n\n\n\n<div style=\"height:50px\" aria-hidden=\"true\" class=\"wp-block-spacer\"><\/div>\n\n\n\n<h2 class=\"wp-block-heading\">Capelli sfibrati, come curarli in 3 semplici mosse<\/h2>\n\n\n\n<p>Abbiamo gi\u00e0 identificato alcune delle possibili cause che possono portare ad avere dei capelli sfibrati. Il come curarli, per\u00f2, merita un maggiore approfondimento, non solo per migliorare la situazione, ma anche per far s\u00ec che sia duratura nel tempo.<\/p>\n\n\n\n<p>Di seguito, allora, potrai trovare <strong>3 consigli pratici<\/strong> per prenderti cura della tua chioma e non tornare pi\u00f9 al punto di partenza.<\/p>\n\n\n\n<h3 class=\"wp-block-heading\">1. Costruisci una haircare routine adatta alle tue esigenze<\/h3>\n\n\n\n<p>Molto spesso, una delle principali cause di una chioma sfibrata e rovinata \u00e8 da ricercarsi proprio nell\u2019haircare routine. Alcuni esempi? L\u2019utilizzo di shampoo troppo aggressivi o non adeguatamente diluiti, una messa in piega a temperature troppo elevate e cos\u00ec via.&nbsp;<\/p>\n\n\n\n<p>Allora, come curare i capelli sfibrati a causa di trattamenti quotidiani sbagliati? Intervenendo proprio sulla haircare.<\/p>\n\n\n\n<p>A tal proposito si consiglia di:<\/p>\n\n\n\n<div class=\"wp-block-media-text alignwide is-stacked-on-mobile\"><figure class=\"wp-block-media-text__media\"><img fetchpriority=\"high\" decoding=\"async\" width=\"792\" height=\"1024\" src=\"https:\/\/passioneprofessionale.it\/blog\/wp-content\/uploads\/2021\/09\/restructuring-shampoo-300-ml--792x1024.jpeg\" alt=\"\" class=\"wp-image-219 size-full\" srcset=\"https:\/\/passioneprofessionale.it\/blog\/wp-content\/uploads\/2021\/09\/restructuring-shampoo-300-ml--792x1024.jpeg 792w, https:\/\/passioneprofessionale.it\/blog\/wp-content\/uploads\/2021\/09\/restructuring-shampoo-300-ml--232x300.jpeg 232w, https:\/\/passioneprofessionale.it\/blog\/wp-content\/uploads\/2021\/09\/restructuring-shampoo-300-ml--768x993.jpeg 768w, https:\/\/passioneprofessionale.it\/blog\/wp-content\/uploads\/2021\/09\/restructuring-shampoo-300-ml-.jpeg 1100w\" sizes=\"(max-width: 792px) 100vw, 792px\" \/><\/figure><div class=\"wp-block-media-text__content\">\n<ul class=\"wp-block-list\"><li>Usare shampoo non aggressivi, prediligendo formulazioni pensate proprio per <strong>rinforzare<\/strong> i capelli, come lo <a href=\"https:\/\/passioneprofessionale.it\/-restructuring-shampoo-300-ml-\"><strong>shampoo restructuring della Triskell<\/strong><\/a>, a base di <strong>cheratina<\/strong>, proteine del grano e della seta, pensato per favorire un aspetto pi\u00f9 sano e lucente dei propri capelli.<\/li><\/ul>\n<\/div><\/div>\n\n\n\n<ul class=\"wp-block-list\"><li><strong>Ridurre la quantit\u00e0<\/strong> di detergente utilizzato durante i lavaggi, anche quando si utilizzano prodotti professionali;<\/li><li>Introdurre dei <strong>balsami o delle maschere<\/strong> pensate per capelli danneggiati, come la <a href=\"https:\/\/passioneprofessionale.it\/fanola-frequent-maschera-multivitaminica-1500-ml\"><strong>Fanola Frequent Maschera Multivitaminica<\/strong><\/a>, che aiutino i capelli ad avere un aspetto pi\u00f9 compatto;<\/li><li>Fare degli <strong>impacchi periodici<\/strong> utilizzando prodotti nutrienti, come l\u2019olio di Argan, di mandorle, burro di karit\u00e9 etc. Possono essere effettuati sia prima che dopo lo shampoo, a seconda degli ingredienti utilizzati.<\/li><\/ul>\n\n\n\n<h3 class=\"wp-block-heading\">2.Limita lo stress dovuto ad agenti esterni<\/h3>\n\n\n\n<p>Una buona haircare routine pu\u00f2 certamente aiutare, ma ha un\u2019efficacia limitata se si continua imperterriti a stressare i capelli. Cosa fare, quindi?<\/p>\n\n\n\n<ul class=\"wp-block-list\"><li>Durante i periodi pi\u00f9 caldi, <strong>proteggi la tua chioma<\/strong> utilizzando cappelli e appositi prodotti contenenti filtri solari e sostanze nutrienti, come burri e oli vegetali. Non si deve fare attenzione solo al sole, ma anche alla sabbia, al cloro delle piscine e all\u2019acqua salata del mare, che vanno a aumentate l\u2019aridit\u00e0 dei capelli;<\/li><li>Spazzola la tua chioma con <strong>delicatezza<\/strong>. I capelli sfibrati sono deboli e tendono a spezzarsi con pi\u00f9 facilit\u00e0, per questo motivo si consiglia di utilizzare pettini a denti morbidi;<\/li><li>Non avvicinare troppo il phon ai capelli durante l\u2019asciugatura, soprattutto alle radici. In linea generale, \u00e8 bene inoltre utilizzare tutti gli strumenti per lo styling a <strong>temperature non troppo elevate<\/strong>.<\/li><\/ul>\n\n\n\n<h3 class=\"wp-block-heading\">3. Conduci uno stile di vita sano<\/h3>\n\n\n\n<p>Ormai \u00e8 cosa nota che curare il proprio stile di vita influisce positivamente su moltissime aree della nostra salute. Non tutti sanno, per\u00f2, che anche lo stato delle nostre chiome ne risente particolarmente.<\/p>\n\n\n\n<p>Iniziare ad avere una <strong>dieta sana ed equilibrata<\/strong>, riducendo il consumo di cibi raffinati e ricchi di grassi, a favore di frutta e verdura, pu\u00f2 essere una svolta decisiva nella cura dei capelli sfibrati.<\/p>\n\n\n\n<p>L\u2019alimentazione \u00e8 un aspetto sempre troppo sottovalutato nell\u2019ambito dell\u2019haircare, ma che al contrario si rivela fondamentale. In questo caso, quali alimenti favorire? Sicuramente quelli ricchi di <strong>zinco, vitamine B, A ed E, silicio e proteine<\/strong>.&nbsp;<\/p>\n","protected":false},"excerpt":{"rendered":"<p>Anni e anni di stress e trattamenti aggressivi portano i capelli a diventare aridi e sfibrati. In molti pensano che, a quel punto, l\u2019unica soluzione sia effettuare un taglio netto. Sebbene si tratti di un\u2019alternativa sempre valida, \u00e8 comunque molto radicale e non adatta a chi non vuole sacrificare le proprie lunghezze. Come fare, allora, [&hellip;]<\/p>\n","protected":false},"author":1,"featured_media":551,"comment_status":"open","ping_status":"closed","sticky":false,"template":"","format":"standard","meta":{"footnotes":""},"categories":[7],"tags":[],"class_list":["post-547","post","type-post","status-publish","format-standard","has-post-thumbnail","hentry","category-parrucchieri"],"_links":{"self":[{"href":"https:\/\/passioneprofessionale.it\/blog\/wp-json\/wp\/v2\/posts\/547","targetHints":{"allow":["GET"]}}],"collection":[{"href":"https:\/\/passioneprofessionale.it\/blog\/wp-json\/wp\/v2\/posts"}],"about":[{"href":"https:\/\/passioneprofessionale.it\/blog\/wp-json\/wp\/v2\/types\/post"}],"author":[{"embeddable":true,"href":"https:\/\/passioneprofessionale.it\/blog\/wp-json\/wp\/v2\/users\/1"}],"replies":[{"embeddable":true,"href":"https:\/\/passioneprofessionale.it\/blog\/wp-json\/wp\/v2\/comments?post=547"}],"version-history":[{"count":2,"href":"https:\/\/passioneprofessionale.it\/blog\/wp-json\/wp\/v2\/posts\/547\/revisions"}],"predecessor-version":[{"id":550,"href":"https:\/\/passioneprofessionale.it\/blog\/wp-json\/wp\/v2\/posts\/547\/revisions\/550"}],"wp:featuredmedia":[{"embeddable":true,"href":"https:\/\/passioneprofessionale.it\/blog\/wp-json\/wp\/v2\/media\/551"}],"wp:attachment":[{"href":"https:\/\/passioneprofessionale.it\/blog\/wp-json\/wp\/v2\/media?parent=547"}],"wp:term":[{"taxonomy":"category","embeddable":true,"href":"https:\/\/passioneprofessionale.it\/blog\/wp-json\/wp\/v2\/categories?post=547"},{"taxonomy":"post_tag","embeddable":true,"href":"https:\/\/passioneprofessionale.it\/blog\/wp-json\/wp\/v2\/tags?post=547"}],"curies":[{"name":"wp","href":"https:\/\/api.w.org\/{rel}","templated":true}]}}