{"id":580,"date":"2022-07-18T14:26:00","date_gmt":"2022-07-18T14:26:00","guid":{"rendered":"https:\/\/passioneprofessionale.it\/blog\/?p=580"},"modified":"2022-06-17T14:34:06","modified_gmt":"2022-06-17T14:34:06","slug":"lacca-male-capelli","status":"publish","type":"post","link":"https:\/\/passioneprofessionale.it\/blog\/lacca-male-capelli\/","title":{"rendered":"La Lacca fa male ai capelli? Ecco tutta la verit\u00e0"},"content":{"rendered":"\n<p>La lacca \u00e8 un prodotto per capelli <strong>senza tempo<\/strong>, che sicuramente tutti abbiamo imparato a riconoscere fin da bambini, quando potevamo osservare la nonna spruzzarne una quantit\u00e0 non ben definita sui suoi bigodini. In et\u00e0 adulta, invece, sar\u00e0 capitato almeno una volta a chiunque di doverne fare uso per prolungare la durata di una particolare messa in piega o per contrastare l\u2019odioso effetto dell\u2019umidit\u00e0 sui capelli.<\/p>\n\n\n\n<p>Nonostante la sua fama, oggi la lacca non \u00e8 pi\u00f9 un prodotto cos\u00ec facile da trovare nelle case. \u00c8 certamente pi\u00f9 comune acquistarla per <strong>particolari occasioni <\/strong>o trovarla nei saloni di parrucchieri. Questo perch\u00e9 non tutti sono a conoscenza dell\u2019effettiva utilit\u00e0 di questo prodotto, che pu\u00f2 rivelarsi un vero e proprio <strong>&#8220;salva chioma&#8221;<\/strong> da tenere sempre a disposizione nel proprio bagno.<\/p>\n\n\n\n<p>La lacca per capelli, infatti, non \u00e8 utile solamente per <strong>fissare elaborate acconciature<\/strong> o tenere i capelli raccolti in maniera pi\u00f9 ordinata possibile, a prova degli odiati <em>baby hairs<\/em>. Il prodotto pu\u00f2 essere un fedele alleato per <strong>contrastare l\u2019umidit\u00e0<\/strong> o proteggere i capelli. Esistono talmente tante varianti di lacca per capelli in commercio da riuscire a trovarne una per ogni esigenza!<\/p>\n\n\n\n<p>Noi di <strong>Passione Professionale<\/strong>, da anni leader nel settore delle <a href=\"https:\/\/passioneprofessionale.it\/forniture-parrucchieri\">forniture per parrucchieri<\/a> e <a href=\"https:\/\/passioneprofessionale.it\/forniture-barbieri\">prodotti per barbieri<\/a><strong>,<\/strong> sappiamo bene quanti passi avanti siano stati fatti in questo senso. I prodotti attualmente sul mercato sono di qualit\u00e0 sempre pi\u00f9 elevata e hanno lo scopo di andare incontro ai bisogni dei professionisti del settore e dei loro clienti.<\/p>\n\n\n\n<p>Nonostante ci\u00f2, per\u00f2, esistono ancora <strong>numerosi dubbi<\/strong> rispetto all\u2019utilizzo della lacca nella propria haircare routine. Questo perch\u00e9 in molti sostengono che la <strong>lacca fa male ai capelli.<\/strong> Ma \u00e8 davvero cos\u00ec o si tratta di una leggenda metropolitana? Scopriamolo subito.<\/p>\n\n\n\n<div style=\"height:50px\" aria-hidden=\"true\" class=\"wp-block-spacer\"><\/div>\n\n\n\n<h3 class=\"has-text-align-center wp-block-heading\"><a href=\"https:\/\/passioneprofessionale.it\/blog\/piastra-ghd-rovina-capelli\/\" target=\"_blank\" rel=\"noreferrer noopener\">La piastra GHD rovina i capelli?<br>Sfatiamo questo mito<\/a><\/h3>\n\n\n\n<div style=\"height:50px\" aria-hidden=\"true\" class=\"wp-block-spacer\"><\/div>\n\n\n\n<h2 class=\"wp-block-heading\">La lacca fa male ai capelli?<\/h2>\n\n\n\n<p>Come anticipato, la lacca per capelli \u00e8 un prodotto che pu\u00f2 essere definito quasi storico. Commercializzata per la prima volta <strong>nel 1948<\/strong>, ha subito spopolato nonostante la formulazione del tempo non fosse un vero e proprio toccasana per l\u2019ambiente e per i propri capelli. Le prime lacche per capelli, infatti, risultavano essere <strong>pesanti e piuttosto aggressive<\/strong> sulle chiome, che diventavano secche e ruvide al tatto.&nbsp;<\/p>\n\n\n\n<p>Ma \u00e8 cos\u00ec ancora oggi? Ovviamente, il passare degli anni e l\u2019evoluzione della ricerca nel campo della cura della persona hanno favorito lo sviluppo di prodotti di <strong>gran lunga pi\u00f9 delicati<\/strong> ed efficaci rispetto a quelli di una volta, oltre che con una <strong>migliore formulazione<\/strong>.&nbsp;<\/p>\n\n\n\n<p>La crescente attenzione ai temi green e ai prodotti sostenibili ha portato anche all\u2019ideazione di <strong>lacche bio<\/strong>, con ingredienti che favoriscono un buon fissaggio senza disperdere nell\u2019aria sostanze potenzialmente inquinanti.<\/p>\n\n\n\n<p>Proprio per questo motivo \u00e8 possibile oggi affermare che la lacca non fa male ai capelli, ma deve essere usata adeguatamente. Il segreto, inoltre, non sta solo nel suo utilizzo ma anche nella <strong>qualit\u00e0 del brand<\/strong> che si intende utilizzare.<\/p>\n\n\n\n<p>La lacca che pu\u00f2 far male ai capelli di solito \u00e8 particolarmente forte, di scarsa qualit\u00e0 o con ingredienti aggressivi che, se usata in maniera eccessiva, pu\u00f2 seccare e inaridire la chioma.<\/p>\n\n\n\n<p>Per questa ragione \u00e8 necessario scegliere adeguatamente il <strong>prodotto pi\u00f9 consono<\/strong> ai propri bisogni e al proprio tipo di capelli, evitando di esagerare nell\u2019applicazione.&nbsp;<\/p>\n\n\n\n<h2 class=\"wp-block-heading\">Scegliere una lacca che non fa male ai capelli: consigli per l\u2019acquisto.<\/h2>\n\n\n\n<p>Una volta sfatato il mito secondo il quale la lacca farebbe male ai capelli, cerchiamo ora di capire come acquistare il prodotto giusto per le proprie necessit\u00e0. La lacca per capelli, infatti, oltre a fissare l\u2019acconciatura pu\u00f2 aiutare a <strong>ridurre il crespo<\/strong> nei giorni pi\u00f9 umidi e piovosi e a proteggere i capelli da agenti esterni.<\/p>\n\n\n\n<div class=\"wp-block-media-text alignwide is-stacked-on-mobile\"><figure class=\"wp-block-media-text__media\"><img fetchpriority=\"high\" decoding=\"async\" width=\"792\" height=\"1024\" src=\"https:\/\/passioneprofessionale.it\/blog\/wp-content\/uploads\/2022\/06\/lacca-per-capelli-professionale-ecologica-soffice-dikson-no-gas-350ml-fissaggio-forte-parrucchieri-792x1024.jpeg\" alt=\"\" class=\"wp-image-571 size-full\" srcset=\"https:\/\/passioneprofessionale.it\/blog\/wp-content\/uploads\/2022\/06\/lacca-per-capelli-professionale-ecologica-soffice-dikson-no-gas-350ml-fissaggio-forte-parrucchieri-792x1024.jpeg 792w, https:\/\/passioneprofessionale.it\/blog\/wp-content\/uploads\/2022\/06\/lacca-per-capelli-professionale-ecologica-soffice-dikson-no-gas-350ml-fissaggio-forte-parrucchieri-232x300.jpeg 232w, https:\/\/passioneprofessionale.it\/blog\/wp-content\/uploads\/2022\/06\/lacca-per-capelli-professionale-ecologica-soffice-dikson-no-gas-350ml-fissaggio-forte-parrucchieri-768x993.jpeg 768w, https:\/\/passioneprofessionale.it\/blog\/wp-content\/uploads\/2022\/06\/lacca-per-capelli-professionale-ecologica-soffice-dikson-no-gas-350ml-fissaggio-forte-parrucchieri.jpeg 1100w\" sizes=\"(max-width: 792px) 100vw, 792px\" \/><\/figure><div class=\"wp-block-media-text__content\">\n<p>La <a href=\"https:\/\/passioneprofessionale.it\/lacca-per-capelli-professionale-ecologica-soffice-dikson-no-gas-350ml-fissaggio-forte-parrucchieri\">lacca per capelli Dikson<\/a>, ad esempio, \u00e8 un <strong>prodotto professionale<\/strong>, che garantisce un fissaggio forte, pur vantando una formulazione <strong>ecologica<\/strong>. Si tratta di una lacca adatta anche alle chiome pi\u00f9 delicate, che per\u00f2 possono rivelarsi indisciplinate e quindi hanno bisogno di essere ben fissate.<\/p>\n<\/div><\/div>\n\n\n\n<div class=\"wp-block-media-text alignwide has-media-on-the-right is-stacked-on-mobile\"><figure class=\"wp-block-media-text__media\"><img decoding=\"async\" width=\"792\" height=\"1024\" src=\"https:\/\/passioneprofessionale.it\/blog\/wp-content\/uploads\/2022\/07\/kyo-lacca-spray--792x1024.jpeg\" alt=\"\" class=\"wp-image-583 size-full\" srcset=\"https:\/\/passioneprofessionale.it\/blog\/wp-content\/uploads\/2022\/07\/kyo-lacca-spray--792x1024.jpeg 792w, https:\/\/passioneprofessionale.it\/blog\/wp-content\/uploads\/2022\/07\/kyo-lacca-spray--232x300.jpeg 232w, https:\/\/passioneprofessionale.it\/blog\/wp-content\/uploads\/2022\/07\/kyo-lacca-spray--768x993.jpeg 768w, https:\/\/passioneprofessionale.it\/blog\/wp-content\/uploads\/2022\/07\/kyo-lacca-spray-.jpeg 1100w\" sizes=\"(max-width: 792px) 100vw, 792px\" \/><\/figure><div class=\"wp-block-media-text__content\">\n<p>Altro marchio particolarmente apprezzato e consigliato per professionisti della cura dei capelli e per i loro clienti \u00e8 la <strong>Kyo<\/strong>, che ha messo in commercio una <a href=\"https:\/\/passioneprofessionale.it\/kyo-lacca-spray-\">lacca extra strong<\/a> in grado di domare anche i capelli pi\u00f9 ribelli.<\/p>\n<\/div><\/div>\n\n\n\n<p>Questi e molti altri marchi possono essere trovati sul nostro e-shop Passione Professionale. Lavorando da anni nel settore delle <a href=\"https:\/\/passioneprofessionale.it\/forniture-estetiste\">forniture per estetiste<\/a> e parrucchieri, sappiamo quanto sia importante offrire una vasta gamma dei migliori brand e prodotti tra cui scegliere.<\/p>\n","protected":false},"excerpt":{"rendered":"<p>La lacca \u00e8 un prodotto per capelli senza tempo, che sicuramente tutti abbiamo imparato a riconoscere fin da bambini, quando potevamo osservare la nonna spruzzarne una quantit\u00e0 non ben definita sui suoi bigodini. In et\u00e0 adulta, invece, sar\u00e0 capitato almeno una volta a chiunque di doverne fare uso per prolungare la durata di una particolare [&hellip;]<\/p>\n","protected":false},"author":1,"featured_media":585,"comment_status":"open","ping_status":"closed","sticky":false,"template":"","format":"standard","meta":{"footnotes":""},"categories":[7],"tags":[],"class_list":["post-580","post","type-post","status-publish","format-standard","has-post-thumbnail","hentry","category-parrucchieri"],"_links":{"self":[{"href":"https:\/\/passioneprofessionale.it\/blog\/wp-json\/wp\/v2\/posts\/580","targetHints":{"allow":["GET"]}}],"collection":[{"href":"https:\/\/passioneprofessionale.it\/blog\/wp-json\/wp\/v2\/posts"}],"about":[{"href":"https:\/\/passioneprofessionale.it\/blog\/wp-json\/wp\/v2\/types\/post"}],"author":[{"embeddable":true,"href":"https:\/\/passioneprofessionale.it\/blog\/wp-json\/wp\/v2\/users\/1"}],"replies":[{"embeddable":true,"href":"https:\/\/passioneprofessionale.it\/blog\/wp-json\/wp\/v2\/comments?post=580"}],"version-history":[{"count":2,"href":"https:\/\/passioneprofessionale.it\/blog\/wp-json\/wp\/v2\/posts\/580\/revisions"}],"predecessor-version":[{"id":584,"href":"https:\/\/passioneprofessionale.it\/blog\/wp-json\/wp\/v2\/posts\/580\/revisions\/584"}],"wp:featuredmedia":[{"embeddable":true,"href":"https:\/\/passioneprofessionale.it\/blog\/wp-json\/wp\/v2\/media\/585"}],"wp:attachment":[{"href":"https:\/\/passioneprofessionale.it\/blog\/wp-json\/wp\/v2\/media?parent=580"}],"wp:term":[{"taxonomy":"category","embeddable":true,"href":"https:\/\/passioneprofessionale.it\/blog\/wp-json\/wp\/v2\/categories?post=580"},{"taxonomy":"post_tag","embeddable":true,"href":"https:\/\/passioneprofessionale.it\/blog\/wp-json\/wp\/v2\/tags?post=580"}],"curies":[{"name":"wp","href":"https:\/\/api.w.org\/{rel}","templated":true}]}}