{"id":63,"date":"2021-06-24T17:53:22","date_gmt":"2021-06-24T17:53:22","guid":{"rendered":"https:\/\/blog.passioneprofessionale.it\/?p=63"},"modified":"2021-06-24T17:53:25","modified_gmt":"2021-06-24T17:53:25","slug":"macchinetta-wahl-piccola","status":"publish","type":"post","link":"https:\/\/passioneprofessionale.it\/blog\/macchinetta-wahl-piccola\/","title":{"rendered":"Macchinetta Wahl Piccola: ecco il modello che fa per te"},"content":{"rendered":"\n<p><em>La macchinetta Wahl piccola \u00e8 un ottimo prodotto tagliacapelli, vediamo le caratteristiche di ogni modello e scopriamo le pi\u00f9 piccole tosatrici del famoso marchio.<\/em><\/p>\n\n\n\n<p>In un salone che necessita di <a href=\"https:\/\/passioneprofessionale.it\/forniture-barbieri\">forniture per barbiere<\/a>, ma anche di parrucchiere<strong>, le macchinette per capelli giocano un ruolo fondamentale<\/strong>, sono sicuramente tra i prodotti di punta, uno degli oggetti pi\u00f9 utilizzati in assoluto.<\/p>\n\n\n\n<p>Per questo motivo noi di <em>PassioneProfessionale<\/em>, che ormai da molti anni siamo nel campo delle forniture per parrucchieri, barbieri ed estetiste, <strong>abbiamo selezionato con cura le migliori macchinette per capelli presenti sul mercato<\/strong>. Nel nostro shop online troverai tanti prodotti del marchio Wahl perch\u00e9 \u00e8 una garanzia, leader del settore in tutto il mondo.<\/p>\n\n\n\n<p>Sappiamo bene che un buon tagliacapelli deve essere soprattutto maneggevole, preciso e di facile utilizzo, a queste caratteristiche risponde pienamente <strong>la macchinetta Wahl piccola<\/strong>, ne esistono diverse tipologie e sono tutti prodotti di alto livello, professionali e funzionali, con un ottimo rapporto qualit\u00e0 prezzo.<\/p>\n\n\n\n<p>Per trovare<strong> la macchinetta Wahl piccola<\/strong> pi\u00f9 adatta a te abbiamo deciso di illustrarti in questo articolo<strong> le principali proposte del marchio<\/strong> che puoi trovare nel nostro shop online <em>PassioneProfessionale<\/em>, con le caratteristiche principali di ognuna, vediamo quali sono e perch\u00e9 scegliere questo marchio.<\/p>\n\n\n\n<h2 class=\"wp-block-heading\">Macchinetta Wahl piccola: quale scegliere<\/h2>\n\n\n\n<p>Il marchio Wahl produce <strong>macchinette tagliacapelli di alta qualit\u00e0 per ogni esigenza<\/strong>, dalla tosatura alla rifinitura, fino alla sfumatura, ognuna con caratteristiche precise, in modo che ogni professionista come te possa trovare quella pi\u00f9 adatta alle proprie esigenze.<\/p>\n\n\n\n<p>Nel nostro negozio online <em>PassioneProfessionale<\/em> potrai trovare <strong>la macchinetta Wahl piccola giusta per te<\/strong>, ecco le principali proposte.<\/p>\n\n\n\n<h3 class=\"wp-block-heading\">Wahl Senior Cordless Tagliacapelli<\/h3>\n\n\n\n<p><\/p>\n\n\n\n<p>Si tratta di uno dei prodotti di punta del marchio, particolarmente apprezzata dai professionisti grazie al corpo macchina realizzato in alluminio, un materiale che garantisce un ottimo controllo del peso, oltre che la presa ergonomica che la rende molto maneggevole.<\/p>\n\n\n\n<p>Il motore \u00e8 di ultima generazione e molto potente e la lama \u00e8 regolabile, questa macchinetta garantisce 70 minuti di autonomia. Inoltre, inclusi nelle confezione ci sono tre pettini rialzi premium con denti arrotondati.<\/p>\n\n\n\n<h3 class=\"wp-block-heading\">Wahl Beret Silver da Rifinitura<\/h3>\n\n\n\n<p>Questa macchinetta taglia capelli \u00e8 davvero leggerissima, oltre che particolarmente silenziosa. La base di ricarica compatta la rende perfetta per ogni postazione di lavoro.<\/p>\n\n\n\n<p>La batteria \u00e8 agli ioni di litio, dunque molto durevole, offre infatti 75 minuti di autonomia, mentre il motore \u00e8 a elevate prestazioni, \u00e8 una macchinetta piccola e perfetta per i lavori di finitura e per i contorni.<\/p>\n\n\n\n<h3 class=\"wp-block-heading\">Wahl Finale Finishing Tool<\/h3>\n\n\n\n<p>In questo caso parliamo di un rasoio piccolo e leggero, 160 grammi, perfetto per l\u2019eliminazione dei capelli che non si tagliano facilmente con le clipper, oltre che per effettuare sfumature partendo da zero.<\/p>\n\n\n\n<p>\u00c8 un prodotto ipoallergenico, che garantisce ben 80 minuti di autonomia, la batteria \u00e8 al litio Ion e il motore DC. Davvero un ottimo prodotto, piccolo, funzionale, potente e che non irrita la pelle.<\/p>\n\n\n\n<h3 class=\"wp-block-heading\">Wahl Detailer Cordless Trimmer<\/h3>\n\n\n\n<p>In questo caso parliamo di una macchinetta taglia capelli particolarmente adatta alla rifinitura, davvero leggera.<\/p>\n\n\n\n<p>Uno dei suoi principali punti di forza \u00e8 la possibilit\u00e0 di essere usata con o senza filo, dunque molto pratica da utilizzare. La batteria \u00e8 agli ioni di litio e garantisce lunga durata.<\/p>\n\n\n\n<p>Questa macchinetta \u00e8 l\u2019ideale per i contorni a fior di pelle, oltre che per eseguire delle linee ben definite e i piccoli dettagli.<\/p>\n\n\n\n<p>Dunque, questi erano degli esempi, e siamo sicuri che nel nostro shop <em>PassioneProfessionale<\/em> troverai la <strong>macchinetta Wahl piccola<\/strong> pi\u00f9 adatta alle tue esigenze, perch\u00e9 <strong>questo marchio \u00e8 sinonimo di qualit\u00e0 ed efficienza<\/strong>, vediamo perch\u00e9 dovresti sceglierlo per il tuo salone.<\/p>\n\n\n\n<h2 class=\"wp-block-heading\">Macchinetta Wahl piccola: perch\u00e9 sceglierla<\/h2>\n\n\n\n<p>Il marchio Wahl \u00e8 presente nel mercato mondiale da ormai un secolo, diventando leader del settore. I suoi prodotti e soprattutto le diverse tipologie di <strong>macchinetta Wahl piccola<\/strong> si contraddistinguono per efficienza, resistenza e potenza.<\/p>\n\n\n\n<p>Potrai avere <strong>un prodotto molto leggero e maneggevole<\/strong>, che sono due caratteristiche molto importanti per permetterti di svolgere al meglio la tua professione, ma non dovrai rinunciare alla potenza del motore o alla durevolezza della batteria.<\/p>\n\n\n\n<p>Dunque,<strong> la macchinetta Wahl piccola \u00e8 un prodotto di altissimo livello<\/strong>, ma anche con un rapporto qualit\u00e0 prezzo imbattibile.<\/p>\n\n\n\n<p>Per questo motivo le abbiamo selezionate per te, per garantirti un prodotto efficiente in grado di rendere felice sia chi lavora, sia il cliente grazie alla precisione che assicurano.<\/p>\n\n\n\n<p>Puoi trovare <strong>la macchinetta Wahl piccola<\/strong> pi\u00f9 adatta a te e al miglior prezzo nel nostro negozio online di <a href=\"https:\/\/passioneprofessionale.it\/forniture-parrucchieri\">forniture per parrucchieri<\/a>, barbieri ed estetiste <em>PassioneProfessionale<\/em>, ti aspettiamo.<\/p>\n","protected":false},"excerpt":{"rendered":"<p>La macchinetta Wahl piccola \u00e8 un ottimo prodotto tagliacapelli, vediamo le caratteristiche di ogni modello e scopriamo le pi\u00f9 piccole tosatrici del famoso marchio. In un salone che necessita di forniture per barbiere, ma anche di parrucchiere, le macchinette per capelli giocano un ruolo fondamentale, sono sicuramente tra i prodotti di punta, uno degli oggetti [&hellip;]<\/p>\n","protected":false},"author":1,"featured_media":65,"comment_status":"open","ping_status":"closed","sticky":false,"template":"","format":"standard","meta":{"footnotes":""},"categories":[7],"tags":[],"class_list":["post-63","post","type-post","status-publish","format-standard","has-post-thumbnail","hentry","category-parrucchieri"],"_links":{"self":[{"href":"https:\/\/passioneprofessionale.it\/blog\/wp-json\/wp\/v2\/posts\/63","targetHints":{"allow":["GET"]}}],"collection":[{"href":"https:\/\/passioneprofessionale.it\/blog\/wp-json\/wp\/v2\/posts"}],"about":[{"href":"https:\/\/passioneprofessionale.it\/blog\/wp-json\/wp\/v2\/types\/post"}],"author":[{"embeddable":true,"href":"https:\/\/passioneprofessionale.it\/blog\/wp-json\/wp\/v2\/users\/1"}],"replies":[{"embeddable":true,"href":"https:\/\/passioneprofessionale.it\/blog\/wp-json\/wp\/v2\/comments?post=63"}],"version-history":[{"count":2,"href":"https:\/\/passioneprofessionale.it\/blog\/wp-json\/wp\/v2\/posts\/63\/revisions"}],"predecessor-version":[{"id":66,"href":"https:\/\/passioneprofessionale.it\/blog\/wp-json\/wp\/v2\/posts\/63\/revisions\/66"}],"wp:featuredmedia":[{"embeddable":true,"href":"https:\/\/passioneprofessionale.it\/blog\/wp-json\/wp\/v2\/media\/65"}],"wp:attachment":[{"href":"https:\/\/passioneprofessionale.it\/blog\/wp-json\/wp\/v2\/media?parent=63"}],"wp:term":[{"taxonomy":"category","embeddable":true,"href":"https:\/\/passioneprofessionale.it\/blog\/wp-json\/wp\/v2\/categories?post=63"},{"taxonomy":"post_tag","embeddable":true,"href":"https:\/\/passioneprofessionale.it\/blog\/wp-json\/wp\/v2\/tags?post=63"}],"curies":[{"name":"wp","href":"https:\/\/api.w.org\/{rel}","templated":true}]}}