{"id":631,"date":"2022-09-12T16:03:00","date_gmt":"2022-09-12T14:03:00","guid":{"rendered":"https:\/\/passioneprofessionale.it\/blog\/?p=631"},"modified":"2022-08-12T16:08:03","modified_gmt":"2022-08-12T14:08:03","slug":"lacca-no-gas","status":"publish","type":"post","link":"https:\/\/passioneprofessionale.it\/blog\/lacca-no-gas\/","title":{"rendered":"Lacca no gas: ecco i prodotti ecologici senza gas in commercio"},"content":{"rendered":"\n<p>La lacca per capelli \u00e8 da sempre un\u2019alleata importantissima per la bellezza e lo stile dei capelli. Fin dalla sua invenzione negli anni 40 il suo utilizzo \u00e8 stato davvero massiccio sia nei saloni di parrucchieri (e anche barbieri) sia nelle abitazioni private.<\/p>\n\n\n\n<p>Capelli ribelli, i fastidiosi baby hair che sbucano qui e l\u00ec ad di fuori di un\u2019acconciatura, boccoli che non vogliono stare in posa, insomma la lacca aiuta in tutte queste occasioni e in molte altre. Il problema per\u00f2 \u00e8 che per lungo tempo la lacca ha anche contribuito ad inquinare moltissimo l\u2019ambiente.<\/p>\n\n\n\n<p>Infatti un tempo gli ingredienti contenuti in essa erano tutt\u2019altro che salutari, non solo per l\u2019ambiente ma anche per i capelli stessi e per le persone che la utilizzano. Al suo interno erano inseriti gas, necessari per la nebulizzazione stessa del prodotto, che producevano i cosiddetti Composti Organici Volatili (COV). Questi composti sono tra i principali responsabili dell\u2019inquinamento e della formazione di smog.&nbsp;<\/p>\n\n\n\n<p>Ma non solo. Nella lacca di qualche tempo fa erano presenti plastiche, tensioattivi, fragranze sintetiche e prodotti adesivi che ne aumentavano la tossicit\u00e0. Adesso per\u00f2 le cose sono molto diverse. In commercio sono infatti presenti numerosi prodotti ecologici e pi\u00f9 adatti all\u2019ambiente e ad un utilizzo sicuro.<\/p>\n\n\n\n<p>La <strong>lacca no gas<\/strong> \u00e8 infatti una realt\u00e0 ormai e ci sono moltissimi prodotti in commercio molto validi ed ecologici. Molti di questi possono essere trovati tra le <a href=\"https:\/\/passioneprofessionale.it\/forniture-parrucchieri\">forniture per parrucchieri<\/a> disponibili sul nostro e-commerce <strong>Passione Professionale<\/strong> insieme a molti altri prodotti, tutti di qualit\u00e0 e a prezzi accessibili.<\/p>\n\n\n\n<p>Qual \u00e8 allora la lacca no gas pi\u00f9 adatta al vostro tipo di capelli, pi\u00f9 ecologica e green? Scopriamolo insieme di seguito e vediamo anche perch\u00e9 conviene scegliere prodotti di questo tipo.<\/p>\n\n\n\n<div style=\"height:50px\" aria-hidden=\"true\" class=\"wp-block-spacer\"><\/div>\n\n\n\n<h3 class=\"has-text-align-center wp-block-heading\"><a href=\"https:\/\/passioneprofessionale.it\/blog\/qual-e-la-migliore-lacca-per-capelli-migliori-prodotti-da-scegliere\/\">Qual \u00e8 la migliore lacca per capelli?<br>Migliori prodotti da scegliere<\/a><\/h3>\n\n\n\n<div style=\"height:50px\" aria-hidden=\"true\" class=\"wp-block-spacer\"><\/div>\n\n\n\n<h2 class=\"wp-block-heading\"><strong>Perch\u00e9 scegliere una lacca no gas piuttosto che una lacca vecchio stile?<\/strong><\/h2>\n\n\n\n<p>Le motivazioni per cui scegliere la lacca no gas sono numerose e riguardano sia la salvaguardia dell\u2019ambiente che la propria salute:<\/p>\n\n\n\n<ul class=\"wp-block-list\"><li><strong>La lacca no gas permette di avere il giusto look senza inquinare<\/strong>: la questione dell\u2019emergenza climatica \u00e8 ormai sulla bocca di tutti e ogni minimo sforzo per migliorare la situazione pu\u00f2 essere utile. Ecco perch\u00e9 utilizzare una lacca no gas, che non immetta nell\u2019ambiente COV o nient\u2019altro di nocivo \u00e8 un atteggiamento green ed ecologico che pu\u00f2 solo far bene all\u2019ambiente.<\/li><li><strong>La lacca no gas non danneggia i capelli<\/strong>. Le lacche del passato, per quanto forti e durevoli potessero essere, erano per\u00f2 molto aggressive sui capelli e questo a lungo andare li sfibrava e li danneggiava. Con la lacca no gas invece questo problema \u00e8 stato risolto, in quanto tutti gli elementi nocivi sono stati eliminati e i capelli ringraziano.<\/li><li><strong>La lacca no gas migliora i capelli<\/strong>. Qui ci colleghiamo direttamente al punto precedente dicendo che le lacche no gas presenti sul nostro e-commerce di <a href=\"https:\/\/passioneprofessionale.it\/forniture-parrucchieri\">forniture per parrucchieri<\/a> non solo non danneggiano i capelli, ma li migliorano. Questo \u00e8 possibile grazie alle loro formulazioni naturali e agli additivi sani e nutrienti per il capello che sono contenuti in esse. Con l\u2019utilizzo della giusta lacca no gas i capelli saranno pi\u00f9 luminosi, pi\u00f9 forti e pi\u00f9 protetti e di conseguenza pi\u00f9 belli da vedere perch\u00e9 pi\u00f9 sani.<\/li><li><strong>La lacca no gas non arreca danni alla salute<\/strong>. La lacca del passato poteva portare ad irritazioni di occhi e mucose nasali, problemi respiratori e spesso conteneva anche sostanze cancerogene che potevano portare a danni ben pi\u00f9 gravi. La lacca no gas invece non presenta questi effetti collaterali negativi, ed \u00e8 anzi un prodotto completamente sicuro.<\/li><\/ul>\n\n\n\n<h2 class=\"wp-block-heading\"><strong>Lacca no gas disponibile in commercio<\/strong><\/h2>\n\n\n\n<p>Noi di Passione Professionale offriamo sul nostro e-shop numerose lacche senza gas ed \u00e8 dunque semplice scegliere qual \u00e8 quella pi\u00f9 adatta alle proprie esigenze e ai propri capelli. Vediamone alcune:<\/p>\n\n\n\n<div class=\"wp-block-media-text alignwide is-stacked-on-mobile\"><figure class=\"wp-block-media-text__media\"><img fetchpriority=\"high\" decoding=\"async\" width=\"792\" height=\"1024\" src=\"https:\/\/passioneprofessionale.it\/blog\/wp-content\/uploads\/2022\/08\/lacca-per-capelli-professionale-ecologica-soffice-dikson-no-gas-350ml-fissaggio-forte-parrucchieri-1-792x1024.jpeg\" alt=\"\" class=\"wp-image-634 size-full\" srcset=\"https:\/\/passioneprofessionale.it\/blog\/wp-content\/uploads\/2022\/08\/lacca-per-capelli-professionale-ecologica-soffice-dikson-no-gas-350ml-fissaggio-forte-parrucchieri-1-792x1024.jpeg 792w, https:\/\/passioneprofessionale.it\/blog\/wp-content\/uploads\/2022\/08\/lacca-per-capelli-professionale-ecologica-soffice-dikson-no-gas-350ml-fissaggio-forte-parrucchieri-1-232x300.jpeg 232w, https:\/\/passioneprofessionale.it\/blog\/wp-content\/uploads\/2022\/08\/lacca-per-capelli-professionale-ecologica-soffice-dikson-no-gas-350ml-fissaggio-forte-parrucchieri-1-768x993.jpeg 768w, https:\/\/passioneprofessionale.it\/blog\/wp-content\/uploads\/2022\/08\/lacca-per-capelli-professionale-ecologica-soffice-dikson-no-gas-350ml-fissaggio-forte-parrucchieri-1.jpeg 1100w\" sizes=\"(max-width: 792px) 100vw, 792px\" \/><\/figure><div class=\"wp-block-media-text__content\">\n<p><a href=\"https:\/\/passioneprofessionale.it\/lacca-per-capelli-professionale-ecologica-soffice-dikson-no-gas-350ml-fissaggio-forte-parrucchieri\">Lacca per capelli professionale ecologica soffice Dikson no gas<\/a>: lacca forte professionale senza gas molto efficace, che fissa il capello in maniera efficiente ma senza appesantirlo.<\/p>\n<\/div><\/div>\n\n\n\n<div class=\"wp-block-media-text alignwide has-media-on-the-right is-stacked-on-mobile\"><figure class=\"wp-block-media-text__media\"><img decoding=\"async\" width=\"792\" height=\"1024\" src=\"https:\/\/passioneprofessionale.it\/blog\/wp-content\/uploads\/2022\/08\/be-hair-the-style-mood-lock-lacca-eco-no-gas-extra-forte-300-ml-792x1024.jpeg\" alt=\"\" class=\"wp-image-635 size-full\" srcset=\"https:\/\/passioneprofessionale.it\/blog\/wp-content\/uploads\/2022\/08\/be-hair-the-style-mood-lock-lacca-eco-no-gas-extra-forte-300-ml-792x1024.jpeg 792w, https:\/\/passioneprofessionale.it\/blog\/wp-content\/uploads\/2022\/08\/be-hair-the-style-mood-lock-lacca-eco-no-gas-extra-forte-300-ml-232x300.jpeg 232w, https:\/\/passioneprofessionale.it\/blog\/wp-content\/uploads\/2022\/08\/be-hair-the-style-mood-lock-lacca-eco-no-gas-extra-forte-300-ml-768x993.jpeg 768w, https:\/\/passioneprofessionale.it\/blog\/wp-content\/uploads\/2022\/08\/be-hair-the-style-mood-lock-lacca-eco-no-gas-extra-forte-300-ml.jpeg 1100w\" sizes=\"(max-width: 792px) 100vw, 792px\" \/><\/figure><div class=\"wp-block-media-text__content\">\n<p><a href=\"https:\/\/passioneprofessionale.it\/be-hair-the-style-mood-lock-lacca-eco-no-gas-extra-forte-300-ml\">Be Hair The style- Mood Lock lacca eco no gas extra forte<\/a>: anche in questo caso il fissaggio \u00e8 estremo ma i capelli non sono appesantiti. Risultano invece voluminosi e definiti. L\u2019asciugatura e rapida e va via con un colpo di spazzola.<\/p>\n<\/div><\/div>\n\n\n\n<div class=\"wp-block-media-text alignwide is-stacked-on-mobile\"><figure class=\"wp-block-media-text__media\"><img decoding=\"async\" width=\"792\" height=\"1024\" src=\"https:\/\/passioneprofessionale.it\/blog\/wp-content\/uploads\/2022\/08\/ristructa-lacca-eco-direzionale-ecologica-no-gas-400-ml-professionale-792x1024.jpeg\" alt=\"\" class=\"wp-image-628 size-full\" srcset=\"https:\/\/passioneprofessionale.it\/blog\/wp-content\/uploads\/2022\/08\/ristructa-lacca-eco-direzionale-ecologica-no-gas-400-ml-professionale-792x1024.jpeg 792w, https:\/\/passioneprofessionale.it\/blog\/wp-content\/uploads\/2022\/08\/ristructa-lacca-eco-direzionale-ecologica-no-gas-400-ml-professionale-232x300.jpeg 232w, https:\/\/passioneprofessionale.it\/blog\/wp-content\/uploads\/2022\/08\/ristructa-lacca-eco-direzionale-ecologica-no-gas-400-ml-professionale-768x993.jpeg 768w, https:\/\/passioneprofessionale.it\/blog\/wp-content\/uploads\/2022\/08\/ristructa-lacca-eco-direzionale-ecologica-no-gas-400-ml-professionale.jpeg 1100w\" sizes=\"(max-width: 792px) 100vw, 792px\" \/><\/figure><div class=\"wp-block-media-text__content\">\n<p><a href=\"https:\/\/passioneprofessionale.it\/ristructa-lacca-eco-direzionale-ecologica-no-gas-400-ml-professionale\">Ristructa lacca eco direzionale ecologica no gas<\/a>: la sua formulazione rispetta il naturale equilibrio del capello e ne risalta la lucentezza senza appesantire e a tenuta prolungata.<\/p>\n<\/div><\/div>\n","protected":false},"excerpt":{"rendered":"<p>La lacca per capelli \u00e8 da sempre un\u2019alleata importantissima per la bellezza e lo stile dei capelli. Fin dalla sua invenzione negli anni 40 il suo utilizzo \u00e8 stato davvero massiccio sia nei saloni di parrucchieri (e anche barbieri) sia nelle abitazioni private. Capelli ribelli, i fastidiosi baby hair che sbucano qui e l\u00ec ad [&hellip;]<\/p>\n","protected":false},"author":1,"featured_media":637,"comment_status":"open","ping_status":"closed","sticky":false,"template":"","format":"standard","meta":{"footnotes":""},"categories":[7],"tags":[],"class_list":["post-631","post","type-post","status-publish","format-standard","has-post-thumbnail","hentry","category-parrucchieri"],"_links":{"self":[{"href":"https:\/\/passioneprofessionale.it\/blog\/wp-json\/wp\/v2\/posts\/631","targetHints":{"allow":["GET"]}}],"collection":[{"href":"https:\/\/passioneprofessionale.it\/blog\/wp-json\/wp\/v2\/posts"}],"about":[{"href":"https:\/\/passioneprofessionale.it\/blog\/wp-json\/wp\/v2\/types\/post"}],"author":[{"embeddable":true,"href":"https:\/\/passioneprofessionale.it\/blog\/wp-json\/wp\/v2\/users\/1"}],"replies":[{"embeddable":true,"href":"https:\/\/passioneprofessionale.it\/blog\/wp-json\/wp\/v2\/comments?post=631"}],"version-history":[{"count":2,"href":"https:\/\/passioneprofessionale.it\/blog\/wp-json\/wp\/v2\/posts\/631\/revisions"}],"predecessor-version":[{"id":636,"href":"https:\/\/passioneprofessionale.it\/blog\/wp-json\/wp\/v2\/posts\/631\/revisions\/636"}],"wp:featuredmedia":[{"embeddable":true,"href":"https:\/\/passioneprofessionale.it\/blog\/wp-json\/wp\/v2\/media\/637"}],"wp:attachment":[{"href":"https:\/\/passioneprofessionale.it\/blog\/wp-json\/wp\/v2\/media?parent=631"}],"wp:term":[{"taxonomy":"category","embeddable":true,"href":"https:\/\/passioneprofessionale.it\/blog\/wp-json\/wp\/v2\/categories?post=631"},{"taxonomy":"post_tag","embeddable":true,"href":"https:\/\/passioneprofessionale.it\/blog\/wp-json\/wp\/v2\/tags?post=631"}],"curies":[{"name":"wp","href":"https:\/\/api.w.org\/{rel}","templated":true}]}}