{"id":638,"date":"2022-09-22T16:08:00","date_gmt":"2022-09-22T14:08:00","guid":{"rendered":"https:\/\/passioneprofessionale.it\/blog\/?p=638"},"modified":"2022-08-12T16:11:58","modified_gmt":"2022-08-12T14:11:58","slug":"lacca-colorata-capelli-bianchi","status":"publish","type":"post","link":"https:\/\/passioneprofessionale.it\/blog\/lacca-colorata-capelli-bianchi\/","title":{"rendered":"Lacca colorata per capelli bianchi: ecco quale scegliere"},"content":{"rendered":"\n<p>La cura del proprio aspetto fisico \u00e8 un argomento che sta a cuore a tutti, uomini e donne, e una buona parte della cura del proprio corpo \u00e8 relativa proprio nei capelli. Avere capelli ordinati e belli \u00e8 infatti un vero e proprio biglietto da visita che contribuisce ad avere un aspetto presentabile e una bella presenza. Per quanto si voglia affermare il contrario, l\u2019apparenza conta eccome e dunque \u00e8 importante avere un aspetto curato soprattutto in determinate situazioni.<\/p>\n\n\n\n<p>Per molte persone, l\u2019arrivo dei capelli bianchi \u00e8 un momento quasi tragico, che segna il passare del tempo con evidenza e che inficia il proprio aspetto fisico, dando un\u2019aria trascurata e invecchiata. C\u2019\u00e8 chi anche in realt\u00e0 li trova molto affascinanti e vuole mostrarli e valorizzarli, ma se non fate parte di questo gruppo di persone allora di certo starete cercando un modo per nasconderli.<\/p>\n\n\n\n<p>Sul nostro e-commerce <strong>Passione Professionale<\/strong> \u00e8 possibile trovare numerose <a href=\"https:\/\/passioneprofessionale.it\/forniture-parrucchieri\">forniture per parrucchieri<\/a>, tra le quali sono presenti anche numerose soluzioni per coprire i capelli bianchi. Oltre alle normali tinture ci sono infatti altri metodi meno aggressivi, come ad esempio la <strong>lacca colorata per capelli bianchi<\/strong>.<\/p>\n\n\n\n<p>Le normali tinture infatti, per quanto naturali possano essere, sono comunque dei trattamenti che non possono essere fatti troppo spesso, in quanto potrebbero sfibrare e rovinare il capello. Ecco che allora la lacca colorata per capelli bianchi diventa un\u2019alleata preziosissima.<\/p>\n\n\n\n<div style=\"height:50px\" aria-hidden=\"true\" class=\"wp-block-spacer\"><\/div>\n\n\n\n<h3 class=\"has-text-align-center wp-block-heading\"><a href=\"https:\/\/passioneprofessionale.it\/blog\/lacca-colorata-recensioni-opinioni-sui-migliori-prodotti\/\">Lacca colorata recensioni:<br>opinioni sui migliori prodotti<\/a><\/h3>\n\n\n\n<div style=\"height:50px\" aria-hidden=\"true\" class=\"wp-block-spacer\"><\/div>\n\n\n\n<h2 class=\"wp-block-heading\"><strong>Lacca colorata per capelli bianchi: cos\u2019\u00e8 e a cosa serve<\/strong><\/h2>\n\n\n\n<p>Se ci si trova in una <strong>situazione di emergenza<\/strong>, ovvero un evento o un\u2019uscita importante improvvisa e si ha una visibile ricrescita di capelli bianchi, fare al volo una tintura \u00e8 praticamente impossibile. Soprattutto poi se l\u2019ultima tintura \u00e8 stata fatta poco tempo prima sarebbe meglio evitare di rifarla a stretto giro per non rischiare di danneggiare i capelli.<\/p>\n\n\n\n<p>Ecco allora che entra in gioco la lacca colorata per capelli bianchi. Questa rappresenta una soluzione rapida, efficace e transitoria. Questo tipo di lacca \u00e8 stata inserita sul mercato da poco ma ha subito riscontrato un grosso successo per la comodit\u00e0 e la semplicit\u00e0 di utilizzo.&nbsp;<\/p>\n\n\n\n<p>All\u2019interno dei flaconi spray della lacca colorata per capelli bianchi sono contenute delle <strong>polveri colorate <\/strong>che, spruzzate sulle radici, vanno a coprire temporaneamente la ricrescita e permettono di risolvere il problema in fretta.<\/p>\n\n\n\n<p>Questi prodotti vanno via facilmente con il successivo lavaggio, permettendo quindi di procedere con la vera e propria tintura senza andare a interferire con essa e senza nessun effetto collaterale.<\/p>\n\n\n\n<h2 class=\"wp-block-heading\"><strong>Lacca colorata per capelli: quale scegliere<\/strong><\/h2>\n\n\n\n<p>Intorno alla lacca colorata per capelli e alla lacca in generale ci sono numerosi pregiudizi e pensieri negativi, che sono in realt\u00e0 legati alle vecchie formulazioni di questi prodotti che effettivamente non erano molto salutari. Ma adesso le cose sono cambiate ed \u00e8 bene essere informati a riguardo. Ecco quindi come scegliere la migliore lacca colorata per capelli colorati:<\/p>\n\n\n\n<ul class=\"wp-block-list\"><li><strong>La formulazione<\/strong>. La formulazione di una lacca colorata \u00e8 importantissima. Ormai questi prodotti vengono, per la maggior parte, realizzati in maniera ecologica e dunque non sono pi\u00f9 dannosi come un tempo. Non contengono quindi gas nocivi n\u00e9 per i capelli n\u00e9 per l\u2019ambiente, non hanno componenti cancerogeni, i pigmenti sono naturali e non hanno effetti collaterali dannosi n\u00e9 per i capelli, n\u00e9 per la cute n\u00e9 tantomeno per le mucose di occhi e naso. \u00c8 quindi importante scegliere la lacca ecologica e stare molto attenti alla formulazione.<\/li><li><strong>Il marchio<\/strong>. I marchi dei prodotti a cui affidiamo la nostra bellezza sono importanti, in quanto devono essere affidabili e sicuri e, possibilmente, anche ad un prezzo ragionevole e non troppo proibitivo. Su <strong>Passione Professionale <\/strong>\u00e8 possibile trovare i migliori marchi di lacca colorata per capelli bianchi, nonch\u00e9 moltissimi altri prodotti di qualit\u00e0 per parrucchieri, ma anche per barbieri e <a href=\"https:\/\/passioneprofessionale.it\/forniture-estetiste\">forniture per estetiste<\/a> a prezzi convenienti.<\/li><li><strong>Il colore giusto<\/strong>. \u00c8 chiaro che una lacca colorata per capelli bianchi deve essere del colore giusto per funzionare al meglio. Troppo chiara o troppo scura causerebbe un contrasto troppo evidente con il colore di capelli sottostante e porterebbe ad un effetto ben peggiore della ricrescita stessa. Trovare il colore perfetto per la propria tinta di capelli potrebbe essere difficile all\u2019inizio, ma una volta trovata il gioco \u00e8 fatto e non la si lascia pi\u00f9.<\/li><\/ul>\n","protected":false},"excerpt":{"rendered":"<p>La cura del proprio aspetto fisico \u00e8 un argomento che sta a cuore a tutti, uomini e donne, e una buona parte della cura del proprio corpo \u00e8 relativa proprio nei capelli. Avere capelli ordinati e belli \u00e8 infatti un vero e proprio biglietto da visita che contribuisce ad avere un aspetto presentabile e una [&hellip;]<\/p>\n","protected":false},"author":1,"featured_media":642,"comment_status":"open","ping_status":"closed","sticky":false,"template":"","format":"standard","meta":{"footnotes":""},"categories":[7],"tags":[],"class_list":["post-638","post","type-post","status-publish","format-standard","has-post-thumbnail","hentry","category-parrucchieri"],"_links":{"self":[{"href":"https:\/\/passioneprofessionale.it\/blog\/wp-json\/wp\/v2\/posts\/638","targetHints":{"allow":["GET"]}}],"collection":[{"href":"https:\/\/passioneprofessionale.it\/blog\/wp-json\/wp\/v2\/posts"}],"about":[{"href":"https:\/\/passioneprofessionale.it\/blog\/wp-json\/wp\/v2\/types\/post"}],"author":[{"embeddable":true,"href":"https:\/\/passioneprofessionale.it\/blog\/wp-json\/wp\/v2\/users\/1"}],"replies":[{"embeddable":true,"href":"https:\/\/passioneprofessionale.it\/blog\/wp-json\/wp\/v2\/comments?post=638"}],"version-history":[{"count":2,"href":"https:\/\/passioneprofessionale.it\/blog\/wp-json\/wp\/v2\/posts\/638\/revisions"}],"predecessor-version":[{"id":641,"href":"https:\/\/passioneprofessionale.it\/blog\/wp-json\/wp\/v2\/posts\/638\/revisions\/641"}],"wp:featuredmedia":[{"embeddable":true,"href":"https:\/\/passioneprofessionale.it\/blog\/wp-json\/wp\/v2\/media\/642"}],"wp:attachment":[{"href":"https:\/\/passioneprofessionale.it\/blog\/wp-json\/wp\/v2\/media?parent=638"}],"wp:term":[{"taxonomy":"category","embeddable":true,"href":"https:\/\/passioneprofessionale.it\/blog\/wp-json\/wp\/v2\/categories?post=638"},{"taxonomy":"post_tag","embeddable":true,"href":"https:\/\/passioneprofessionale.it\/blog\/wp-json\/wp\/v2\/tags?post=638"}],"curies":[{"name":"wp","href":"https:\/\/api.w.org\/{rel}","templated":true}]}}