{"id":67,"date":"2021-06-24T17:57:34","date_gmt":"2021-06-24T17:57:34","guid":{"rendered":"https:\/\/blog.passioneprofessionale.it\/?p=67"},"modified":"2021-06-24T17:57:36","modified_gmt":"2021-06-24T17:57:36","slug":"macchinetta-capelli-professionale-wahl","status":"publish","type":"post","link":"https:\/\/passioneprofessionale.it\/blog\/macchinetta-capelli-professionale-wahl\/","title":{"rendered":"Macchinetta per capelli professionale Wahl: perch\u00e9 sceglierle?"},"content":{"rendered":"\n<p><em>La macchinetta per capelli professionale Wahl \u00e8 un prodotto ottimo, indispensabile nel tuo salone, scopriamo perch\u00e9.<\/em><\/p>\n\n\n\n<p>Se sei un parrucchiere o un barbiere professionista, saprai benissimo che <strong>le macchinette tagliacapelli (dette tosatrici) sono uno degli strumenti pi\u00f9 importanti nel tuo salone<\/strong>, attraverso queste sarai in grado o meno di effettuare tagli, rasature e sfumature precise e ottimali, facendo felici in primis i tuoi clienti.<\/p>\n\n\n\n<p>Se come noi di <em>PassioneProfessionale<\/em>, che amiamo questo lavoro e siamo nel settore delle <a href=\"https:\/\/passioneprofessionale.it\/forniture-parrucchieri\">forniture per parrucchieri<\/a> da tanti anni, vuoi mantenere sempre standard elevati, probabilmente gi\u00e0 conoscerai <strong>la macchinetta per capelli professionale Wahl<\/strong>, perch\u00e9 parliamo di un marchio di ottima qualit\u00e0, che negli anni si \u00e8 contraddistinto in tutto il mondo.<\/p>\n\n\n\n<p>Esistono <strong>diversi modelli di tosatrici professionali Wahl<\/strong>, ognuna con le sue caratteristiche e perfetta per i diversi usi come la tosatura, il contorno o la rifinitura, come vedremo nel dettaglio pi\u00f9 avanti.<\/p>\n\n\n\n<p>Nel nostro shop online <em>PassioneProfessionale<\/em>, dedicato ai professionisti come te, abbiamo fatto un grande lavoro di ricerca, selezionando esclusivamente<strong> i migliori prodotti sul mercato e i marchi in grado di rispettare standard qualitativi molto alti<\/strong>, per questo motivo troverai tanti modelli di macchinetta per capelli professionale Wahl.<\/p>\n\n\n\n<p>Ma vediamo nel dettaglio, allora, quali fattori tenere in considerazione quando si deve acquistare una tosatrice e <strong>perch\u00e9 scegliere la macchinetta per capelli professionale Wahl<\/strong>.<\/p>\n\n\n\n<h2 class=\"wp-block-heading\">Come scegliere la macchinetta per capelli professionale<\/h2>\n\n\n\n<p>Ogni professionista ha le sue esigenze e le sue preferenze quando si tratta di <strong>scegliere la macchinetta taglia capelli<\/strong>, chi la preferisce piccola, chi grande, con o senza filo e quant\u2019altro. Tuttavia, ci sono alcuni <strong>fattori che possono essere valutati<\/strong>, ecco quali:<\/p>\n\n\n\n<ul class=\"wp-block-list\"><li><strong>macchinetta a batteria o con filo<\/strong>, \u00e8 innegabile che una macchinetta senza filo sia pi\u00f9 pratica in un salone perch\u00e9 permette di muoversi agevolmente e senza intoppi. Per questo motivo \u00e8 fondamentale scegliere una macchinetta con la batteria potente e che garantisca, quindi, un buon margine di autonomia<\/li><li><strong>&nbsp;il peso della macchinetta<\/strong>, un taglia capelli deve essere soprattutto maneggevole per permettere al professionista di lavorare bene, dunque una macchinetta poco pesante aiuter\u00e0 sicuramente<\/li><li><strong>gli accessori<\/strong>, i marchi seri e professionali, oltre alla tosatrice forniscono una serie di accessori come, ad esempio, le lame, che permettono di ottenere risultati di qualit\u00e0<\/li><li><strong>il prezzo<\/strong>, ovviamente anche questa voce incide nella scelta della macchinetta da acquistare, l\u2019obiettivo \u00e8 avere il massimo della qualit\u00e0 al miglior prezzo<\/li><\/ul>\n\n\n\n<p>Questi fattori sono importanti quando si necessita di una tosatrice per il proprio salone, e proprio analizzandoli noi di <em>PassioneProfessionale<\/em> abbiamo selezionato per te la <strong>macchinetta per capelli professionale Wahl<\/strong>, vediamo allora <strong>perch\u00e9 sceglierla<\/strong>.<\/p>\n\n\n\n<h2 class=\"wp-block-heading\">Perch\u00e9 scegliere la macchinetta per capelli professionale Wahl<\/h2>\n\n\n\n<p>Il marchio Wahl festeggia 100 anni di attivit\u00e0, nato e diffusissimo in America, sono ormai diversi anni che, grazie alla qualit\u00e0 offerta, si \u00e8 affermato anche in Italia, conquistando i professionisti del settore.<\/p>\n\n\n\n<p>Innanzitutto, la <strong>macchinetta per capelli professionale Wahl<\/strong> risponde alle caratteristiche sopra elencate, quindi tra i <strong>principali punti di forza<\/strong> di questo prodotto ci sono:<\/p>\n\n\n\n<ul class=\"wp-block-list\"><li><strong>potenza della batteria<\/strong>, le macchinette Wahl senza filo sono composte da batterie agli ioni di litio, che garantiscono molta autonomia e si ricaricano in tempi brevi<\/li><li><strong>design e maneggevolezza<\/strong>, le macchinette Wahl hanno un design accattivante ma sono al tempo stesso estremamente funzionali, compatte, leggere e poco rumorose<\/li><li><strong>completezza del prodotto<\/strong>, nella confezione oltre alla macchinetta, ci sar\u00e0 tutto l\u2019occorrente per un lavoro perfetto in base alle caratteristiche di ognuna come, ad esempio, i rialzi di diverse dimensioni, il pettine, la custodia e lo spazzolino per la lama, il trasformatore, l\u2019olio, la base di ricarica e quant\u2019altro<\/li><li><strong>il prezzo<\/strong>, nonostante Wahl sia davvero un marchio top di gamma nella produzione di macchinette tagliacapelli, riesce a mantenere prezzi molto accessibili, nel nostro shop online troverai il miglior rapporto qualit\u00e0 prezzo<\/li><\/ul>\n\n\n\n<p>Dunque, per il tuo <a href=\"https:\/\/passioneprofessionale.it\/forniture-barbieri\">salone da barbiere<\/a> o parrucchiere la <strong>macchinetta per capelli professionale Wahl<\/strong> \u00e8 uno dei must have, un prodotto di alta qualit\u00e0, efficiente, durevole nel tempo, preciso e completo, che ti metter\u00e0, ne siamo certi, nelle migliori condizioni per svolgere al meglio il tuo lavoro e render\u00e0 felici anche i tuoi clienti.<\/p>\n\n\n\n<p>Tutti questi motivi ci hanno convinto ad inserire la <strong>macchinetta per capelli professionale Wahl<\/strong> all\u2019interno del nostro shop online <em>PassioneProfessionale<\/em> (ingrosso di forniture per parrucchieri, barbieri ed estetiste) perch\u00e9 \u00e8 <strong>un prodotto davvero valido<\/strong>, <strong>che garantisce standard elevati e un ottimo rapporto qualit\u00e0 prezzo<\/strong>, \u00e8 assolutamente da avere in ogni salone, ti aspettiamo.<\/p>\n","protected":false},"excerpt":{"rendered":"<p>La macchinetta per capelli professionale Wahl \u00e8 un prodotto ottimo, indispensabile nel tuo salone, scopriamo perch\u00e9. Se sei un parrucchiere o un barbiere professionista, saprai benissimo che le macchinette tagliacapelli (dette tosatrici) sono uno degli strumenti pi\u00f9 importanti nel tuo salone, attraverso queste sarai in grado o meno di effettuare tagli, rasature e sfumature precise [&hellip;]<\/p>\n","protected":false},"author":1,"featured_media":69,"comment_status":"open","ping_status":"closed","sticky":false,"template":"","format":"standard","meta":{"footnotes":""},"categories":[7],"tags":[],"class_list":["post-67","post","type-post","status-publish","format-standard","has-post-thumbnail","hentry","category-parrucchieri"],"_links":{"self":[{"href":"https:\/\/passioneprofessionale.it\/blog\/wp-json\/wp\/v2\/posts\/67","targetHints":{"allow":["GET"]}}],"collection":[{"href":"https:\/\/passioneprofessionale.it\/blog\/wp-json\/wp\/v2\/posts"}],"about":[{"href":"https:\/\/passioneprofessionale.it\/blog\/wp-json\/wp\/v2\/types\/post"}],"author":[{"embeddable":true,"href":"https:\/\/passioneprofessionale.it\/blog\/wp-json\/wp\/v2\/users\/1"}],"replies":[{"embeddable":true,"href":"https:\/\/passioneprofessionale.it\/blog\/wp-json\/wp\/v2\/comments?post=67"}],"version-history":[{"count":1,"href":"https:\/\/passioneprofessionale.it\/blog\/wp-json\/wp\/v2\/posts\/67\/revisions"}],"predecessor-version":[{"id":68,"href":"https:\/\/passioneprofessionale.it\/blog\/wp-json\/wp\/v2\/posts\/67\/revisions\/68"}],"wp:featuredmedia":[{"embeddable":true,"href":"https:\/\/passioneprofessionale.it\/blog\/wp-json\/wp\/v2\/media\/69"}],"wp:attachment":[{"href":"https:\/\/passioneprofessionale.it\/blog\/wp-json\/wp\/v2\/media?parent=67"}],"wp:term":[{"taxonomy":"category","embeddable":true,"href":"https:\/\/passioneprofessionale.it\/blog\/wp-json\/wp\/v2\/categories?post=67"},{"taxonomy":"post_tag","embeddable":true,"href":"https:\/\/passioneprofessionale.it\/blog\/wp-json\/wp\/v2\/tags?post=67"}],"curies":[{"name":"wp","href":"https:\/\/api.w.org\/{rel}","templated":true}]}}