{"id":771,"date":"2023-07-02T11:33:52","date_gmt":"2023-07-02T09:33:52","guid":{"rendered":"https:\/\/passioneprofessionale.it\/blog\/?p=771"},"modified":"2023-07-04T11:38:42","modified_gmt":"2023-07-04T09:38:42","slug":"phon-fa-cadere-capelli","status":"publish","type":"post","link":"https:\/\/passioneprofessionale.it\/blog\/phon-fa-cadere-capelli\/","title":{"rendered":"Il phon fa cadere i capelli? La verit\u00e0"},"content":{"rendered":"\n<p><em>Molte persone temono che il phon possa far cadere i capelli. Scopri la verit\u00e0 e i nostri consigli in questo articolo di Passione Professionale.<\/em><\/p>\n\n\n\n<p>L\u2019asciugacapelli \u00e8 il modo migliore per accelerare il processo di asciugatura e garantire una messa in piega che duri pi\u00f9 a lungo. Per questo motivo, molte persone utilizzano il phon quasi ogni giorno. Tuttavia, non \u00e8 raro che il suo utilizzo possa far sorgere dei dubbi in merito alla sicurezza per la salute della chioma e, soprattutto chi tende a perderne molti, potrebbe chiedersi se <strong>il phon fa cadere i capelli<\/strong>.&nbsp;<\/p>\n\n\n\n<p>La perdita dei capelli \u00e8 un problema molto comune che pu\u00f2 essere causato da diversi fattori. La cattiva alimentazione, i cambiamenti ormonali, lo stress e le infezioni rientrano in questi fattori, ma anche <strong>un utilizzo scorretto del phon pu\u00f2 far cadere i capelli<\/strong>.<\/p>\n\n\n\n<p>Inoltre, anche diversi prodotti per lo styling possono favorire questo fenomeno, perch\u00e9 contengono sostanze chimiche dannose che possono danneggiare il cuoio capelluto e infierire sulla salute dei capelli.<\/p>\n\n\n\n<p>Per questo motivo, oltre a indagare eventuali cause fisiche che possono influire sulla caduta dei capelli, \u00e8 sempre bene <strong>utilizzare prodotti e attrezzature adeguati<\/strong>.<\/p>\n\n\n\n<p>Noi di <strong>Passione Professionale<\/strong>, da anni leader nel settore delle <a href=\"https:\/\/passioneprofessionale.it\/forniture-parrucchieri\"><strong>forniture per parrucchieri<\/strong><\/a> e <a href=\"https:\/\/passioneprofessionale.it\/forniture-barbieri\"><strong>prodotti per barbieri<\/strong><\/a>, abbiamo a cuore questo tema e, proprio per questo motivo, nel nostro e-shop abbiamo scelto di offrire solo prodotti di elevata qualit\u00e0.<\/p>\n\n\n\n<p>Ma allora \u00e8 vero o no che il phon fa cadere i capelli? Scopriamolo subito.<\/p>\n\n\n\n<div style=\"height:50px\" aria-hidden=\"true\" class=\"wp-block-spacer\"><\/div>\n\n\n\n<h3 class=\"wp-block-heading has-text-align-center\"><a href=\"https:\/\/passioneprofessionale.it\/blog\/come-usare-phon-sicurezza\/\" target=\"_blank\" rel=\"noreferrer noopener\">Come usare il phon in sicurezza?<\/a><br><a href=\"https:\/\/passioneprofessionale.it\/blog\/come-usare-phon-sicurezza\/\" target=\"_blank\" rel=\"noreferrer noopener\">I consigli di Passione Professionale<\/a><\/h3>\n\n\n\n<div style=\"height:50px\" aria-hidden=\"true\" class=\"wp-block-spacer\"><\/div>\n\n\n\n<h2 class=\"wp-block-heading\"><strong>Il phon fa cadere i capelli? Attenzione a come lo usi<\/strong><\/h2>\n\n\n\n<p>Le persone pi\u00f9 inclini alla caduta dei capelli potrebbero notare una <strong>maggiore perdita di capelli durante l\u2019asciugatura con il phon<\/strong>. Questa dinamica porta spesso a chiedersi se non ci siano problemi a usare questo elettrodomestico di frequente o se il suo utilizzo potrebbe nuocere al cuoio capelluto.<\/p>\n\n\n\n<p>In generale \u00e8 bene sapere che s\u00ec, il phon pu\u00f2 far cadere i capelli se utilizzato nella maniera errata. In particolare, ecco i casi in cui puoi mettere a rischio la tua chioma utilizzando il phon.<\/p>\n\n\n\n<h3 class=\"wp-block-heading\"><strong>Utilizzo del phon a temperature elevate<\/strong><\/h3>\n\n\n\n<p>Un buon asciugacapelli pu\u00f2 soffiare aria calda ad una temperatura <strong>superiore ai 200 gradi Celsius<\/strong>. Tuttavia esporre i capelli a lungo a questa temperatura \u00e8 rischioso.<\/p>\n\n\n\n<p>Questo calore eccessivo, infatti, <strong>pu\u00f2 danneggiare i capelli e il cuoio capelluto<\/strong>, causando irritazioni e arrossamenti, la comparsa di forfora e rendendo i capelli secchi e crespi. Infatti, il calore elevato converte la \u237a-cheratina in \u03b2-cheratina e indebolisce i capelli, privandoli della loro naturale elasticit\u00e0. Tale processo \u00e8 alla base dei motivi per cui il phon fa cadere i capelli.<\/p>\n\n\n\n<div class=\"wp-block-media-text alignwide is-stacked-on-mobile\"><figure class=\"wp-block-media-text__media\"><img fetchpriority=\"high\" decoding=\"async\" width=\"792\" height=\"1024\" src=\"https:\/\/passioneprofessionale.it\/blog\/wp-content\/uploads\/2023\/07\/gammapiu-plasma-phon-asciugacapelli-792x1024.jpg\" alt=\"\" class=\"wp-image-774 size-full\" srcset=\"https:\/\/passioneprofessionale.it\/blog\/wp-content\/uploads\/2023\/07\/gammapiu-plasma-phon-asciugacapelli-792x1024.jpg 792w, https:\/\/passioneprofessionale.it\/blog\/wp-content\/uploads\/2023\/07\/gammapiu-plasma-phon-asciugacapelli-232x300.jpg 232w, https:\/\/passioneprofessionale.it\/blog\/wp-content\/uploads\/2023\/07\/gammapiu-plasma-phon-asciugacapelli-768x993.jpg 768w, https:\/\/passioneprofessionale.it\/blog\/wp-content\/uploads\/2023\/07\/gammapiu-plasma-phon-asciugacapelli.jpg 1100w\" sizes=\"(max-width: 792px) 100vw, 792px\" \/><\/figure><div class=\"wp-block-media-text__content\">\n<p>Pertanto, impostare una temperatura media durante l\u2019asciugatura con il phon non danneggia il cuoio capelluto e i capelli. Inoltre, utilizzare un phon di alta qualit\u00e0, come il nostro<a href=\"https:\/\/passioneprofessionale.it\/gammapi%C3%B9-plasma-phon-asciugacapelli\"> <strong>PHON PLASMA GAMMAPIU\u2019<\/strong><\/a> che combina ossigeno attivo e aria ionizzata, ti permette di trasformare l\u2019asciugatura in un trattamento di bellezza e benessere del capello.<\/p>\n<\/div><\/div>\n\n\n\n<h3 class=\"wp-block-heading\"><strong>Avvicinare troppo il phon ai capelli<\/strong><\/h3>\n\n\n\n<p>Quando si asciugano i capelli a distanza ravvicinata, l&#8217;elevato calore proveniente dal phon asciuga rapidamente il cuoio capelluto e secca le naturali sostanze presenti sulla cute.<\/p>\n\n\n\n<p>Pu\u00f2 anche <strong>danneggiare lo strato esterno del cuoio capelluto<\/strong>, che funge da difesa per mantenere l&#8217;umidit\u00e0 essenziale. Questo pu\u00f2 portare a molti problemi come forfora, doppie punte e fragilit\u00e0 dei capelli, peggiorando di fatto la salute dei capelli e portando alla loro caduta.<\/p>\n\n\n\n<p>Il consiglio allora \u00e8 quello di utilizzare l\u2019asciugacapelli a una <strong>distanza di 15 cm<\/strong> dalla chioma e diffondere il calore con movimenti continuo, senza soffermarsi troppo sulle singole ciocche.<\/p>\n\n\n\n<h3 class=\"wp-block-heading\"><strong>Indirizzare il phon in un punto per troppo tempo<\/strong><\/h3>\n\n\n\n<p>Indirizzare l\u2019asciugacapelli su un unico punto per troppo tempo pu\u00f2 eliminare completamente l&#8217;umidit\u00e0 dai capelli e dal cuoio capelluto. In tal modo si accumula troppo calore per i capelli con il rischio di bruciarli o di causare <strong>danni al cuoio capelluto<\/strong>.<\/p>\n\n\n\n<h3 class=\"wp-block-heading\"><strong>Non utilizzare prodotti termoprotettori per capelli<\/strong><\/h3>\n\n\n\n<p>I prodotti termoprotettivi servono a <strong>proteggere i capelli<\/strong> dalle alte temperature degli strumenti di styling come phon e arricciacapelli. Per questo motivo, il mancato utilizzo di spray termoprotettori pu\u00f2 contribuire a danneggiare i capelli.<\/p>\n\n\n\n<div class=\"wp-block-media-text alignwide has-media-on-the-right is-stacked-on-mobile\"><div class=\"wp-block-media-text__content\">\n<p>L\u2019ideale \u00e8 utilizzare un prodotto termoprotettore <strong>privo di sostanze chimiche<\/strong> come il nostro<a href=\"https:\/\/passioneprofessionale.it\/dcm-diapason-spray-termoprotettore-300-ml\"> <strong>DCM-DIAPASON SPRAY TERMOPROTETTORE<\/strong><\/a>, realizzato senza l\u2019uso di parabeni, coloranti e siliconi e arricchito con le proteine del t\u00e8 verde e della seta.<\/p>\n<\/div><figure class=\"wp-block-media-text__media\"><img decoding=\"async\" width=\"792\" height=\"1024\" src=\"https:\/\/passioneprofessionale.it\/blog\/wp-content\/uploads\/2023\/07\/dcm-diapason-spray-termoprotettore-300-ml-792x1024.jpg\" alt=\"\" class=\"wp-image-775 size-full\" srcset=\"https:\/\/passioneprofessionale.it\/blog\/wp-content\/uploads\/2023\/07\/dcm-diapason-spray-termoprotettore-300-ml-792x1024.jpg 792w, https:\/\/passioneprofessionale.it\/blog\/wp-content\/uploads\/2023\/07\/dcm-diapason-spray-termoprotettore-300-ml-232x300.jpg 232w, https:\/\/passioneprofessionale.it\/blog\/wp-content\/uploads\/2023\/07\/dcm-diapason-spray-termoprotettore-300-ml-768x993.jpg 768w, https:\/\/passioneprofessionale.it\/blog\/wp-content\/uploads\/2023\/07\/dcm-diapason-spray-termoprotettore-300-ml.jpg 1100w\" sizes=\"(max-width: 792px) 100vw, 792px\" \/><\/figure><\/div>\n\n\n\n<p>Alleati della salute dei capelli, questi prodotti possono evitare la maggior parte dei danni dovuti allo styling. \u00c8 sufficiente distribuire il prodotto in modo uniforme sui capelli per idratarli e fornirgli allo stesso tempo una protezione dal calore.<\/p>\n\n\n\n<p>Oltre a questi, sul nostro e-shop <strong>Passione Professionale<\/strong> puoi trovare tanti altri prodotti specifici, studiati e ideati per il benessere dei tuoi capelli. Lavorando nel settore delle <strong>forniture per estetiste<\/strong> e parrucchieri, la nostra missione \u00e8 offrire una vasta gamma di soluzioni per l&#8217;hair care, tutti di elevata qualit\u00e0 e dei migliori brand.<\/p>\n","protected":false},"excerpt":{"rendered":"<p>Molte persone temono che il phon possa far cadere i capelli. Scopri la verit\u00e0 e i nostri consigli in questo articolo di Passione Professionale. L\u2019asciugacapelli \u00e8 il modo migliore per accelerare il processo di asciugatura e garantire una messa in piega che duri pi\u00f9 a lungo. Per questo motivo, molte persone utilizzano il phon quasi [&hellip;]<\/p>\n","protected":false},"author":1,"featured_media":777,"comment_status":"open","ping_status":"closed","sticky":false,"template":"","format":"standard","meta":{"footnotes":""},"categories":[7],"tags":[],"class_list":["post-771","post","type-post","status-publish","format-standard","has-post-thumbnail","hentry","category-parrucchieri"],"_links":{"self":[{"href":"https:\/\/passioneprofessionale.it\/blog\/wp-json\/wp\/v2\/posts\/771","targetHints":{"allow":["GET"]}}],"collection":[{"href":"https:\/\/passioneprofessionale.it\/blog\/wp-json\/wp\/v2\/posts"}],"about":[{"href":"https:\/\/passioneprofessionale.it\/blog\/wp-json\/wp\/v2\/types\/post"}],"author":[{"embeddable":true,"href":"https:\/\/passioneprofessionale.it\/blog\/wp-json\/wp\/v2\/users\/1"}],"replies":[{"embeddable":true,"href":"https:\/\/passioneprofessionale.it\/blog\/wp-json\/wp\/v2\/comments?post=771"}],"version-history":[{"count":2,"href":"https:\/\/passioneprofessionale.it\/blog\/wp-json\/wp\/v2\/posts\/771\/revisions"}],"predecessor-version":[{"id":776,"href":"https:\/\/passioneprofessionale.it\/blog\/wp-json\/wp\/v2\/posts\/771\/revisions\/776"}],"wp:featuredmedia":[{"embeddable":true,"href":"https:\/\/passioneprofessionale.it\/blog\/wp-json\/wp\/v2\/media\/777"}],"wp:attachment":[{"href":"https:\/\/passioneprofessionale.it\/blog\/wp-json\/wp\/v2\/media?parent=771"}],"wp:term":[{"taxonomy":"category","embeddable":true,"href":"https:\/\/passioneprofessionale.it\/blog\/wp-json\/wp\/v2\/categories?post=771"},{"taxonomy":"post_tag","embeddable":true,"href":"https:\/\/passioneprofessionale.it\/blog\/wp-json\/wp\/v2\/tags?post=771"}],"curies":[{"name":"wp","href":"https:\/\/api.w.org\/{rel}","templated":true}]}}