{"id":927,"date":"2024-04-23T09:05:43","date_gmt":"2024-04-23T07:05:43","guid":{"rendered":"https:\/\/passioneprofessionale.it\/blog\/?p=927"},"modified":"2024-05-15T09:07:37","modified_gmt":"2024-05-15T07:07:37","slug":"depilazione-laser","status":"publish","type":"post","link":"https:\/\/passioneprofessionale.it\/blog\/depilazione-laser\/","title":{"rendered":"Come funziona la depilazione laser?"},"content":{"rendered":"\n<p>La <strong>depilazione laser<\/strong> \u00e8 una delle soluzioni pi\u00f9 moderne per la rimozione dei peli superflui, sia sul corpo che sul viso. Questa procedura funziona attraverso appositi dispositivi che emettono un fascio di luce e che agiscono <strong>indebolendo gradualmente i bulbi piliferi<\/strong>. L&#8217;obiettivo finale \u00e8, dunque, quello di ridurre progressivamente la densit\u00e0 e lo spessore della peluria, con un risultato che si traduce in una <strong>crescita pi\u00f9 lenta e meno visibile<\/strong> nel tempo, fino alla completa inibizione della ricrescita.<\/p>\n\n\n\n<p>Questa procedura viene eseguita sia in centri estetici specializzati che in studi medici autorizzati, con un piano di trattamento personalizzato in base all&#8217;area da trattare. Generalmente l\u2019epilazione laser richiede un certo <strong>numero di sedute<\/strong>, pianificate con una cadenza mensile o bimestrale, prima di notare risultati.<\/p>\n\n\n\n<p>A ricorrere a questa tecnica \u00e8 soprattutto chi cerca un\u2019<strong>alternativa meno dolorosa<\/strong> alla tradizionale <strong>ceretta<\/strong>, oppure da chi \u00e8 stanco di depilarsi utilizzando <strong>rasoi e lamette <\/strong>che tendono a seccare la pelle e irritarla, soprattutto quando effettuata sulle zone pi\u00f9 delicate come viso, inguine e ascelle.&nbsp;&nbsp;<\/p>\n\n\n\n<p>Inoltre, l&#8217;epilazione laser \u00e8 sempre pi\u00f9 scelta anche da chi soffre di <strong>peli incarniti<\/strong> o <strong>follicoliti<\/strong>, spesso legati alla depilazione tradizionale.<\/p>\n\n\n\n<p>Tuttavia, l\u2019epilazione laser <strong>non sempre \u00e8 la soluzione pi\u00f9 adatta<\/strong> per rimuovere i peli superflui, in quanto non \u00e8 priva di controindicazioni. Lo sappiamo bene noi di <strong>Passione Professionale<\/strong>, che da molti anni ci occupiamo di <a href=\"https:\/\/passioneprofessionale.it\/forniture-estetiste\">forniture per estetiste<\/a>, garantendo sempre il massimo della qualit\u00e0 tra i prodotti che scegliamo di offrire, compresi quelli per la depilazione.<\/p>\n\n\n\n<p>Vediamo, dunque, nel dettaglio come funziona l\u2019epilazione laser e quali sono le sue controindicazioni.<\/p>\n\n\n<style>.elementor-58 .elementor-element.elementor-element-f330585:not(.elementor-motion-effects-element-type-background), .elementor-58 .elementor-element.elementor-element-f330585 > .elementor-motion-effects-container > .elementor-motion-effects-layer{background-image:url(\"https:\/\/passioneprofessionale.it\/blog\/wp-content\/uploads\/2021\/06\/beauty-service-shop-pro.jpg\");background-position:center center;background-size:cover;}.elementor-58 .elementor-element.elementor-element-f330585 > .elementor-background-overlay{background-color:#000000;opacity:0.5;mix-blend-mode:multiply;transition:background 0.3s, border-radius 0.3s, opacity 0.3s;}.elementor-58 .elementor-element.elementor-element-f330585{border-style:solid;border-width:5px 5px 5px 5px;border-color:var( --e-global-color-primary );transition:background 0.3s, border 0.3s, border-radius 0.3s, box-shadow 0.3s;margin-top:50px;margin-bottom:50px;}.elementor-58 .elementor-element.elementor-element-f330585, .elementor-58 .elementor-element.elementor-element-f330585 > .elementor-background-overlay{border-radius:25px 25px 25px 25px;}.elementor-58 .elementor-element.elementor-element-9c8a140{--spacer-size:50px;}.elementor-widget-text-editor{font-family:var( --e-global-typography-text-font-family ), Sans-serif;font-weight:var( --e-global-typography-text-font-weight );color:var( --e-global-color-text );}.elementor-widget-text-editor.elementor-drop-cap-view-stacked .elementor-drop-cap{background-color:var( --e-global-color-primary );}.elementor-widget-text-editor.elementor-drop-cap-view-framed .elementor-drop-cap, .elementor-widget-text-editor.elementor-drop-cap-view-default .elementor-drop-cap{color:var( --e-global-color-primary );border-color:var( --e-global-color-primary );}.elementor-58 .elementor-element.elementor-element-2abb24b{text-align:center;color:#FFFFFF;}.elementor-widget-button .elementor-button{font-family:var( --e-global-typography-accent-font-family ), Sans-serif;font-weight:var( --e-global-typography-accent-font-weight );background-color:var( --e-global-color-accent );}.elementor-58 .elementor-element.elementor-element-413434d{--spacer-size:50px;}@media(max-width:1024px){.elementor-58 .elementor-element.elementor-element-f330585{margin-top:25px;margin-bottom:25px;}}<\/style>\t\t<div data-elementor-type=\"section\" data-elementor-id=\"58\" class=\"elementor elementor-58\" data-elementor-post-type=\"elementor_library\">\n\t\t\t\t\t<section class=\"elementor-section elementor-top-section elementor-element elementor-element-f330585 elementor-section-boxed elementor-section-height-default elementor-section-height-default\" data-id=\"f330585\" data-element_type=\"section\" data-e-type=\"section\" data-settings=\"{&quot;background_background&quot;:&quot;classic&quot;}\">\n\t\t\t\t\t\t\t<div class=\"elementor-background-overlay\"><\/div>\n\t\t\t\t\t\t\t<div class=\"elementor-container elementor-column-gap-default\">\n\t\t\t\t\t<div class=\"elementor-column elementor-col-100 elementor-top-column elementor-element elementor-element-6b60505\" data-id=\"6b60505\" data-element_type=\"column\" data-e-type=\"column\">\n\t\t\t<div class=\"elementor-widget-wrap elementor-element-populated\">\n\t\t\t\t\t\t<div class=\"elementor-element elementor-element-9c8a140 elementor-widget elementor-widget-spacer\" data-id=\"9c8a140\" data-element_type=\"widget\" data-e-type=\"widget\" data-widget_type=\"spacer.default\">\n\t\t\t\t<div class=\"elementor-widget-container\">\n\t\t\t\t\t\t\t<div class=\"elementor-spacer\">\n\t\t\t<div class=\"elementor-spacer-inner\"><\/div>\n\t\t<\/div>\n\t\t\t\t\t\t<\/div>\n\t\t\t\t<\/div>\n\t\t\t\t<div class=\"elementor-element elementor-element-2abb24b elementor-widget elementor-widget-text-editor\" data-id=\"2abb24b\" data-element_type=\"widget\" data-e-type=\"widget\" data-widget_type=\"text-editor.default\">\n\t\t\t\t<div class=\"elementor-widget-container\">\n\t\t\t\t\t\t\t\t\t<h3>Richiedi l&#8217;accesso a<\/h3><h2>Passione Professionale PRO<\/h2><p>Scopri il listino riservato ai professionisti\u00a0<\/p>\t\t\t\t\t\t\t\t<\/div>\n\t\t\t\t<\/div>\n\t\t\t\t<div class=\"elementor-element elementor-element-b2992aa elementor-align-center elementor-widget elementor-widget-button\" data-id=\"b2992aa\" data-element_type=\"widget\" data-e-type=\"widget\" data-widget_type=\"button.default\">\n\t\t\t\t<div class=\"elementor-widget-container\">\n\t\t\t\t\t\t\t\t\t<div class=\"elementor-button-wrapper\">\n\t\t\t\t\t<a class=\"elementor-button elementor-button-link elementor-size-sm\" href=\"https:\/\/passioneprofessionale.it\/pro\/\">\n\t\t\t\t\t\t<span class=\"elementor-button-content-wrapper\">\n\t\t\t\t\t\t\t\t\t<span class=\"elementor-button-text\">DIVENTA PRO<\/span>\n\t\t\t\t\t<\/span>\n\t\t\t\t\t<\/a>\n\t\t\t\t<\/div>\n\t\t\t\t\t\t\t\t<\/div>\n\t\t\t\t<\/div>\n\t\t\t\t<div class=\"elementor-element elementor-element-413434d elementor-widget elementor-widget-spacer\" data-id=\"413434d\" data-element_type=\"widget\" data-e-type=\"widget\" data-widget_type=\"spacer.default\">\n\t\t\t\t<div class=\"elementor-widget-container\">\n\t\t\t\t\t\t\t<div class=\"elementor-spacer\">\n\t\t\t<div class=\"elementor-spacer-inner\"><\/div>\n\t\t<\/div>\n\t\t\t\t\t\t<\/div>\n\t\t\t\t<\/div>\n\t\t\t\t\t<\/div>\n\t\t<\/div>\n\t\t\t\t\t<\/div>\n\t\t<\/section>\n\t\t\t\t<\/div>\n\t\t\n\n\n<h2 class=\"wp-block-heading\">Epilazione laser: come funziona?<\/h2>\n\n\n\n<p>L\u2019epilazione laser, a differenza della ceretta, non consiste nell&#8217;estrazione fisica del pelo, ma piuttosto nella <strong>distruzione del bulbo<\/strong> e delle sue cellule rigenerative tramite un laser che converte l\u2019energia luminosa in calore. Il laser agisce bersagliando specificamente la <strong>melanina <\/strong>presente sui peli scuri.<\/p>\n\n\n\n<p>Tramite questo processo i peli vengono surriscaldati e indeboliti. Se condotta in modo accurato, l&#8217;epidermide intorno al follicolo rimane intatta.<\/p>\n\n\n\n<p>Ci\u00f2 che accade dopo una serie di trattamenti di epilazione laser \u00e8 una <strong>diminuzione nella quantit\u00e0 e nel diametro dei peli<\/strong>, insieme a una ricrescita pi\u00f9 lenta, se non addirittura assente grazie, appunto, alla distruzione del bulbo pilifero.<\/p>\n\n\n\n<p>La procedura \u00e8 piuttosto sicura per varie aree del corpo, ma richiede <strong>pi\u00f9 sessioni,<\/strong> piuttosto costose rispetto alla ceretta, per ottenere risultati efficaci e duraturi. \u00c8, inoltre, necessario che durante il trattamento, sia l\u2019estetista che il cliente, indossino<strong> occhiali protettivi <\/strong>per ridurre il rischio di danni agli occhi.<\/p>\n\n\n\n<h2 class=\"wp-block-heading\">Epilazione laser: tutte le controindicazioni<\/h2>\n\n\n\n<p>L\u2019epilazione laser, per quanto sia una procedura sicura, non \u00e8 esente da <strong>controindicazioni<\/strong>. In particolare, non va effettuata dopo una <strong>recente ceretta <\/strong>o dopo aver eliminato i <strong>peli con la pinzetta<\/strong>. Questo \u00e8 essenziale per garantire che i follicoli piliferi siano presenti e pronti per il trattamento laser.<\/p>\n\n\n\n<p>Inoltre, \u00e8 necessario non utilizzare <strong>creme o trucchi<\/strong> nella zona che deve essere interessata dall\u2019epilazione, in quanto questi prodotti potrebbero interagire con il laser e causare irritazioni o reazioni indesiderate sulla pelle.<\/p>\n\n\n\n<p>Importante \u00e8 anche <strong>evitare l\u2019assunzione di farmaci fotosensibilizzanti<\/strong> prima del trattamento, perch\u00e9 questi vanno ad aumentare la sensibilit\u00e0 della pelle alla luce del laser e possono rendere il trattamento pi\u00f9 doloroso, meno efficace o causare danni cutanei. Per lo stesso motivo, \u00e8 necessario <strong>evitare l\u2019esposizione al sole <\/strong>nei giorni o nelle settimane che precedono e succedono l\u2019epilazione laser.<\/p>\n\n\n\n<p>Ci sono, inoltre, alcune categorie di persone sulle quali l\u2019epilazione laser \u00e8 sconsigliata. \u00c8 il caso di coloro che presentano un <strong>basso contrasto tra il colore dei peli e quello della pelle<\/strong> in quanto \u00e8 possibile che ci siano alcuni effetti collaterali, come la depigmentazione della pelle.<\/p>\n\n\n\n<p>L\u2019epilazione laser \u00e8 sconsigliata anche nelle persone che stanno seguendo <strong>terapie<\/strong> che comprendono l&#8217;uso di <strong>farmaci cortisonici<\/strong>, <strong>antibiotici<\/strong>, <strong>trattamenti ormonali<\/strong>, poich\u00e9 potrebbero sviluppare macchie cutanee.<\/p>\n\n\n\n<p>Infine, \u00e8 sempre consigliabile prestare particolare attenzione in caso di problemi di <strong>eccessiva crescita dei peli<\/strong>, <strong>ipertricosi<\/strong> causata da disfunzioni ormonali, presenza di <strong>nei<\/strong> nell\u2019area da trattare o durante la <strong>gravidanza<\/strong> poich\u00e9, in questi casi, il trattamento potrebbe rivelarsi inefficiente o rischioso.<\/p>\n\n\n\n<p>Un\u2019alternativa all\u2019epilazione laser, soprattutto per le pelli pi\u00f9 delicate e sensibili, che reagiscono alla ceretta arrossandosi ed irritandosi, sono le <strong>cere <\/strong>e i <strong>prodotti dopo cera <\/strong>pensati proprio per le pelli sensibili. \u00c8 il caso, ad esempio, della<a href=\"https:\/\/passioneprofessionale.it\/holiday-cera-liposolubile-con-malva-calendula-400-ml\"> CERA LIPOSOLUBILE CON MALVA &amp; CALENDULA<\/a>, dall\u2019effetto <strong>super delicato<\/strong> che consente uno <strong>strappo non traumatico <\/strong>per la pelle, e il nostro<a href=\"https:\/\/passioneprofessionale.it\/xanitalia-pro-olio-dopocera-calendula-500-ml\"> PRO OLIO DOPOCERA ALLA CALENDULA XANITALIA<\/a>, a base di <strong>oli detergenti delicati <\/strong>e dalla texture <strong>leggera <\/strong>e <strong>setosa<\/strong>.<\/p>\n\n\n\n<p>Questi sono solo due dei tantissimi prodotti per ceretta delicati disponibili sullo shop online di <strong>Passione Professionale<\/strong>. Sul nostro e-shop infatti, oltre a una vasta disponibilit\u00e0 di <a href=\"https:\/\/passioneprofessionale.it\/forniture-barbieri\">forniture per barbieri<\/a>, parrucchieri e centri estetici, \u00e8 possibile trovare tutti i migliori prodotti per la depilazione dei migliori marchi operanti nel settore estetico.<\/p>\n\n\n\n<p>Abbiamo scelto di offrire solo il meglio ai nostri clienti e solo merce di qualit\u00e0 che rendano la depilazione tradizionale non traumatica e ne minimizzino gli effetti indesiderati legati.&nbsp;&nbsp;<\/p>\n","protected":false},"excerpt":{"rendered":"<p>La depilazione laser \u00e8 una delle soluzioni pi\u00f9 moderne per la rimozione dei peli superflui, sia sul corpo che sul viso. Questa procedura funziona attraverso appositi dispositivi che emettono un fascio di luce e che agiscono indebolendo gradualmente i bulbi piliferi. L&#8217;obiettivo finale \u00e8, dunque, quello di ridurre progressivamente la densit\u00e0 e lo spessore della [&hellip;]<\/p>\n","protected":false},"author":1,"featured_media":928,"comment_status":"open","ping_status":"closed","sticky":false,"template":"","format":"standard","meta":{"footnotes":""},"categories":[19],"tags":[],"class_list":["post-927","post","type-post","status-publish","format-standard","has-post-thumbnail","hentry","category-estetisti"],"_links":{"self":[{"href":"https:\/\/passioneprofessionale.it\/blog\/wp-json\/wp\/v2\/posts\/927","targetHints":{"allow":["GET"]}}],"collection":[{"href":"https:\/\/passioneprofessionale.it\/blog\/wp-json\/wp\/v2\/posts"}],"about":[{"href":"https:\/\/passioneprofessionale.it\/blog\/wp-json\/wp\/v2\/types\/post"}],"author":[{"embeddable":true,"href":"https:\/\/passioneprofessionale.it\/blog\/wp-json\/wp\/v2\/users\/1"}],"replies":[{"embeddable":true,"href":"https:\/\/passioneprofessionale.it\/blog\/wp-json\/wp\/v2\/comments?post=927"}],"version-history":[{"count":1,"href":"https:\/\/passioneprofessionale.it\/blog\/wp-json\/wp\/v2\/posts\/927\/revisions"}],"predecessor-version":[{"id":929,"href":"https:\/\/passioneprofessionale.it\/blog\/wp-json\/wp\/v2\/posts\/927\/revisions\/929"}],"wp:featuredmedia":[{"embeddable":true,"href":"https:\/\/passioneprofessionale.it\/blog\/wp-json\/wp\/v2\/media\/928"}],"wp:attachment":[{"href":"https:\/\/passioneprofessionale.it\/blog\/wp-json\/wp\/v2\/media?parent=927"}],"wp:term":[{"taxonomy":"category","embeddable":true,"href":"https:\/\/passioneprofessionale.it\/blog\/wp-json\/wp\/v2\/categories?post=927"},{"taxonomy":"post_tag","embeddable":true,"href":"https:\/\/passioneprofessionale.it\/blog\/wp-json\/wp\/v2\/tags?post=927"}],"curies":[{"name":"wp","href":"https:\/\/api.w.org\/{rel}","templated":true}]}}